{"id":540500,"date":"2025-11-17T15:28:14","date_gmt":"2025-11-17T15:28:14","guid":{"rendered":"https:\/\/www.europesays.com\/fr\/540500\/"},"modified":"2025-11-17T15:28:14","modified_gmt":"2025-11-17T15:28:14","slug":"une-sexagenaire-segorge-avec-une-tronconneuse-sur-le-parking-dune-zone-commerciale","status":"publish","type":"post","link":"https:\/\/www.europesays.com\/fr\/540500\/","title":{"rendered":"une sexag\u00e9naire s\u2019\u00e9gorge avec une tron\u00e7onneuse sur le parking d\u2019une zone commerciale"},"content":{"rendered":"<p>\n    La victime \u00e9tait en proie \u00e0 de lourds troubles psychiatriques. Elle avait d\u2019ailleurs \u00abr\u00e9cemment \u00e9t\u00e9 hospitalis\u00e9e\u00bb, selon la procureure de Gap.<\/p>\n<p class=\"fig-paragraph\">Une mort d\u2019une brutalit\u00e9 sans nom. Samedi apr\u00e8s-midi, les secours ont \u00e9t\u00e9 appel\u00e9s sur le parking d\u2019un magasin de la zone commerciale Tokoro, \u00e0\u00a0<a href=\"http:\/\/www.lefigaro.fr\/faits-divers\/gap-un-enseignant-place-en-garde-a-vue-pour-des-faits-de-violences-sexuelles-sur-mineurs-20250909\" data-fig-type=\"NewsFlash\" data-gtm-custom-categorie=\"navigation\" data-gtm-custom-action=\"crossclick\" data-gtm-custom-label=\"Contextuel\" data-gtm-event=\"customEventSPE\" data-fig-domain=\"LEFIGARO\" target=\"_blank\" rel=\"noopener\">Gap\u00a0<\/a>(Haute-Alpes), apr\u00e8s qu\u2019une femme a mis fin \u00e0 ses jours. Cette derni\u00e8re, \u00e2g\u00e9e de soixante ans, s\u2019est \u00e9gorg\u00e9e au moyen d\u2019une tron\u00e7onneuse \u00e9lectrique, a-t-on appris lundi aupr\u00e8s du parquet de Gap.<\/p>\n<p class=\"fig-paragraph\">Rapidement d\u00e9p\u00each\u00e9s sur place, les sapeurs-pompiers n\u2019ont rien pu faire pour la malheureuse qui a \u00e9t\u00e9 d\u00e9clar\u00e9e morte sur place. Une enqu\u00eate a \u00e9t\u00e9 ouverte en recherche des causes de la mort indique la procureure de la R\u00e9publique, Marion Lozac\u2019hmeur. Elle vise notamment \u00ab\u00e0 comprendre les raisons de ce geste\u00bb, fait savoir la magistrate, qui pr\u00e9cise qu\u2019un examen du corps sera r\u00e9alis\u00e9 dans la semaine. Et d\u2019ajouter que \u00abla victime pr\u00e9sentait des ant\u00e9c\u00e9dents psychiatriques et avait r\u00e9cemment \u00e9t\u00e9 hospitalis\u00e9e\u00bb.<\/p>\n","protected":false},"excerpt":{"rendered":"La victime \u00e9tait en proie \u00e0 de lourds troubles psychiatriques. Elle avait d\u2019ailleurs \u00abr\u00e9cemment \u00e9t\u00e9 hospitalis\u00e9e\u00bb, selon la&hellip;\n","protected":false},"author":2,"featured_media":540501,"comment_status":"","ping_status":"","sticky":false,"template":"","format":"standard","meta":{"footnotes":""},"categories":[4],"tags":[11,1011,27,12,25,5748,809],"class_list":{"0":"post-540500","1":"post","2":"type-post","3":"status-publish","4":"format-standard","5":"has-post-thumbnail","7":"category-france","8":"tag-actualites","9":"tag-fr","10":"tag-france","11":"tag-news","12":"tag-republique-francaise","13":"tag-suicide","14":"tag-violence"},"share_on_mastodon":{"url":"https:\/\/pubeurope.com\/@fr\/115565750183011798","error":""},"_links":{"self":[{"href":"https:\/\/www.europesays.com\/fr\/wp-json\/wp\/v2\/posts\/540500","targetHints":{"allow":["GET"]}}],"collection":[{"href":"https:\/\/www.europesays.com\/fr\/wp-json\/wp\/v2\/posts"}],"about":[{"href":"https:\/\/www.europesays.com\/fr\/wp-json\/wp\/v2\/types\/post"}],"author":[{"embeddable":true,"href":"https:\/\/www.europesays.com\/fr\/wp-json\/wp\/v2\/users\/2"}],"replies":[{"embeddable":true,"href":"https:\/\/www.europesays.com\/fr\/wp-json\/wp\/v2\/comments?post=540500"}],"version-history":[{"count":0,"href":"https:\/\/www.europesays.com\/fr\/wp-json\/wp\/v2\/posts\/540500\/revisions"}],"wp:featuredmedia":[{"embeddable":true,"href":"https:\/\/www.europesays.com\/fr\/wp-json\/wp\/v2\/media\/540501"}],"wp:attachment":[{"href":"https:\/\/www.europesays.com\/fr\/wp-json\/wp\/v2\/media?parent=540500"}],"wp:term":[{"taxonomy":"category","embeddable":true,"href":"https:\/\/www.europesays.com\/fr\/wp-json\/wp\/v2\/categories?post=540500"},{"taxonomy":"post_tag","embeddable":true,"href":"https:\/\/www.europesays.com\/fr\/wp-json\/wp\/v2\/tags?post=540500"}],"curies":[{"name":"wp","href":"https:\/\/api.w.org\/{rel}","templated":true}]}}