{"id":540502,"date":"2025-11-17T15:29:14","date_gmt":"2025-11-17T15:29:14","guid":{"rendered":"https:\/\/www.europesays.com\/fr\/540502\/"},"modified":"2025-11-17T15:29:14","modified_gmt":"2025-11-17T15:29:14","slug":"le-service-pajemploi-victime-dun-vol-de-donnees-jusqua-12-million-de-personnes-touchees","status":"publish","type":"post","link":"https:\/\/www.europesays.com\/fr\/540502\/","title":{"rendered":"Le service Pajemploi victime d\u2019un vol de donn\u00e9es, jusqu\u2019\u00e0 1,2 million de personnes touch\u00e9es"},"content":{"rendered":"<p>\n    \u00abLes donn\u00e9es \u00e0 caract\u00e8re personnel potentiellement extraites sont les nom, pr\u00e9nom, date et lieu de naissance, adresse postale, num\u00e9ro de S\u00e9curit\u00e9 sociale, nom de l\u2019\u00e9tablissement bancaire, num\u00e9ro Pajemploi et num\u00e9ro d\u2019agr\u00e9ment\u00bb, indique l\u2019Urssaf, dans un communiqu\u00e9.<\/p>\n<p class=\"fig-paragraph\"><a href=\"http:\/\/www.lefigaro.fr\/conjoncture\/vol-de-donnees-personnelles-peut-on-demander-un-dedommagement-a-l-entreprise-d-ou-vient-la-fuite-20250808\" data-fig-type=\"Article\" data-gtm-custom-categorie=\"navigation\" data-gtm-custom-action=\"crossclick\" data-gtm-custom-label=\"Contextuel\" data-gtm-event=\"customEventSPE\" data-fig-domain=\"LEFIGARO\" target=\"_blank\" rel=\"noopener\">Mauvaise nouvelle<\/a>\u00a0pour les utilisateurs du service Pajemploi. Ce lundi 17 novembre, l\u2019Urssaf a annonc\u00e9 que celui-ci avait \u00e9t\u00e9 \u00abvictime d\u2019un vol de donn\u00e9es \u00e0 caract\u00e8re personnel de salari\u00e9s des particuliers employeurs\u00bb qui l\u2019utilisent. Un acte de cybermalveillance qui \u00aba pu concerner jusqu\u2019\u00e0 1,2 million de salari\u00e9s de particuliers employeurs recourant au service Pajemploi\u00bb.<\/p>\n<p class=\"fig-paragraph\">Dans le d\u00e9tail, ce piratage a \u00e9t\u00e9 d\u00e9tect\u00e9 le 14 novembre, r\u00e9v\u00e8le l\u2019Urssaf\u00a0<a href=\"https:\/\/www.urssaf.fr\/accueil\/actualites\/pajemploi-vol-de-donnees.html\" target=\"_blank\" rel=\"sponsored noopener\" data-gtm-custom-categorie=\"navigation\" data-gtm-custom-action=\"crossclick\" data-gtm-custom-label=\"Contextuel\" data-gtm-event=\"customEventSPE\">dans un communiqu\u00e9<\/a>. \u00abLes donn\u00e9es \u00e0 caract\u00e8re personnel potentiellement extraites sont les nom, pr\u00e9nom, date et lieu de naissance, adresse postale, num\u00e9ro de S\u00e9curit\u00e9 sociale, nom de l\u2019\u00e9tablissement bancaire, num\u00e9ro Pajemploi et num\u00e9ro d\u2019agr\u00e9ment\u00bb. \u00c0 l\u2019inverse, \u00abaucun num\u00e9ro de compte bancaire (Iban), aucune adresse mail, aucun num\u00e9ro de t\u00e9l\u00e9phone ou mot de passe de connexion ne sont concern\u00e9s\u00bb, assurent les autorit\u00e9s. L\u2019attaque est d\u00e9sormais termin\u00e9e, et cette fuite de donn\u00e9e n\u2019a pas eu d\u2019effet sur le bon fonctionnement de Pajemploi ni n\u2019a emp\u00each\u00e9 le traitement des d\u00e9clarations et le paiement des salaires.<\/p>\n<p>                                    <a class=\"fig-a11y-skip a11y-hidden\" href=\"#fig-a11y-skip-main-inarticle\"><br \/>\n        Passer la publicit\u00e9<br \/>\n    <\/a><\/p>\n<p class=\"fig-paragraph\">Pour rappel, Pajemploi est un service de l\u2019Urssaf d\u00e9di\u00e9 aux \u00abparents employeurs, assistants maternels agr\u00e9\u00e9s et gardes d\u2019enfants \u00e0 domicile\u00bb. Il s\u2019adresse notamment \u00e0 ceux qui souhaitent \u00abfaire garder [leur] enfant par une assistante maternelle agr\u00e9\u00e9e, un assistant maternel agr\u00e9\u00e9 ou une garde d\u2019enfants \u00e0 domicile\u00bb et permet de d\u00e9clarer \u00abfacilement la r\u00e9mun\u00e9ration vers\u00e9e \u00e0 votre salari\u00e9\u00bb.<\/p>\n","protected":false},"excerpt":{"rendered":"\u00abLes donn\u00e9es \u00e0 caract\u00e8re personnel potentiellement extraites sont les nom, pr\u00e9nom, date et lieu de naissance, adresse postale,&hellip;\n","protected":false},"author":2,"featured_media":540503,"comment_status":"","ping_status":"","sticky":false,"template":"","format":"standard","meta":{"footnotes":""},"categories":[2],"tags":[11,1011,27,12,16421],"class_list":{"0":"post-540502","1":"post","2":"type-post","3":"status-publish","4":"format-standard","5":"has-post-thumbnail","7":"category-actualites","8":"tag-actualites","9":"tag-fr","10":"tag-france","11":"tag-news","12":"tag-piratage"},"share_on_mastodon":{"url":"https:\/\/pubeurope.com\/@fr\/115565754108172101","error":""},"_links":{"self":[{"href":"https:\/\/www.europesays.com\/fr\/wp-json\/wp\/v2\/posts\/540502","targetHints":{"allow":["GET"]}}],"collection":[{"href":"https:\/\/www.europesays.com\/fr\/wp-json\/wp\/v2\/posts"}],"about":[{"href":"https:\/\/www.europesays.com\/fr\/wp-json\/wp\/v2\/types\/post"}],"author":[{"embeddable":true,"href":"https:\/\/www.europesays.com\/fr\/wp-json\/wp\/v2\/users\/2"}],"replies":[{"embeddable":true,"href":"https:\/\/www.europesays.com\/fr\/wp-json\/wp\/v2\/comments?post=540502"}],"version-history":[{"count":0,"href":"https:\/\/www.europesays.com\/fr\/wp-json\/wp\/v2\/posts\/540502\/revisions"}],"wp:featuredmedia":[{"embeddable":true,"href":"https:\/\/www.europesays.com\/fr\/wp-json\/wp\/v2\/media\/540503"}],"wp:attachment":[{"href":"https:\/\/www.europesays.com\/fr\/wp-json\/wp\/v2\/media?parent=540502"}],"wp:term":[{"taxonomy":"category","embeddable":true,"href":"https:\/\/www.europesays.com\/fr\/wp-json\/wp\/v2\/categories?post=540502"},{"taxonomy":"post_tag","embeddable":true,"href":"https:\/\/www.europesays.com\/fr\/wp-json\/wp\/v2\/tags?post=540502"}],"curies":[{"name":"wp","href":"https:\/\/api.w.org\/{rel}","templated":true}]}}