{"id":540520,"date":"2025-11-17T15:38:09","date_gmt":"2025-11-17T15:38:09","guid":{"rendered":"https:\/\/www.europesays.com\/fr\/540520\/"},"modified":"2025-11-17T15:38:09","modified_gmt":"2025-11-17T15:38:09","slug":"pres-de-rouen-des-centaines-de-militants-pour-le-climat-reunis-devant-lusine-basf-pour-une-action-coup-de-poing-anti-pesticides","status":"publish","type":"post","link":"https:\/\/www.europesays.com\/fr\/540520\/","title":{"rendered":"Pr\u00e8s de Rouen. Des centaines de militants pour le climat r\u00e9unis devant l&rsquo;usine BASF pour une action coup de poing anti-pesticides"},"content":{"rendered":"<p melodystyle=\"texte\">Un rassemblement a eu lieu ce lundi 17\u00a0novembre devant l&rsquo;usine Seveso seuil haut de BASF \u00e0 Saint-Aubin-l\u00e8s-Elbeuf ainsi que l&rsquo;usine\u00a0Euroapi (Seveso seuil bas). Selon les organisateurs, plus de 500 personnes se sont donn\u00e9 rendez-vous sur le site tandis que la pr\u00e9fecture estime que l&rsquo;action a r\u00e9uni environ 300 personnes au plus fort de la mobilisation.<\/p>\n<p melodystyle=\"texte\">Au-del\u00e0 de la bataille des chiffres, les deux s&rsquo;accordent sur le m\u00eame r\u00e9cit\u00a0: tandis qu&rsquo;une partie des manifestants ont bloqu\u00e9 l&rsquo;entr\u00e9e du site \u00e0 l&rsquo;aide de tracteurs, d&rsquo;autres militants ont p\u00e9n\u00e9tr\u00e9 \u00e0 l&rsquo;int\u00e9rieur de l&rsquo;usine pour \u00ab\u00a0interrompre la production\u00a0\u00bb. D&rsquo;apr\u00e8s la pr\u00e9fecture, une soixantaine de personnes a ainsi pu entrer dans le site aid\u00e9 par un tracteur qui a permis d&rsquo;en forcer l&rsquo;entr\u00e9e.\u00a0Cette action avait pour but de faire \u00ab\u00a0une\u00a0inspection des stocks afin de r\u00e9cup\u00e9rer des preuves suppl\u00e9mentaires de la fabrication et du stockage de pesticides interdits, notamment \u00e0 base de Fipronil, export\u00e9s ensuite au Br\u00e9sil\u00a0\u00bb, explique le collectif d&rsquo;associations, r\u00e9unissant Les Soul\u00e8vements de la Terre, La Conf\u00e9d\u00e9ration Paysanne, le Collectif de Soutien aux Victimes des Pesticides de l&rsquo;Ouest (CSVPO), Cancer Col\u00e8re et Les Faucheurs Volontaires.<\/p>\n<p>Le Fipronil, polluant \u00e9ternel<\/p>\n<p melodystyle=\"texte\">Les militants ont \u00e9t\u00e9 ensuite repouss\u00e9s \u00e0 l&rsquo;ext\u00e9rieur par les forces de l&rsquo;ordre et \u00ab\u00a0deux personnes ont \u00e9t\u00e9 interpell\u00e9es, une pour outrage et la seconde pour r\u00e9bellion\u00a0\u00bb, explique la pr\u00e9fecture\u00a0selon laquelle \u00ab\u00a0environ 90 membres des forces de l&rsquo;ordre ont \u00e9t\u00e9 mobilis\u00e9s\u00a0\u00bb.\u00a0Mobilis\u00e9s peu avant 8h, les manifestants \u00e9taient tous partis en d\u00e9but d&rsquo;apr\u00e8s-midi.<\/p>\n<\/p>\n<p melodystyle=\"texte\"><b>\u2022 A lire aussi.<\/b>\u00a0<a href=\"https:\/\/www.tendanceouest.com\/actualite-430064-pres-de-rouen-une-plainte-deposee-contre-l-usine-basf-pour-atteinte-a-l-environnement-et-mise-en-danger-d-autrui\" target=\"_blank\" rel=\"nofollow noopener\">Une plainte d\u00e9pos\u00e9e contre l&rsquo;usine BASF pour atteinte \u00e0 l&rsquo;environnement et mise en danger d&rsquo;autrui<\/a><\/p>\n<p melodystyle=\"texte\">Cette action s&rsquo;inscrit dans <a href=\"https:\/\/www.tendanceouest.com\/actualite-430064-pres-de-rouen-une-plainte-deposee-contre-l-usine-basf-pour-atteinte-a-l-environnement-et-mise-en-danger-d-autrui\" target=\"_blank\" rel=\"nofollow noopener\">une large fronde d&rsquo;associations de consommateurs et de militants pour le climat, lanc\u00e9e\u00a0contre\u00a0l&rsquo;industriel de Saint-Aubin-l\u00e8s-Elbeuf<\/a>\u00a0qui produit \u00ab\u00a0plus de 1\u00a0500 tonnes de pesticides par an et rejette r\u00e9guli\u00e8rement dans la Seine des substances class\u00e9es parmi les &lsquo;polluants \u00e9ternels&rsquo; (263 kilos en 3 jours en mai\u00a02024\u00a0!)\u00a0\u00bb, estime le collectif\u00a0qui rappelle que \u00ab\u00a0BASF doit faire face \u00e0 4\u00a0500 plaintes dans le monde, contre des contaminations li\u00e9es aux PFAS qu&rsquo;il produit massivement\u00a0\u00bb.\u00a0En effet, si les substances actives du\u00a0Fipronil \u00ab\u00a0sont interdites en France et dans l&rsquo;Union europ\u00e9enne en raison de leur toxicit\u00e9 av\u00e9r\u00e9e, leur production continue \u00e0 des fins d&rsquo;exportation vers des pays tiers\u00a0\u00bb, poursuit le collectif.<\/p>\n<p melodystyle=\"texte\">De son c\u00f4t\u00e9 l&rsquo;industriel d\u00e9nonce que\u00a0\u00ab\u00a0des intrusions, des d\u00e9gradations de mat\u00e9riel, des comportements pouvant porter atteinte \u00e0 la s\u00e9curit\u00e9 du site et des attitudes d&rsquo;intimidation \u00e0 l&rsquo;\u00e9gard des personnels ont \u00e9t\u00e9 constat\u00e9s\u00a0\u00bb. La direction de BASF France a annonc\u00e9\u00a0son intention de d\u00e9poser plainte.<\/p>\n<p melodystyle=\"texte\">Avec AFP<\/p>\n","protected":false},"excerpt":{"rendered":"Un rassemblement a eu lieu ce lundi 17\u00a0novembre devant l&rsquo;usine Seveso seuil haut de BASF \u00e0 Saint-Aubin-l\u00e8s-Elbeuf ainsi&hellip;\n","protected":false},"author":2,"featured_media":540521,"comment_status":"","ping_status":"","sticky":false,"template":"","format":"standard","meta":{"footnotes":""},"categories":[9587],"tags":[1111,11,1777,674,1011,27,12,5161,25,9590],"class_list":{"0":"post-540520","1":"post","2":"type-post","3":"status-publish","4":"format-standard","5":"has-post-thumbnail","7":"category-rouen","8":"tag-actu","9":"tag-actualites","10":"tag-eu","11":"tag-europe","12":"tag-fr","13":"tag-france","14":"tag-news","15":"tag-normandie","16":"tag-republique-francaise","17":"tag-rouen"},"share_on_mastodon":{"url":"https:\/\/pubeurope.com\/@fr\/115565789488261888","error":""},"_links":{"self":[{"href":"https:\/\/www.europesays.com\/fr\/wp-json\/wp\/v2\/posts\/540520","targetHints":{"allow":["GET"]}}],"collection":[{"href":"https:\/\/www.europesays.com\/fr\/wp-json\/wp\/v2\/posts"}],"about":[{"href":"https:\/\/www.europesays.com\/fr\/wp-json\/wp\/v2\/types\/post"}],"author":[{"embeddable":true,"href":"https:\/\/www.europesays.com\/fr\/wp-json\/wp\/v2\/users\/2"}],"replies":[{"embeddable":true,"href":"https:\/\/www.europesays.com\/fr\/wp-json\/wp\/v2\/comments?post=540520"}],"version-history":[{"count":0,"href":"https:\/\/www.europesays.com\/fr\/wp-json\/wp\/v2\/posts\/540520\/revisions"}],"wp:featuredmedia":[{"embeddable":true,"href":"https:\/\/www.europesays.com\/fr\/wp-json\/wp\/v2\/media\/540521"}],"wp:attachment":[{"href":"https:\/\/www.europesays.com\/fr\/wp-json\/wp\/v2\/media?parent=540520"}],"wp:term":[{"taxonomy":"category","embeddable":true,"href":"https:\/\/www.europesays.com\/fr\/wp-json\/wp\/v2\/categories?post=540520"},{"taxonomy":"post_tag","embeddable":true,"href":"https:\/\/www.europesays.com\/fr\/wp-json\/wp\/v2\/tags?post=540520"}],"curies":[{"name":"wp","href":"https:\/\/api.w.org\/{rel}","templated":true}]}}