{"id":540522,"date":"2025-11-17T15:39:15","date_gmt":"2025-11-17T15:39:15","guid":{"rendered":"https:\/\/www.europesays.com\/fr\/540522\/"},"modified":"2025-11-17T15:39:15","modified_gmt":"2025-11-17T15:39:15","slug":"rouen-les-nouveaux-projets-retenus-du-budget-participatif-citoyen-2025","status":"publish","type":"post","link":"https:\/\/www.europesays.com\/fr\/540522\/","title":{"rendered":"Rouen. Les nouveaux projets retenus du\u00a0Budget Participatif citoyen 2025"},"content":{"rendered":"<p melodystyle=\"texte\">Entre le 6\u00a0septembre et le 19\u00a0octobre, 1\u00a0065 Rouennais ont vot\u00e9 sur la plate-forme rouencitoyenne, pour<a href=\"https:\/\/www.tendanceouest.com\/actualite-422841-rouen-mur-vegetal-banc-insolite-terrain-de-petanque-a-vos-votes\" target=\"_blank\" rel=\"nofollow noopener\"> leurs projets pr\u00e9f\u00e9r\u00e9s parmi les 21 propos\u00e9s.<\/a> Au total, huit d&rsquo;entre eux ont \u00e9t\u00e9 retenus au titre du Budget Participatif citoyen 2025, auquel il est consacr\u00e9 330\u00a0000\u20ac.<a href=\"https:\/\/www.tendanceouest.com\/actualite-421013-rouen-un-espace-insolite-dedie-aux-lapins-et-cochons-d-inde-a-ete-cree-au-jardin-saint-sever-c-est-un-lapiparc\" target=\"_blank\" rel=\"nofollow noopener\"> Ces projets<\/a>\u00a0seront r\u00e9alis\u00e9s entre\u00a02026 et\u00a02029. Parmi les huit projets s\u00e9lectionn\u00e9s, on trouve une initiative de v\u00e9g\u00e9talisation de la Grand&rsquo;Mare, une r\u00e9habilitation des halles du Vieux March\u00e9 avec un style contemporain, un parcours f\u00e9ministe destin\u00e9 \u00e0 orienter le public vers les lieux embl\u00e9matiques de la ville en lien avec l&rsquo;histoire et les figures des luttes f\u00e9ministes locales ou un projet de\u00a0toile d&rsquo;ombrage sur diverses aires de jeux ext\u00e9rieures pour prot\u00e9ger les enfants du soleil. D&rsquo;autres propositions incluent la cr\u00e9ation d&rsquo;un verger public sur la rive gauche, l&#8217;embellissement du quartier des Augustins pr\u00e8s de la place Saint-Marc, une nouvelle vue panoramique en haut de la rue d&rsquo;Ernemont pour contempler la cath\u00e9drale de Rouen et un itin\u00e9raire patrimonial et culturel\u00a0pour mettre en valeur la rive gauche de Rouen.<\/p>\n","protected":false},"excerpt":{"rendered":"Entre le 6\u00a0septembre et le 19\u00a0octobre, 1\u00a0065 Rouennais ont vot\u00e9 sur la plate-forme rouencitoyenne, pour leurs projets pr\u00e9f\u00e9r\u00e9s&hellip;\n","protected":false},"author":2,"featured_media":540523,"comment_status":"","ping_status":"","sticky":false,"template":"","format":"standard","meta":{"footnotes":""},"categories":[9587],"tags":[1111,11,1777,674,1011,27,12,5161,25,9590],"class_list":{"0":"post-540522","1":"post","2":"type-post","3":"status-publish","4":"format-standard","5":"has-post-thumbnail","7":"category-rouen","8":"tag-actu","9":"tag-actualites","10":"tag-eu","11":"tag-europe","12":"tag-fr","13":"tag-france","14":"tag-news","15":"tag-normandie","16":"tag-republique-francaise","17":"tag-rouen"},"share_on_mastodon":{"url":"https:\/\/pubeurope.com\/@fr\/115565793623422123","error":""},"_links":{"self":[{"href":"https:\/\/www.europesays.com\/fr\/wp-json\/wp\/v2\/posts\/540522","targetHints":{"allow":["GET"]}}],"collection":[{"href":"https:\/\/www.europesays.com\/fr\/wp-json\/wp\/v2\/posts"}],"about":[{"href":"https:\/\/www.europesays.com\/fr\/wp-json\/wp\/v2\/types\/post"}],"author":[{"embeddable":true,"href":"https:\/\/www.europesays.com\/fr\/wp-json\/wp\/v2\/users\/2"}],"replies":[{"embeddable":true,"href":"https:\/\/www.europesays.com\/fr\/wp-json\/wp\/v2\/comments?post=540522"}],"version-history":[{"count":0,"href":"https:\/\/www.europesays.com\/fr\/wp-json\/wp\/v2\/posts\/540522\/revisions"}],"wp:featuredmedia":[{"embeddable":true,"href":"https:\/\/www.europesays.com\/fr\/wp-json\/wp\/v2\/media\/540523"}],"wp:attachment":[{"href":"https:\/\/www.europesays.com\/fr\/wp-json\/wp\/v2\/media?parent=540522"}],"wp:term":[{"taxonomy":"category","embeddable":true,"href":"https:\/\/www.europesays.com\/fr\/wp-json\/wp\/v2\/categories?post=540522"},{"taxonomy":"post_tag","embeddable":true,"href":"https:\/\/www.europesays.com\/fr\/wp-json\/wp\/v2\/tags?post=540522"}],"curies":[{"name":"wp","href":"https:\/\/api.w.org\/{rel}","templated":true}]}}