{"id":540530,"date":"2025-11-17T15:43:17","date_gmt":"2025-11-17T15:43:17","guid":{"rendered":"https:\/\/www.europesays.com\/fr\/540530\/"},"modified":"2025-11-17T15:43:17","modified_gmt":"2025-11-17T15:43:17","slug":"pres-de-rennes-un-job-dating-original-pour-tenter-de-decrocher-un-emploi","status":"publish","type":"post","link":"https:\/\/www.europesays.com\/fr\/540530\/","title":{"rendered":"pr\u00e8s de Rennes, un job dating original pour tenter de d\u00e9crocher un emploi"},"content":{"rendered":"<p>                    Par<br \/>\n        <strong><br \/>\n            <a href=\"https:\/\/actu.fr\/auteur\/laurene-fertin\" title=\"Consulter tous les articles de Laur\u00e8ne Fertin\" target=\"_blank\" rel=\"noopener\">Laur\u00e8ne Fertin<\/a><br \/>\n                    <\/strong><\/p>\n<p>        Publi\u00e9 le<\/p>\n<p>            17 nov. 2025 \u00e0 16h31        <\/p>\n<p>Mardi 18\u00a0novembre, \u00e0 <strong>Bruz,<\/strong> pr\u00e8s de Rennes (Ille-et-Vilaine), <strong>une journ\u00e9e de recrutement<\/strong> est organis\u00e9e par les agences Partnaire en lien avec l\u2019association Les petites cantines.<\/p>\n<p class=\" wall-content\">Le but\u2009? Faire en sorte que les candidates et candidats, ainsi que les entreprises, se rencontrent autour d\u2019<strong>un \u00e9change professionnel<\/strong>, mais\u00a0aussi <strong>gourmand.<\/strong><\/p>\n<p>Montrer ses softs kills<\/p>\n<p class=\" wall-content\">En effet, <strong>de 10h \u00e0 14h<\/strong>, <strong>un atelier collectif culinaire<\/strong> sera mis en place pour permettre de pr\u00e9senter aux recruteurs <strong>ses softs\u00a0kills<\/strong>\u2009: \u00ab\u2009esprit d\u2019\u00e9quipe, \u00e9coute, rigueur, capacit\u00e9 d\u2019adaptation\u2026\u2009\u00bb, indiquent les organisateurs.<\/p>\n<p class=\" wall-content\">Ce format, un peu particulier, s\u2019adresse \u00e0 tous et \u00e0 toutes, \u00ab\u2009avec une attention particuli\u00e8re port\u00e9e \u00e0 celles et ceux qui rencontrent des freins \u00e0 l\u2019emploi ou ont besoin de reprendre confiance\u2009\u00bb.<\/p>\n<p class=\" wall-content\">Et \u00e0 ce titre, \u00ab\u2009aucun CV n\u2019est n\u00e9cessaire,<strong> seule la motivation compte\u2009\u00bb.<\/strong><\/p>\n<p>Les postes \u00e0 pourvoir<\/p>\n<p class=\" wall-content\">Plusieurs emplois sont \u00e0 pourvoir, aussi bien pour les hommes que pour les femmes\u2009: <strong>op\u00e9rateur assemblage, soudeur, cariste, pr\u00e9parateur<\/strong> de commandes, <strong>conducteur<\/strong> de ligne, pilote machine, <strong>couturier\u2026<\/strong><\/p>\n<p>Votre r\u00e9gion, votre actu !<\/p>\n<p>Recevez chaque jour les infos qui comptent pour vous.<\/p>\n<p>\t<a href=\"https:\/\/actu.fr\/newsletter\" class=\"ac-btn ac-btn--corner ac-btn--medium ac-btn--blue800\" target=\"_blank\" rel=\"noopener\">S&rsquo;incrire<\/a><\/p>\n<p class=\" wall-content\">L\u2019atelier culinaire est ensuite suivi <strong>d\u2019un d\u00e9jeuner partag\u00e9.<\/strong> Voici le d\u00e9tail du programme\u2009:<\/p>\n<ul class=\" wall-content\">\n<li>\u00ab\u00a010h \u2013 10h20\u2009: accueil des candidats pour l\u2019atelier culinaire\u2009;<\/li>\n<li>10h20 \u2013 12h00\u2009: atelier de cuisine participatif pour \u00ab\u2009faire ensemble\u2009\u00bb et r\u00e9v\u00e9ler<br \/>les talents\u2009;<\/li>\n<li>12h00 \u2013 13h15\u2009: d\u00e9jeuner partag\u00e9, fruit du travail collectif\u2009;<\/li>\n<li>\u00e0 partir de 13h15\u2009: entretiens individuels entre recruteurs et candidats pour<br \/>\u00e9changer sur les postes.\u00a0\u00bb<\/li>\n<\/ul>\n<p>Et apr\u00e8s\u2009?<\/p>\n<p class=\" wall-content\">Si un match se produit entre un recruteur et un (e) candidat (e), les agences Partnaire vont assurer la mise en poste \u00ab\u2009dans les meilleurs d\u00e9lais\u2009\u00bb.<\/p>\n<p class=\" wall-content\">Si aucun poste ne correspond \u00e0 votre profil, <strong>un accompagnement personnalis\u00e9<\/strong> sera propos\u00e9.<\/p>\n<p>Infos pratiques\u2009: si vous \u00eates int\u00e9ress\u00e9(e), rendez-vous au local des Petites cantines de Bruz au 3, rue Victor-Hugo. Pour participer, il est pr\u00e9f\u00e9rable de s\u2019inscrire dans l\u2019une des trois agences Partnaire de Rennes ou directement <a href=\"https:\/\/www.partnaire.fr\/saveurs-talents-a-rennes\/\" target=\"_blank\" rel=\"noopener\">en ligne<\/a>.<\/p>\n<p class=\" wall-content\">Personnalisez votre actualit\u00e9 en ajoutant vos villes et m\u00e9dias en favori avec <a href=\"https:\/\/moncompte.actu.fr\" title=\"D\u00e9couvez Mon Actu\" rel=\"nofollow noopener\" data-trk=\"{&quot;cta&quot;:{&quot;action&quot;:&quot;https:\\\/\\\/moncompte.actu.fr&quot;,&quot;category&quot;:&quot;mon compte&quot;,&quot;from&quot;:&quot;article footer&quot;,&quot;name&quot;:&quot;Mon actu&quot;,&quot;type&quot;:&quot;cta&quot;}}\" target=\"_blank\">Mon Actu<\/a>.<\/p>\n","protected":false},"excerpt":{"rendered":"Par Laur\u00e8ne Fertin Publi\u00e9 le 17 nov. 2025 \u00e0 16h31 Mardi 18\u00a0novembre, \u00e0 Bruz, pr\u00e8s de Rennes (Ille-et-Vilaine),&hellip;\n","protected":false},"author":2,"featured_media":534145,"comment_status":"","ping_status":"","sticky":false,"template":"","format":"standard","meta":{"footnotes":""},"categories":[2821],"tags":[1111,11,829,33,341,1777,674,1011,27,12,584,25],"class_list":{"0":"post-540530","1":"post","2":"type-post","3":"status-publish","4":"format-standard","5":"has-post-thumbnail","7":"category-rennes","8":"tag-actu","9":"tag-actualites","10":"tag-bretagne","11":"tag-economie","12":"tag-emploi","13":"tag-eu","14":"tag-europe","15":"tag-fr","16":"tag-france","17":"tag-news","18":"tag-rennes","19":"tag-republique-francaise"},"share_on_mastodon":{"url":"https:\/\/pubeurope.com\/@fr\/115565809281402242","error":""},"_links":{"self":[{"href":"https:\/\/www.europesays.com\/fr\/wp-json\/wp\/v2\/posts\/540530","targetHints":{"allow":["GET"]}}],"collection":[{"href":"https:\/\/www.europesays.com\/fr\/wp-json\/wp\/v2\/posts"}],"about":[{"href":"https:\/\/www.europesays.com\/fr\/wp-json\/wp\/v2\/types\/post"}],"author":[{"embeddable":true,"href":"https:\/\/www.europesays.com\/fr\/wp-json\/wp\/v2\/users\/2"}],"replies":[{"embeddable":true,"href":"https:\/\/www.europesays.com\/fr\/wp-json\/wp\/v2\/comments?post=540530"}],"version-history":[{"count":0,"href":"https:\/\/www.europesays.com\/fr\/wp-json\/wp\/v2\/posts\/540530\/revisions"}],"wp:featuredmedia":[{"embeddable":true,"href":"https:\/\/www.europesays.com\/fr\/wp-json\/wp\/v2\/media\/534145"}],"wp:attachment":[{"href":"https:\/\/www.europesays.com\/fr\/wp-json\/wp\/v2\/media?parent=540530"}],"wp:term":[{"taxonomy":"category","embeddable":true,"href":"https:\/\/www.europesays.com\/fr\/wp-json\/wp\/v2\/categories?post=540530"},{"taxonomy":"post_tag","embeddable":true,"href":"https:\/\/www.europesays.com\/fr\/wp-json\/wp\/v2\/tags?post=540530"}],"curies":[{"name":"wp","href":"https:\/\/api.w.org\/{rel}","templated":true}]}}