{"id":540531,"date":"2025-11-17T15:44:15","date_gmt":"2025-11-17T15:44:15","guid":{"rendered":"https:\/\/www.europesays.com\/fr\/540531\/"},"modified":"2025-11-17T15:44:15","modified_gmt":"2025-11-17T15:44:15","slug":"eschau-marche-de-noel-au-foyer-saint-trophime-ce-samedi-22-novembre","status":"publish","type":"post","link":"https:\/\/www.europesays.com\/fr\/540531\/","title":{"rendered":"Eschau. March\u00e9 de No\u00ebl au foyer Saint-Trophime, ce samedi 22 novembre"},"content":{"rendered":"<p>Le traditionnel march\u00e9 de No\u00ebl de l\u2019union Saint-Trophime aura lieu le samedi 22\u00a0novembre de 14\u00a0h \u00e0 20\u00a0h et le dimanche\u00a023 de 10\u00a0h \u00e0 18\u00a0h au 24, rue de la 1re -Division-Blind\u00e9e, en face de l\u2019abbatiale. Une trentaine d\u2019exposants proposeront des produits artisanaux locaux.<\/p>\n<p>Des bredele, du miel, des confitures\u2026<\/p>\n<p>Des bredele, du miel, des confitures\u2026 mais aussi des couronnes de l\u2019avent et toutes sortes de d\u00e9corations de No\u00ebl pour le sapin et la maison. L\u2019association des <a href=\"https:\/\/www.dna.fr\/culture-loisirs\/2025\/07\/12\/decouvrir-en-autonomie-et-en-trois-langues-abbatiale-et-jardin-monastique\" target=\"_blank\" rel=\"noopener\">Amis du jardin monastique<\/a> sera \u00e9galement pr\u00e9sente avec ses objets cr\u00e9\u00e9s par les b\u00e9n\u00e9voles, ses confitures aux saveurs originales et ses calebasses d\u00e9coratives s\u00e9ch\u00e9es cultiv\u00e9es au jardin.<\/p>\n<p>Ce contenu est bloqu\u00e9 car vous n&rsquo;avez pas accept\u00e9 les cookies et autres traceurs.<\/p>\n<p>En cliquant sur \u00ab J\u2019accepte \u00bb, les cookies et autres traceurs seront d\u00e9pos\u00e9s et vous pourrez visualiser les contenus  (<a href=\"\" class=\"consentModule_policy\" target=\"_blank\" title=\"Consulter la politique de protection des donn\u00e9es du fournisseur\">plus d&rsquo;informations<\/a>).<\/p>\n<p>En cliquant sur \u00ab J\u2019accepte tous les cookies \u00bb, vous autorisez des d\u00e9p\u00f4ts de cookies et autres traceurs pour le stockage de vos donn\u00e9es sur nos sites et applications \u00e0 des fins de personnalisation et de ciblage publicitaire.<\/p>\n<p class=\"consentModule_secondaryText\">Vous gardez la possibilit\u00e9 de retirer votre consentement \u00e0 tout moment en consultant notre <a href=\"https:\/\/www.dna.fr\/protection-des-donnees\" target=\"_blank\" title=\"Consulter notre politique de protection des donn\u00e9es\" rel=\"noopener\">politique de protection des donn\u00e9es<\/a>. <br \/>&#13;<br \/>\n            <a href=\"https:\/\/www.dna.fr\/culture-loisirs\/2025\/11\/17\/javascript:Didomi.notice.show()\" class=\"consentModule_cmp\" target=\"_blank\" rel=\"noopener\">G\u00e9rer mes choix<\/a>&#13;\n        <\/p>\n<p>&#13;<br \/>\n                        J&rsquo;accepte&#13;<br \/>\n            J&rsquo;accepte tous les cookies&#13;\n        <\/p>\n<p>Tout au long de ces deux jours, les membres de l\u2019union Saint-Trophime proposent une tombola avec de nombreux tickets gagnants, dont un pour une croisi\u00e8re avec CroisiEurope. Sur place\u00a0: caf\u00e9, g\u00e2teaux et vin chaud.<\/p>\n<p class=\"note\">March\u00e9 de No\u00ebl au foyer Saint-Trophime (en face de l\u2019abbatiale) samedi 22\u00a0novembre de 14\u00a0h \u00e0 20\u00a0h et dimanche 23\u00a0novembre de 10\u00a0h \u00e0 18\u00a0h.<\/p>\n","protected":false},"excerpt":{"rendered":"Le traditionnel march\u00e9 de No\u00ebl de l\u2019union Saint-Trophime aura lieu le samedi 22\u00a0novembre de 14\u00a0h \u00e0 20\u00a0h et&hellip;\n","protected":false},"author":2,"featured_media":540532,"comment_status":"","ping_status":"","sticky":false,"template":"","format":"standard","meta":{"footnotes":""},"categories":[2820],"tags":[1111,11,1687,2880,4373,1777,674,107,1011,27,775,2089,12,25,640,3089],"class_list":{"0":"post-540531","1":"post","2":"type-post","3":"status-publish","4":"format-standard","5":"has-post-thumbnail","7":"category-strasbourg","8":"tag-actu","9":"tag-actualites","10":"tag-culture-loisirs","11":"tag-edition-strasbourg","12":"tag-eschau","13":"tag-eu","14":"tag-europe","15":"tag-fil-info","16":"tag-fr","17":"tag-france","18":"tag-grand-est","19":"tag-marche","20":"tag-news","21":"tag-republique-francaise","22":"tag-strasbourg","23":"tag-strasbourg-sud"},"share_on_mastodon":{"url":"https:\/\/pubeurope.com\/@fr\/115565813145466212","error":""},"_links":{"self":[{"href":"https:\/\/www.europesays.com\/fr\/wp-json\/wp\/v2\/posts\/540531","targetHints":{"allow":["GET"]}}],"collection":[{"href":"https:\/\/www.europesays.com\/fr\/wp-json\/wp\/v2\/posts"}],"about":[{"href":"https:\/\/www.europesays.com\/fr\/wp-json\/wp\/v2\/types\/post"}],"author":[{"embeddable":true,"href":"https:\/\/www.europesays.com\/fr\/wp-json\/wp\/v2\/users\/2"}],"replies":[{"embeddable":true,"href":"https:\/\/www.europesays.com\/fr\/wp-json\/wp\/v2\/comments?post=540531"}],"version-history":[{"count":0,"href":"https:\/\/www.europesays.com\/fr\/wp-json\/wp\/v2\/posts\/540531\/revisions"}],"wp:featuredmedia":[{"embeddable":true,"href":"https:\/\/www.europesays.com\/fr\/wp-json\/wp\/v2\/media\/540532"}],"wp:attachment":[{"href":"https:\/\/www.europesays.com\/fr\/wp-json\/wp\/v2\/media?parent=540531"}],"wp:term":[{"taxonomy":"category","embeddable":true,"href":"https:\/\/www.europesays.com\/fr\/wp-json\/wp\/v2\/categories?post=540531"},{"taxonomy":"post_tag","embeddable":true,"href":"https:\/\/www.europesays.com\/fr\/wp-json\/wp\/v2\/tags?post=540531"}],"curies":[{"name":"wp","href":"https:\/\/api.w.org\/{rel}","templated":true}]}}