{"id":540533,"date":"2025-11-17T15:45:17","date_gmt":"2025-11-17T15:45:17","guid":{"rendered":"https:\/\/www.europesays.com\/fr\/540533\/"},"modified":"2025-11-17T15:45:17","modified_gmt":"2025-11-17T15:45:17","slug":"le-tribunal-de-strasbourg-retient-loffre-de-metal-blanc-le-site-dhagondange-en-moselle-condamne","status":"publish","type":"post","link":"https:\/\/www.europesays.com\/fr\/540533\/","title":{"rendered":"le tribunal de Strasbourg retient l\u2019offre de M\u00e9tal Blanc, le site d\u2019Hagondange en Moselle condamn\u00e9"},"content":{"rendered":"<p>Ce lundi 17\u00a0novembre, la chambre commerciale du tribunal de Strasbourg a retenu l\u2019offre de M\u00e9tal Blanc, dans le dossier de la liquidation judiciaire de NovAsco (ex-Ascometal).<\/p>\n<p>Concr\u00e8tement, c\u2019est la fin de l\u2019usine embl\u00e9matique d\u2019Hagondange, \u00e0 20\u00a0km de Metz, qui \u00e9tait sp\u00e9cialis\u00e9e dans les aciers fins pour l\u2019automobile. <a href=\"https:\/\/www.republicain-lorrain.fr\/economie\/2025\/11\/17\/novasco-le-tribunal-retient-l-offre-de-metal-blanc-c-est-la-fin-de-l-acier-a-hagondange\" target=\"_blank\" rel=\"nofollow noopener\"> Selon Le R\u00e9publicain Lorrain, 430 emplois sont supprim\u00e9s<\/a> , la coul\u00e9e d\u2019acier par four \u00e9lectrique, partie la plus embl\u00e9matique de la production, s\u2019\u00e9teint d\u00e9finitivement. M\u00e9tal Blanc reprend le site de Dunkerque, soit un laminoir et du parach\u00e8vement, pour environ 150 emplois.<\/p>\n","protected":false},"excerpt":{"rendered":"Ce lundi 17\u00a0novembre, la chambre commerciale du tribunal de Strasbourg a retenu l\u2019offre de M\u00e9tal Blanc, dans le&hellip;\n","protected":false},"author":2,"featured_media":540534,"comment_status":"","ping_status":"","sticky":false,"template":"","format":"standard","meta":{"footnotes":""},"categories":[2820],"tags":[1111,11,2389,33,1777,674,107,1011,27,775,693,12,25,640],"class_list":{"0":"post-540533","1":"post","2":"type-post","3":"status-publish","4":"format-standard","5":"has-post-thumbnail","7":"category-strasbourg","8":"tag-actu","9":"tag-actualites","10":"tag-alsace","11":"tag-economie","12":"tag-eu","13":"tag-europe","14":"tag-fil-info","15":"tag-fr","16":"tag-france","17":"tag-grand-est","18":"tag-industrie","19":"tag-news","20":"tag-republique-francaise","21":"tag-strasbourg"},"share_on_mastodon":{"url":"https:\/\/pubeurope.com\/@fr\/115565816932074160","error":""},"_links":{"self":[{"href":"https:\/\/www.europesays.com\/fr\/wp-json\/wp\/v2\/posts\/540533","targetHints":{"allow":["GET"]}}],"collection":[{"href":"https:\/\/www.europesays.com\/fr\/wp-json\/wp\/v2\/posts"}],"about":[{"href":"https:\/\/www.europesays.com\/fr\/wp-json\/wp\/v2\/types\/post"}],"author":[{"embeddable":true,"href":"https:\/\/www.europesays.com\/fr\/wp-json\/wp\/v2\/users\/2"}],"replies":[{"embeddable":true,"href":"https:\/\/www.europesays.com\/fr\/wp-json\/wp\/v2\/comments?post=540533"}],"version-history":[{"count":0,"href":"https:\/\/www.europesays.com\/fr\/wp-json\/wp\/v2\/posts\/540533\/revisions"}],"wp:featuredmedia":[{"embeddable":true,"href":"https:\/\/www.europesays.com\/fr\/wp-json\/wp\/v2\/media\/540534"}],"wp:attachment":[{"href":"https:\/\/www.europesays.com\/fr\/wp-json\/wp\/v2\/media?parent=540533"}],"wp:term":[{"taxonomy":"category","embeddable":true,"href":"https:\/\/www.europesays.com\/fr\/wp-json\/wp\/v2\/categories?post=540533"},{"taxonomy":"post_tag","embeddable":true,"href":"https:\/\/www.europesays.com\/fr\/wp-json\/wp\/v2\/tags?post=540533"}],"curies":[{"name":"wp","href":"https:\/\/api.w.org\/{rel}","templated":true}]}}