{"id":540543,"date":"2025-11-17T15:52:11","date_gmt":"2025-11-17T15:52:11","guid":{"rendered":"https:\/\/www.europesays.com\/fr\/540543\/"},"modified":"2025-11-17T15:52:11","modified_gmt":"2025-11-17T15:52:11","slug":"un-cycliste-de-56-ans-decede-apres-une-collision-avec-un-poids-lourd","status":"publish","type":"post","link":"https:\/\/www.europesays.com\/fr\/540543\/","title":{"rendered":"un cycliste de 56 ans d\u00e9c\u00e8de apr\u00e8s une collision avec un poids lourd"},"content":{"rendered":"<p>\n    L\u2019accident a eu lieu ce lundi matin, sur un rond-point de la commune de Gradignan.<\/p>\n<p class=\"fig-paragraph\">Un drame s\u2019est produit, ce lundi matin, aux alentours de 8h30, sur le rond-point au croisement de la rue Fran\u00e7ois Xavier et la rue de la Croix de Monjous \u00e0 Gradignan (Gironde), pr\u00e8s de\u00a0<a href=\"http:\/\/www.lefigaro.fr\/sports\/football\/foot-eric-zemmour-tacle-par-les-girondins-de-bordeaux-20251115\" data-fig-type=\"NewsFlash\" data-gtm-custom-categorie=\"navigation\" data-gtm-custom-action=\"crossclick\" data-gtm-custom-label=\"Contextuel\" data-gtm-event=\"customEventSPE\" data-fig-domain=\"LEFIGARO\" target=\"_blank\" rel=\"noopener\">Bordeaux<\/a>. Un homme de 56 ans,\u00a0<a href=\"https:\/\/www.lefigaro.fr\/bordeaux\/eviter-les-boulevards-pour-eviter-le-stress-a-bordeaux-les-cyclistes-reclament-de-meilleurs-amenagements-pour-leur-securite-20251110?msockid=258c4318a154643d05395665a0ed65f9\" target=\"_blank\" data-fig-type=\"NewsFlash\" rel=\"sponsored noopener\" data-gtm-custom-categorie=\"navigation\" data-gtm-custom-action=\"crossclick\" data-gtm-custom-label=\"Contextuel\" data-gtm-event=\"customEventSPE\" data-fig-domain=\"LEFIGARO\">circulant \u00e0 v\u00e9lo<\/a>, a \u00e9t\u00e9 violemment percut\u00e9 de plein fouet par un poids lourd \u00abcamion toupie\u00bb.<\/p>\n<p class=\"fig-paragraph\">Arriv\u00e9s rapidement sur les lieux de l\u2019accident, les secours n\u2019ont pu que constater le d\u00e9c\u00e8s de la victime.<\/p>\n<p>                                    <a class=\"fig-a11y-skip a11y-hidden\" href=\"#fig-a11y-skip-main-inarticle\"><br \/>\n        Passer la publicit\u00e9<br \/>\n    <\/a><\/p>\n<p class=\"fig-paragraph\">Les circonstances exactes de l\u2019accident restent encore \u00e0 d\u00e9terminer. Selon les premiers \u00e9l\u00e9ments recueillis par Le Figaro, la victime se serait engag\u00e9e sur un passage pi\u00e9ton au moment o\u00f9 le conducteur du camion, \u00e2g\u00e9 de 33 ans, a pris la sortie du rond-point sans l\u2019apercevoir. Ce dernier n\u2019a \u00e9t\u00e9 que l\u00e9g\u00e8rement bless\u00e9 lors du choc.<\/p>\n<p class=\"fig-paragraph\">Le 22 septembre dernier, un homme de 55 ans avait perdu la vie, sur la commune du Haillan,\u00a0<a href=\"https:\/\/www.lefigaro.fr\/bordeaux\/gironde-un-chauffeur-mis-en-examen-pour-homicide-routier-apres-avoir-renverse-un-cycliste-et-pris-la-fuite-20250929?msockid=258c4318a154643d05395665a0ed65f9\" target=\"_blank\" data-fig-type=\"NewsFlash\" rel=\"sponsored noopener\" data-gtm-custom-categorie=\"navigation\" data-gtm-custom-action=\"crossclick\" data-gtm-custom-label=\"Contextuel\" data-gtm-event=\"customEventSPE\" data-fig-domain=\"LEFIGARO\">apr\u00e8s une collision avec un v\u00e9hicule poids lourd<\/a>. Le drame avait suscit\u00e9 une vive \u00e9motion dans la communaut\u00e9 cycliste de la m\u00e9tropole bordelaise.<\/p>\n","protected":false},"excerpt":{"rendered":"L\u2019accident a eu lieu ce lundi matin, sur un rond-point de la commune de Gradignan. Un drame s\u2019est&hellip;\n","protected":false},"author":2,"featured_media":540544,"comment_status":"","ping_status":"","sticky":false,"template":"","format":"standard","meta":{"footnotes":""},"categories":[2817],"tags":[119,4376,1111,11,1997,10628,1777,674,1011,27,12,2219,25],"class_list":{"0":"post-540543","1":"post","2":"type-post","3":"status-publish","4":"format-standard","5":"has-post-thumbnail","7":"category-bordeaux","8":"tag-accident","9":"tag-accident-de-la-route","10":"tag-actu","11":"tag-actualites","12":"tag-bordeaux","13":"tag-cyclistes","14":"tag-eu","15":"tag-europe","16":"tag-fr","17":"tag-france","18":"tag-news","19":"tag-nouvelle-aquitaine","20":"tag-republique-francaise"},"share_on_mastodon":{"url":"https:\/\/pubeurope.com\/@fr\/115565844556841061","error":""},"_links":{"self":[{"href":"https:\/\/www.europesays.com\/fr\/wp-json\/wp\/v2\/posts\/540543","targetHints":{"allow":["GET"]}}],"collection":[{"href":"https:\/\/www.europesays.com\/fr\/wp-json\/wp\/v2\/posts"}],"about":[{"href":"https:\/\/www.europesays.com\/fr\/wp-json\/wp\/v2\/types\/post"}],"author":[{"embeddable":true,"href":"https:\/\/www.europesays.com\/fr\/wp-json\/wp\/v2\/users\/2"}],"replies":[{"embeddable":true,"href":"https:\/\/www.europesays.com\/fr\/wp-json\/wp\/v2\/comments?post=540543"}],"version-history":[{"count":0,"href":"https:\/\/www.europesays.com\/fr\/wp-json\/wp\/v2\/posts\/540543\/revisions"}],"wp:featuredmedia":[{"embeddable":true,"href":"https:\/\/www.europesays.com\/fr\/wp-json\/wp\/v2\/media\/540544"}],"wp:attachment":[{"href":"https:\/\/www.europesays.com\/fr\/wp-json\/wp\/v2\/media?parent=540543"}],"wp:term":[{"taxonomy":"category","embeddable":true,"href":"https:\/\/www.europesays.com\/fr\/wp-json\/wp\/v2\/categories?post=540543"},{"taxonomy":"post_tag","embeddable":true,"href":"https:\/\/www.europesays.com\/fr\/wp-json\/wp\/v2\/tags?post=540543"}],"curies":[{"name":"wp","href":"https:\/\/api.w.org\/{rel}","templated":true}]}}