{"id":540549,"date":"2025-11-17T15:56:17","date_gmt":"2025-11-17T15:56:17","guid":{"rendered":"https:\/\/www.europesays.com\/fr\/540549\/"},"modified":"2025-11-17T15:56:17","modified_gmt":"2025-11-17T15:56:17","slug":"lille-inoxtag-en-dedicace-pour-instinct-t2","status":"publish","type":"post","link":"https:\/\/www.europesays.com\/fr\/540549\/","title":{"rendered":"LILLE &#8211; Inoxtag en d\u00e9dicace pour \u00ab\u00a0Instinct &#8211; T2\u00a0\u00bb !*"},"content":{"rendered":"<p>La Fnac Lille a le plaisir de recevoir Inoxtag lors d\u2019une s\u00e9ance de d\u00e9dicaces (*sur inscriptions) pour la sortie de \u00ab\u00a0Instinct \u2013 Tome 2\u00a0\u00bb !<\/p>\n<p style=\"text-align: center;\">\u00a0\u00a0Inscription d\u00e8s le 13\/11 \u00e0 16h<\/p>\n<p>Trois mois apr\u00e8s l\u2019incident qui a boulevers\u00e9 le cours de sa vie, Haki s\u2019affaiblit. Il porte le Noctus, une maladie qui s\u2019\u00e9tend en lui un peu plus chaque jour. Dehors, la ville d\u2019Agartha garde un visage parfait. Trop parfait.<\/p>\n<p>Haki doit choisir : \u00eatre spectateur et laisser la maladie l\u2019emporter\u2026 ou risquer le peu de vie qui lui reste pour d\u00e9couvrir les v\u00e9rit\u00e9s qu\u2019Agartha refuse de montrer.<\/p>\n<p><a href=\"https:\/\/animation.fnac.com\/zn\/vxygsdbji\" target=\"_blank\" rel=\"noopener\">\u00a0<\/a><\/p>\n<p><strong>INOXTAG<\/strong><br \/>Cr\u00e9ateur de contenu incontournable sur YouTube, Inoxtag s\u2019impose depuis plus de dix ans par son humour, son \u00e9nergie et ses aventures hors du commun, de Minecraft \u00e0 l\u2019ascension du Mont Everest. Son documentaire\u00a0Kaizen\u00a0(2024) a r\u00e9uni plus de 46 millions de spectateurs. Grand passionn\u00e9 de manga, nourri par\u00a0One Piece\u00a0et\u00a0Naruto, il concr\u00e9tise ce r\u00eave d\u2019enfant en devenant co-auteur d\u2019Instinct\u00a0aux c\u00f4t\u00e9s de Charles Compain et Basile Monnot.<br \/>\u00a0<\/p>\n<p style=\"text-align: center;\">*\u00c9v\u00e9nement gratuit <strong>sur inscription<\/strong>, dans la limite des places disponibles<br \/>\u00a0\u00a0<\/p>\n<p>        <img decoding=\"async\" src=\"https:\/\/www.europesays.com\/fr\/wp-content\/uploads\/2025\/04\/logo-rse.png\" alt=\"Logo RSE\" loading=\"lazy\" width=\"84\" height=\"116\"\/><\/p>\n<p>\n        La Fnac s\u2019engage activement dans les initiatives de responsabilit\u00e9 soci\u00e9tale des entreprises (RSE).\n    <\/p>\n<p>\n        Aidez-nous en choisissant la mobilit\u00e9 douce en privil\u00e9giant par exemple le v\u00e9lo (pistes cyclables et stationnements \u00e0 disposition), les transports en commun ou le covoiturage pour nous rejoindre. Ainsi, vous contribuez \u00e0 r\u00e9duire les \u00e9missions de gaz \u00e0 effet de serre et \u00e0 am\u00e9liorer notre qualit\u00e9 de l\u2019air. Pour plus d\u2019information, consultez la fiche du magasin.<br \/>Tous nos \u00e9v\u00e8nements sont en acc\u00e8s gratuit, dans la limite des places disponibles.\n    <\/p>\n","protected":false},"excerpt":{"rendered":"La Fnac Lille a le plaisir de recevoir Inoxtag lors d\u2019une s\u00e9ance de d\u00e9dicaces (*sur inscriptions) pour la&hellip;\n","protected":false},"author":2,"featured_media":530613,"comment_status":"","ping_status":"","sticky":false,"template":"","format":"standard","meta":{"footnotes":""},"categories":[2815],"tags":[1111,11,1777,674,9391,1011,27,811,37489,64978,1307,12,25],"class_list":{"0":"post-540549","1":"post","2":"type-post","3":"status-publish","4":"format-standard","5":"has-post-thumbnail","7":"category-lille","8":"tag-actu","9":"tag-actualites","10":"tag-eu","11":"tag-europe","12":"tag-evenement-fnac-gratuit","13":"tag-fr","14":"tag-france","15":"tag-hauts-de-france","16":"tag-inoxtag","17":"tag-instinct-t2","18":"tag-lille","19":"tag-news","20":"tag-republique-francaise"},"share_on_mastodon":{"url":"https:\/\/pubeurope.com\/@fr\/115565861722480447","error":""},"_links":{"self":[{"href":"https:\/\/www.europesays.com\/fr\/wp-json\/wp\/v2\/posts\/540549","targetHints":{"allow":["GET"]}}],"collection":[{"href":"https:\/\/www.europesays.com\/fr\/wp-json\/wp\/v2\/posts"}],"about":[{"href":"https:\/\/www.europesays.com\/fr\/wp-json\/wp\/v2\/types\/post"}],"author":[{"embeddable":true,"href":"https:\/\/www.europesays.com\/fr\/wp-json\/wp\/v2\/users\/2"}],"replies":[{"embeddable":true,"href":"https:\/\/www.europesays.com\/fr\/wp-json\/wp\/v2\/comments?post=540549"}],"version-history":[{"count":0,"href":"https:\/\/www.europesays.com\/fr\/wp-json\/wp\/v2\/posts\/540549\/revisions"}],"wp:featuredmedia":[{"embeddable":true,"href":"https:\/\/www.europesays.com\/fr\/wp-json\/wp\/v2\/media\/530613"}],"wp:attachment":[{"href":"https:\/\/www.europesays.com\/fr\/wp-json\/wp\/v2\/media?parent=540549"}],"wp:term":[{"taxonomy":"category","embeddable":true,"href":"https:\/\/www.europesays.com\/fr\/wp-json\/wp\/v2\/categories?post=540549"},{"taxonomy":"post_tag","embeddable":true,"href":"https:\/\/www.europesays.com\/fr\/wp-json\/wp\/v2\/tags?post=540549"}],"curies":[{"name":"wp","href":"https:\/\/api.w.org\/{rel}","templated":true}]}}