{"id":540555,"date":"2025-11-17T16:02:14","date_gmt":"2025-11-17T16:02:14","guid":{"rendered":"https:\/\/www.europesays.com\/fr\/540555\/"},"modified":"2025-11-17T16:02:14","modified_gmt":"2025-11-17T16:02:14","slug":"panne-du-metro-b-a-lyon-la-reprise-du-trafic-estimee-pour-17h30","status":"publish","type":"post","link":"https:\/\/www.europesays.com\/fr\/540555\/","title":{"rendered":"Panne du m\u00e9tro B \u00e0 Lyon : la reprise du trafic estim\u00e9e pour 17h30"},"content":{"rendered":"<p><img loading=\"lazy\" decoding=\"async\" alt=\"\u00a9 Flora Chaduc - Le m\u00e9tro B \u00e0 Lyon est \u00e0 l'arr\u00eat pour une heure.\" data-zoom-src=\"https:\/\/www.europesays.com\/fr\/wp-content\/uploads\/2025\/11\/initial-metro-ligne-b-lyon-credit-flora-chaduc.jpg\" data-zoomable=\"\" height=\"702\" src=\"https:\/\/www.europesays.com\/fr\/wp-content\/uploads\/2025\/11\/initial-metro-ligne-b-lyon-credit-flora-chaduc.jpg\" width=\"1248\"\/>  <\/p>\n<p class=\"article-desc\">\u00a9 Flora Chaduc &#8211; Le m\u00e9tro B \u00e0 Lyon est \u00e0 l&rsquo;arr\u00eat pour une heure. <\/p>\n<p>Dans un communiqu\u00e9, les \u00e9quipes du<strong> r\u00e9seau TCL<\/strong> font savoir qu&rsquo;une <strong>panne informatique<\/strong> entra\u00eene actuellement des difficult\u00e9s d&rsquo;exploitation de la <strong>ligne de m\u00e9tro B \u00e0 Lyon<\/strong>. Ce probl\u00e8me a g\u00e9n\u00e9r\u00e9 \u00ab\u00a0une interruption partielle\u00a0\u00bb de la ligne depuis 16h23, ce lundi 17 novembre. <\/p>\n<p> M\u00e9tro B : reprise estim\u00e9e \u00e0 17h30 <\/p>\n<p>La reprise du trafic est attendue vers 17h30. D&rsquo;ici l\u00e0, \u00ab\u00a0afin de garantir la continuit\u00e9 des d\u00e9placements, une flotte de bus relais a \u00e9t\u00e9 d\u00e9ploy\u00e9e entre Gare Part-Dieu Vivier Merle et Saint-Genis-Laval H\u00f4pital Lyon Sud, permettant ainsi de pallier l\u2019interruption temporaire de la ligne, indique le r\u00e9seau TCL, rappelant que la ligne est exploit\u00e9e par RATP dev. Des dispositifs d\u2019accompagnement ont \u00e9t\u00e9 mis en place pour aider les voyageurs \u00e0 s\u2019orienter et \u00e0 faciliter leurs d\u00e9placements.\u00a0\u00bb <\/p>\n<blockquote class=\"twitter-tweet\" data-uniformized=\"true\">\n<p dir=\"ltr\" lang=\"fr\">Ligne B &#8211; 16h31 &#8211; Ne circule plus &#8211; Bus relais de Gare Part-Dieu Vivier Merle \u00e0 Saint-Genis-Laval H\u00f4pital Lyon Sud &#8211; Reprise estim\u00e9e \u00e0 17h30 &#8211; D\u00e9faut syst\u00e8me informatique<\/p>\n<p> \u2014 TCL Lyon InfoTrafic (@LyonTcl) <a href=\"https:\/\/twitter.com\/LyonTcl\/status\/1990443741279137980?ref_src=twsrc%5Etfw\" target=\"_blank\" rel=\"noopener\">November 17, 2025<\/a><\/p><\/blockquote>\n<p><script async src=\"https:\/\/platform.twitter.com\/widgets.js\" charset=\"utf-8\"><\/script><\/p>\n","protected":false},"excerpt":{"rendered":"\u00a9 Flora Chaduc &#8211; Le m\u00e9tro B \u00e0 Lyon est \u00e0 l&rsquo;arr\u00eat pour une heure. Dans un communiqu\u00e9,&hellip;\n","protected":false},"author":2,"featured_media":540556,"comment_status":"","ping_status":"","sticky":false,"template":"","format":"standard","meta":{"footnotes":""},"categories":[1889],"tags":[1111,11,2430,1777,674,1011,27,2428,47973,12,25,10213],"class_list":{"0":"post-540555","1":"post","2":"type-post","3":"status-publish","4":"format-standard","5":"has-post-thumbnail","7":"category-lyon","8":"tag-actu","9":"tag-actualites","10":"tag-auvergne-rhone-alpes","11":"tag-eu","12":"tag-europe","13":"tag-fr","14":"tag-france","15":"tag-lyon","16":"tag-mu00e9tro-b","17":"tag-news","18":"tag-republique-francaise","19":"tag-tcl"},"share_on_mastodon":{"url":"https:\/\/pubeurope.com\/@fr\/115565884835305232","error":""},"_links":{"self":[{"href":"https:\/\/www.europesays.com\/fr\/wp-json\/wp\/v2\/posts\/540555","targetHints":{"allow":["GET"]}}],"collection":[{"href":"https:\/\/www.europesays.com\/fr\/wp-json\/wp\/v2\/posts"}],"about":[{"href":"https:\/\/www.europesays.com\/fr\/wp-json\/wp\/v2\/types\/post"}],"author":[{"embeddable":true,"href":"https:\/\/www.europesays.com\/fr\/wp-json\/wp\/v2\/users\/2"}],"replies":[{"embeddable":true,"href":"https:\/\/www.europesays.com\/fr\/wp-json\/wp\/v2\/comments?post=540555"}],"version-history":[{"count":0,"href":"https:\/\/www.europesays.com\/fr\/wp-json\/wp\/v2\/posts\/540555\/revisions"}],"wp:featuredmedia":[{"embeddable":true,"href":"https:\/\/www.europesays.com\/fr\/wp-json\/wp\/v2\/media\/540556"}],"wp:attachment":[{"href":"https:\/\/www.europesays.com\/fr\/wp-json\/wp\/v2\/media?parent=540555"}],"wp:term":[{"taxonomy":"category","embeddable":true,"href":"https:\/\/www.europesays.com\/fr\/wp-json\/wp\/v2\/categories?post=540555"},{"taxonomy":"post_tag","embeddable":true,"href":"https:\/\/www.europesays.com\/fr\/wp-json\/wp\/v2\/tags?post=540555"}],"curies":[{"name":"wp","href":"https:\/\/api.w.org\/{rel}","templated":true}]}}