{"id":540557,"date":"2025-11-17T16:04:16","date_gmt":"2025-11-17T16:04:16","guid":{"rendered":"https:\/\/www.europesays.com\/fr\/540557\/"},"modified":"2025-11-17T16:04:16","modified_gmt":"2025-11-17T16:04:16","slug":"pres-de-paris-les-agriculteurs-manifestent-pour-crier-leur-malaise-dans-un-contexte-tres-tendu","status":"publish","type":"post","link":"https:\/\/www.europesays.com\/fr\/540557\/","title":{"rendered":"Pr\u00e8s de Paris, les agriculteurs manifestent pour crier leur malaise \u00abdans un contexte tr\u00e8s tendu\u00bb"},"content":{"rendered":"<p class=\"paragraph text_align_left lp-f-body-02\">Pour eux, \u00ab malgr\u00e9 les promesses, rien ne bouge et rien ne change \u00bb. C\u2019est par cet \u00e9tat des lieux que commence l\u2019alerte conjointe publi\u00e9e ce lundi par la <a href=\"https:\/\/www.leparisien.fr\/paris-75\/tous-les-legumes-sont-propres-a-la-consommation-peut-on-vraiment-manger-ce-qui-pousse-dans-les-sols-de-paris-29-08-2025-HDXYWUIJTBCH3OB4YZZUB42PIE.php\" target=\"_blank\" rel=\"noreferrer noopener\">FDSEA \u00cele-de-France<\/a> et des Jeunes agriculteurs (JA) \u00cele-de-France Ouest. Un message que les deux syndicats agricoles vont faire entendre de vive voix ce mardi.<\/p>\n<p class=\"paragraph text_align_left lp-f-body-02\">Au moins trois manifestations sont pr\u00e9vues. La premi\u00e8re ce mardi, \u00e0 13 heures, au c\u0153ur d\u2019Auvernaux, une petite commune de l\u2019Essonne longeant l\u2019A6, \u00e0 la limite de la Seine-et-Marne. Et o\u00f9 se croisent la D74 et la D948 permettant de rejoindre l\u2019autoroute. On y annonce une vingtaine de tracteurs.<\/p>\n<p class=\"paragraph text_align_left lp-f-body-02\">Deux autres mobilisations sont pr\u00e9vues jeudi, dans la r\u00e9gion de Mantes-la-Jolie (Yvelines). L\u2019une \u00e0 10 heures, \u00e0 Arnouville-l\u00e8s-Mantes, l\u2019autre \u00e0 13 heures \u00e0 Thoiry, annoncent les deux syndicats. La manifestation ne devrait pas \u00eatre de la m\u00eame ampleur qu\u2019au printemps dernier, o\u00f9 <a href=\"https:\/\/www.leparisien.fr\/paris-75\/colere-des-agriculteurs-a-paris-et-en-ile-de-france-se-faire-entendre-pas-bloquer-la-capitale-26-05-2025-RRZ6BU3YYVHITHS4GKGH6KMBGM.php\" target=\"_blank\" rel=\"noreferrer noopener\">des agriculteurs s\u2019\u00e9taient r\u00e9unis par plusieurs dizaines \u00e0 Paris<\/a>.<\/p>\n<p>\u00ab Des prix toujours aussi bas depuis trois ans \u00bb<\/p>\n<p class=\"paragraph text_align_left lp-f-body-02\">Plus localement, ils ont indiqu\u00e9 vouloir \u00ab s\u2019opposer \u00e0 tout contr\u00f4le dans les exploitations agricoles \u00bb.<\/p>\n<p class=\"paragraph text_align_left lp-f-body-02\">\u00ab Dans un contexte tr\u00e8s tendu financi\u00e8rement, avec des prix toujours aussi bas depuis trois ans, coupl\u00e9s \u00e0 des charges qui continuent d\u2019augmenter, les exploitants agricoles de l\u2019\u00cele-de-France ne voient pas la sortie d\u2019un tunnel qui se noircit tous les jours \u00bb, pointe leur communiqu\u00e9.<\/p>\n<p class=\"paragraph text_align_left lp-f-body-02\">La FDSEA et les JA citent l\u2019accord entre l\u2019Union europ\u00e9enne et les pays sud-am\u00e9ricains du Mercosur, <a href=\"https:\/\/www.leparisien.fr\/economie\/mercosur-macron-a-dit-aux-agriculteurs-quen-letat-laccord-recueillera-un-non-tres-ferme-de-la-france-12-11-2025-IQYXNR23QBAXZKLHBWX4CJ5EXI.php\" target=\"_blank\" rel=\"noreferrer noopener\">et contre lequel la France s\u2019oppose dans sa forme actuelle<\/a>. Mais aussi l\u2019entr\u00e9e en vigueur, au 1er janvier 2026, d\u2019une taxe europ\u00e9enne sur les engrais azot\u00e9s et l\u2019interdiction de l\u2019ac\u00e9tamipride dans l\u2019agriculture, <a href=\"https:\/\/www.leparisien.fr\/environnement\/les-industriels-ont-renonce-a-le-defendre-vers-une-interdiction-de-lacetamipride-chez-les-particuliers-30-09-2025-AA4VRG5LPNCSFDZQYM5WNKWEYI.php\" target=\"_blank\" rel=\"noreferrer noopener\">cet insecticide toxique<\/a> et mortel pour les abeilles et les oiseaux qui avait failli \u00eatre r\u00e9introduit par la loi Duplomb.<\/p>\n","protected":false},"excerpt":{"rendered":"Pour eux, \u00ab malgr\u00e9 les promesses, rien ne bouge et rien ne change \u00bb. C\u2019est par cet \u00e9tat&hellip;\n","protected":false},"author":2,"featured_media":540558,"comment_status":"","ping_status":"","sticky":false,"template":"","format":"standard","meta":{"footnotes":""},"categories":[1592],"tags":[1111,11,1777,674,1011,27,662,1944,12,626,25,2382],"class_list":{"0":"post-540557","1":"post","2":"type-post","3":"status-publish","4":"format-standard","5":"has-post-thumbnail","7":"category-ile-de-france","8":"tag-actu","9":"tag-actualites","10":"tag-eu","11":"tag-europe","12":"tag-fr","13":"tag-france","14":"tag-ile-de-france","15":"tag-ma-ville","16":"tag-news","17":"tag-paris","18":"tag-republique-francaise","19":"tag-transport-idf-oise"},"share_on_mastodon":{"url":"","error":""},"_links":{"self":[{"href":"https:\/\/www.europesays.com\/fr\/wp-json\/wp\/v2\/posts\/540557","targetHints":{"allow":["GET"]}}],"collection":[{"href":"https:\/\/www.europesays.com\/fr\/wp-json\/wp\/v2\/posts"}],"about":[{"href":"https:\/\/www.europesays.com\/fr\/wp-json\/wp\/v2\/types\/post"}],"author":[{"embeddable":true,"href":"https:\/\/www.europesays.com\/fr\/wp-json\/wp\/v2\/users\/2"}],"replies":[{"embeddable":true,"href":"https:\/\/www.europesays.com\/fr\/wp-json\/wp\/v2\/comments?post=540557"}],"version-history":[{"count":0,"href":"https:\/\/www.europesays.com\/fr\/wp-json\/wp\/v2\/posts\/540557\/revisions"}],"wp:featuredmedia":[{"embeddable":true,"href":"https:\/\/www.europesays.com\/fr\/wp-json\/wp\/v2\/media\/540558"}],"wp:attachment":[{"href":"https:\/\/www.europesays.com\/fr\/wp-json\/wp\/v2\/media?parent=540557"}],"wp:term":[{"taxonomy":"category","embeddable":true,"href":"https:\/\/www.europesays.com\/fr\/wp-json\/wp\/v2\/categories?post=540557"},{"taxonomy":"post_tag","embeddable":true,"href":"https:\/\/www.europesays.com\/fr\/wp-json\/wp\/v2\/tags?post=540557"}],"curies":[{"name":"wp","href":"https:\/\/api.w.org\/{rel}","templated":true}]}}