{"id":540567,"date":"2025-11-17T16:09:13","date_gmt":"2025-11-17T16:09:13","guid":{"rendered":"https:\/\/www.europesays.com\/fr\/540567\/"},"modified":"2025-11-17T16:09:13","modified_gmt":"2025-11-17T16:09:13","slug":"accord-militaire-pour-soutenir-lukraine-face-a-la-russie-ce-quil-faut-retenir-de-la-conference-de-macron-zelensky-actualites","status":"publish","type":"post","link":"https:\/\/www.europesays.com\/fr\/540567\/","title":{"rendered":"Accord militaire pour soutenir l\u2019Ukraine face \u00e0 la Russie : ce qu\u2019il faut retenir de la conf\u00e9rence de Macron\u2013Zelensky : Actualit\u00e9s"},"content":{"rendered":"<p class=\"lead \"><strong>Lors d\u2019une conf\u00e9rence de presse \u00e0 l\u2019\u00c9lys\u00e9e le lundi 17 novembre 2025, Emmanuel Macron et Volodymyr Zelensky ont annonc\u00e9 un accord militaire pr\u00e9sent\u00e9 comme \u00ab\u00a0historique\u00a0\u00bb. Le chef de l\u2019\u00c9tat fran\u00e7ais a r\u00e9affirm\u00e9 un soutien \u00ab\u00a0sans rel\u00e2che \u00e0 l\u2019Ukraine\u00a0\u00bb face \u00e0 la Russie.<\/strong><\/p>\n<p class=\"lead \">Le pr\u00e9sident Emmanuel Macron a re\u00e7u pour la neuvi\u00e8me fois \u00e0 l\u2019\u00c9lys\u00e9e son homologue ukrainien depuis le d\u00e9but de la guerre russo-ukrainienne, afin de marquer un tournant dans la coop\u00e9ration entre Paris et Kiev, rapporte <a href=\"https:\/\/www.leparisien.fr\/international\/ukraine\/accord-militaire-paix-avant-2027-ce-quil-faut-retenir-de-la-conference-de-presse-de-macron-et-de-zelensky-17-11-2025-YFYXKKZWKZGIJHOZKYWM4CPXWM.php\" target=\"_blank\" rel=\"nofollow noopener\">Le Parisien<\/a>. Cette rencontre du 17 novembre, organis\u00e9e apr\u00e8s la signature d\u2019une \u00ab\u00a0d\u00e9claration d\u2019intention\u00a0\u00bb, devait poser les bases d\u2019un soutien fran\u00e7ais renforc\u00e9. Le chef de l&rsquo;\u00c9tat a insist\u00e9 d\u2019embl\u00e9e sur \u00ab\u00a0le moment important\u00a0\u00bb, rappelant que son pays avait fait depuis 2022 le choix du \u00ab\u00a0soutien, sans ambigu\u00eft\u00e9s, sans rel\u00e2che \u00e0 l\u2019Ukraine\u00a0\u00bb. Volodymyr Zelensky, lui, a salu\u00e9 des annonces qui \u00ab\u00a0apportent r\u00e9ellement de la force et de l\u2019espoir\u00a0\u00bb, remerciant Paris pour \u00ab\u00a0ses paroles et son soutien\u00a0\u00bb.<\/p>\n<p>                                                                                                 Un partenariat militaire sur dix ans <\/p>\n<p class=\"lead \">Le c\u0153ur des annonces concerne le renforcement de la coop\u00e9ration militaire. Emmanuel Macron a d\u00e9nonc\u00e9 \u00ab\u00a0l\u2019obstination\u00a0\u00bb et \u00ab\u00a0l\u2019intransigeance\u00a0\u00bb de Moscou, parlant m\u00eame d\u2019une \u00ab\u00a0forme d\u2019addiction de la Russie pour la guerre\u00a0\u00bb. Face \u00e0 cela, il a assur\u00e9 que la France restait \u00ab\u00a0d\u00e9termin\u00e9e et ent\u00eat\u00e9e pour la paix\u00a0\u00bb et qu\u2019elle ne n\u00e9gligerait \u00ab\u00a0rien\u00a0\u00bb pour permettre \u00e0 l\u2019Ukraine de tenir.<\/p>\n<p class=\"lead \">L\u2019accord sign\u00e9 pr\u00e9voit une collaboration \u00e9tendue sur dix ans, incluant l\u2019envoi de drones, d\u2019intercepteurs de drones, de bombes guid\u00e9es et une mont\u00e9e en puissance de la production industrielle de d\u00e9fense. \u00c0 cela s\u2019ajoute l\u2019acquisition par Kiev de jusqu\u2019\u00e0 100 avions de chasse Rafale. Pour le chef de l\u2019Ukraine, cet engagement est \u00ab\u00a0historique\u00a0\u00bb. Macron a pr\u00e9cis\u00e9 que ces capacit\u00e9s doivent permettre de \u00ab\u00a0dissuader toute nouvelle incursion\u00a0\u00bb et de \u201cprot\u00e9ger l\u2019espace a\u00e9rien\u201d ukrainien.<\/p>\n<p class=\"lead \">Le soutien fran\u00e7ais vise aussi le domaine civil, avec notamment la signature d\u2019un contrat de 475 millions d\u2019euros entre Alstom et les chemins de fer ukrainiens pour fournir 55 locomotives.<\/p>\n<p>                                                                                                 J\u2019esp\u00e8re que la paix sera obtenue avant 2027&Prime; <\/p>\n<p class=\"lead \">Interrog\u00e9 sur les perspectives politiques en France \u00e0 l\u2019approche de 2027, le pr\u00e9sident a assur\u00e9 que son objectif restait clair : \u00ab\u00a0J\u2019esp\u00e8re que la paix sera obtenue avant 2027\u00a0\u00bb. Selon lui, une paix durable ne sera possible que si l\u2019Ukraine dispose d\u2019une arm\u00e9e \u00ab\u00a0forte\u00a0\u00bb et \u00ab\u00a0cr\u00e9dible\u00a0\u00bb. Volodymyr Zelensky a, de son c\u00f4t\u00e9, soulign\u00e9 que \u00ab\u00a0l\u2019Ukraine n\u2019est pas seule dans sa d\u00e9fense\u00a0\u00bb, r\u00e9p\u00e9tant que chaque syst\u00e8me fourni par les alli\u00e9s repr\u00e9sente \u00ab\u00a0la protection de vie en Ukraine\u00a0\u00bb.<\/p>\n<p class=\"small font-weight-bold text-gray3 \"> publi\u00e9 le 17 novembre \u00e0 15h49, Alexandre Lecomte, 6Medias.<\/p>\n<p>                             Partager<\/p>\n","protected":false},"excerpt":{"rendered":"Lors d\u2019une conf\u00e9rence de presse \u00e0 l\u2019\u00c9lys\u00e9e le lundi 17 novembre 2025, Emmanuel Macron et Volodymyr Zelensky ont&hellip;\n","protected":false},"author":2,"featured_media":540568,"comment_status":"","ping_status":"","sticky":false,"template":"","format":"standard","meta":{"footnotes":""},"categories":[1591],"tags":[11,1887,12,1885,1886,132],"class_list":{"0":"post-540567","1":"post","2":"type-post","3":"status-publish","4":"format-standard","5":"has-post-thumbnail","7":"category-russie","8":"tag-actualites","9":"tag-federation-de-russie","10":"tag-news","11":"tag-russia","12":"tag-russian-federation","13":"tag-russie"},"share_on_mastodon":{"url":"https:\/\/pubeurope.com\/@fr\/115565911413087527","error":""},"_links":{"self":[{"href":"https:\/\/www.europesays.com\/fr\/wp-json\/wp\/v2\/posts\/540567","targetHints":{"allow":["GET"]}}],"collection":[{"href":"https:\/\/www.europesays.com\/fr\/wp-json\/wp\/v2\/posts"}],"about":[{"href":"https:\/\/www.europesays.com\/fr\/wp-json\/wp\/v2\/types\/post"}],"author":[{"embeddable":true,"href":"https:\/\/www.europesays.com\/fr\/wp-json\/wp\/v2\/users\/2"}],"replies":[{"embeddable":true,"href":"https:\/\/www.europesays.com\/fr\/wp-json\/wp\/v2\/comments?post=540567"}],"version-history":[{"count":0,"href":"https:\/\/www.europesays.com\/fr\/wp-json\/wp\/v2\/posts\/540567\/revisions"}],"wp:featuredmedia":[{"embeddable":true,"href":"https:\/\/www.europesays.com\/fr\/wp-json\/wp\/v2\/media\/540568"}],"wp:attachment":[{"href":"https:\/\/www.europesays.com\/fr\/wp-json\/wp\/v2\/media?parent=540567"}],"wp:term":[{"taxonomy":"category","embeddable":true,"href":"https:\/\/www.europesays.com\/fr\/wp-json\/wp\/v2\/categories?post=540567"},{"taxonomy":"post_tag","embeddable":true,"href":"https:\/\/www.europesays.com\/fr\/wp-json\/wp\/v2\/tags?post=540567"}],"curies":[{"name":"wp","href":"https:\/\/api.w.org\/{rel}","templated":true}]}}