{"id":540589,"date":"2025-11-17T16:21:15","date_gmt":"2025-11-17T16:21:15","guid":{"rendered":"https:\/\/www.europesays.com\/fr\/540589\/"},"modified":"2025-11-17T16:21:15","modified_gmt":"2025-11-17T16:21:15","slug":"lusm-pourrait-perdre-plusieurs-joueurs-au-profit-dun-club-de-top-14","status":"publish","type":"post","link":"https:\/\/www.europesays.com\/fr\/540589\/","title":{"rendered":"l\u2019USM pourrait perdre plusieurs joueurs au profit d\u2019un club de Top 14"},"content":{"rendered":"<p>Parmi les mouvements annonc\u00e9s, celui de Thomas Bu\u00e9 semble in\u00e9vitable. En fin de contrat, le joueur devrait rejoindre le Stade Fran\u00e7ais \u00e0 l\u2019issue de la saison. Une perte qui s\u2019inscrit dans un contexte o\u00f9 l\u2019USM peine \u00e0 retenir ses talents face \u00e0 des clubs plus hupp\u00e9s et mieux arm\u00e9s financi\u00e8rement. A c\u00f4t\u00e9 de ce dossier, la situation de Kyllian Ringuet est \u00e9galement au c\u0153ur des discussions.<\/p>\n<p>\u00a0<\/p>\n<p>L\u2019avant polyvalent, capable d\u2019\u00e9voluer en deuxi\u00e8me comme en troisi\u00e8me ligne, s\u2019est impos\u00e9 comme un cadre de l\u2019effectif avec 6 titularisations en 7 rencontres. Son contrat court jusqu\u2019en 2027, mais cela n\u2019emp\u00eache pas les rumeurs de d\u00e9part. Selon Midi Olympique, le Castres Olympique aurait fait de Ringuet une priorit\u00e9 et envisagerait de racheter la derni\u00e8re ann\u00e9e de son engagement.<\/p>\n<p>\u00a0<\/p>\n<p>Castres en qu\u00eate de renforts<\/p>\n<p>Le club tarnais cherche \u00e0 anticiper le d\u00e9part de Tyler Ardron. Le Canadien est en fin de contrat et pourrait poursuivre sa carri\u00e8re du c\u00f4t\u00e9 de Nice. Dans cette perspective, Kyllian Ringuet appara\u00eet comme le profil id\u00e9al pour assurer la rel\u00e8ve. Son arriv\u00e9e aidera \u00e0 renforcer un pack castrais en qu\u00eate de stabilit\u00e9. Dans tous les cas, si le d\u00e9part de Bu\u00e9 est d\u00e9j\u00e0 act\u00e9, celui de Ringuet constituerait un v\u00e9ritable coup dur pour Montauban.<\/p>\n<p>\u00a0<\/p>\n<p>Partagez cette info avec vos amis et vos proches en cliquant ici<br \/>Pour r\u00e9sumer<\/p>\n<p>Montauban, en difficult\u00e9 en Top 14, risque de perdre ses cadres. Thomas Bu\u00e9 rejoindra le Stade Fran\u00e7ais, tandis que Kyllian Ringuet, sous contrat jusqu\u2019en 2027, est cibl\u00e9 par Castres pour remplacer Tyler Ardron. Un coup dur pour l\u2019USM en qu\u00eate de maintien.<\/p>\n<p> <img decoding=\"async\" width=\"76\" height=\"76\" loading=\"lazy\" src=\"https:\/\/www.europesays.com\/fr\/wp-content\/uploads\/2025\/04\/avatar-quinze.png\" alt=\"Voldi Fr\u00e9jus\u00a0Hounvio\"\/><\/p>\n","protected":false},"excerpt":{"rendered":"Parmi les mouvements annonc\u00e9s, celui de Thomas Bu\u00e9 semble in\u00e9vitable. En fin de contrat, le joueur devrait rejoindre&hellip;\n","protected":false},"author":2,"featured_media":540590,"comment_status":"","ping_status":"","sticky":false,"template":"","format":"standard","meta":{"footnotes":""},"categories":[1416],"tags":[1011,27,479,1468,60,478],"class_list":{"0":"post-540589","1":"post","2":"type-post","3":"status-publish","4":"format-standard","5":"has-post-thumbnail","7":"category-rugby","8":"tag-fr","9":"tag-france","10":"tag-rugby","11":"tag-rugby-football","12":"tag-sports","13":"tag-top-14"},"share_on_mastodon":{"url":"https:\/\/pubeurope.com\/@fr\/115565959404555964","error":""},"_links":{"self":[{"href":"https:\/\/www.europesays.com\/fr\/wp-json\/wp\/v2\/posts\/540589","targetHints":{"allow":["GET"]}}],"collection":[{"href":"https:\/\/www.europesays.com\/fr\/wp-json\/wp\/v2\/posts"}],"about":[{"href":"https:\/\/www.europesays.com\/fr\/wp-json\/wp\/v2\/types\/post"}],"author":[{"embeddable":true,"href":"https:\/\/www.europesays.com\/fr\/wp-json\/wp\/v2\/users\/2"}],"replies":[{"embeddable":true,"href":"https:\/\/www.europesays.com\/fr\/wp-json\/wp\/v2\/comments?post=540589"}],"version-history":[{"count":0,"href":"https:\/\/www.europesays.com\/fr\/wp-json\/wp\/v2\/posts\/540589\/revisions"}],"wp:featuredmedia":[{"embeddable":true,"href":"https:\/\/www.europesays.com\/fr\/wp-json\/wp\/v2\/media\/540590"}],"wp:attachment":[{"href":"https:\/\/www.europesays.com\/fr\/wp-json\/wp\/v2\/media?parent=540589"}],"wp:term":[{"taxonomy":"category","embeddable":true,"href":"https:\/\/www.europesays.com\/fr\/wp-json\/wp\/v2\/categories?post=540589"},{"taxonomy":"post_tag","embeddable":true,"href":"https:\/\/www.europesays.com\/fr\/wp-json\/wp\/v2\/tags?post=540589"}],"curies":[{"name":"wp","href":"https:\/\/api.w.org\/{rel}","templated":true}]}}