{"id":540594,"date":"2025-11-17T16:27:12","date_gmt":"2025-11-17T16:27:12","guid":{"rendered":"https:\/\/www.europesays.com\/fr\/540594\/"},"modified":"2025-11-17T16:27:12","modified_gmt":"2025-11-17T16:27:12","slug":"le-psg-et-mbappe-reclament-des-sommes-astronomiques-dans-leur-litige","status":"publish","type":"post","link":"https:\/\/www.europesays.com\/fr\/540594\/","title":{"rendered":"Le PSG et Mbapp\u00e9 r\u00e9clament des sommes astronomiques dans leur litige"},"content":{"rendered":"<p><strong>Kylian Mbapp\u00e9, attaquant de 26 ans de l\u2019Equipe de France, est dor\u00e9navant au Real Madrid suite \u00e0 son d\u00e9part du Paris Saint-Germain. Mais tout n\u2019est pas encore r\u00e9gl\u00e9 entre le joueur et le club o\u00f9 il a pass\u00e9 7 ans. L\u2019international fran\u00e7ais est en conflit avec Paris au niveau financier pour des primes et salaires impay\u00e9s, alors que le PSG estime qu\u2019il y avait un accord trouv\u00e9. R\u00e9cemment, <a href=\"https:\/\/www.parisfans.fr\/une\/mbappe-ne-va-pas-gagner-le-psg-repond-822723.html\" target=\"_blank\" rel=\"noopener nofollow\">ses avocats ont annonc\u00e9 une offensive avec plusieurs proc\u00e9dures lanc\u00e9es et le PSG a r\u00e9pondu<\/a>. Ce lundi, jour d\u2019audience devant les Prud\u2019hommes, Le Parisien indique que chaque partie demande une somme colossale.<\/strong><\/p>\n<p>\u00ab\u00a0Les avocats du PSG ont choisi de d\u00e9voiler l\u2019existence d\u2019une offre venue d\u2019Arabie saoudite\u00a0\u00bb<\/p>\n<blockquote>\n<p>\u00ab\u00a0Selon nos informations, l\u2019attaquant fran\u00e7ais, aujourd\u2019hui du c\u00f4t\u00e9 du Real Madrid, r\u00e9clame la modique somme de 240 millions d\u2019euros de dommages et int\u00e9r\u00eats suite au pr\u00e9judice subi apr\u00e8s son d\u00e9part \u00e0 l\u2019\u00e9t\u00e9 2024. L\u2019international tricolore reproche \u00e9galement \u00e0 ses anciens dirigeants l\u2019absence de requalification de son CDD en CDI.<\/p>\n<\/blockquote>\n<blockquote>\n<p>Le club de Nasser Al-Khela\u00effi demande quant \u00e0 lui \u00e0 ce que le natif de Bondy lui r\u00e8gle un ch\u00e8que de 180 millions d\u2019euros pour lui avoir menti en promettant qu\u2019il ne partirait pas libre de tout contrat. Les avocats du PSG ont choisi de d\u00e9voiler l\u2019existence d\u2019une offre venue d\u2019Arabie saoudite \u00e0 hauteur de 300 millions d\u2019euros, r\u00e9v\u00e9l\u00e9e dans nos colonnes \u00e0 l\u2019\u00e9poque, que le joueur aurait d\u00e9clin\u00e9e en juillet 2023, avant de refuser de prolonger et de quitter le club sans indemnit\u00e9 de transfert en contrepartie.\u00a0\u00bb<\/p>\n<\/blockquote>\n<p>Ce dossier \u00e9pineux continue, l\u2019\u00e9pilogue reste loin et le d\u00e9nouement donnera deux issues visiblement tr\u00e8s diff\u00e9rentes. Mbapp\u00e9 et le PSG sont oppos\u00e9s de fa\u00e7on impressionnante sur la somme \u00e0 recevoir ou \u00e0 verser. Difficile depuis l\u2019ext\u00e9rieur de donner raison \u00e0 l\u2019un ou \u00e0 l\u2019autre. On ne peut que faire confiance \u00e0 la justice. Et au PSG, dans notre cas, pour ne pas s\u2019\u00eatre mis en difficult\u00e9 avec une cons\u00e9quence financi\u00e8re qui pourrait \u00eatre lourde.<\/p>\n<p>On est en tout cas impatient d\u2019arriver au bout. Notre passion du football n\u2019existe pas pour ces tristes affaires juridiques. Le conflit avec Mbapp\u00e9, une nouvelle ombre sur ce passage tumultueux, doit trouver une fin afin de tourner pleinement la page. Avec une derni\u00e8re victoire ou un nouveau point tr\u00e8s dur \u00e0 dig\u00e9rer.<\/p>\n<p>\t\t\t\t\t\t\t\t\t\t\t\t\t\t\t\t\t\t\t\t\t\t\t<img decoding=\"async\" src=\"https:\/\/www.europesays.com\/fr\/wp-content\/uploads\/2025\/04\/ParisFans_Logo.png\"\/><\/p>\n","protected":false},"excerpt":{"rendered":"Kylian Mbapp\u00e9, attaquant de 26 ans de l\u2019Equipe de France, est dor\u00e9navant au Real Madrid suite \u00e0 son&hellip;\n","protected":false},"author":2,"featured_media":540595,"comment_status":"","ping_status":"","sticky":false,"template":"","format":"standard","meta":{"footnotes":""},"categories":[1410],"tags":[63,1011,27,6477,60,96],"class_list":{"0":"post-540594","1":"post","2":"type-post","3":"status-publish","4":"format-standard","5":"has-post-thumbnail","7":"category-football","8":"tag-football","9":"tag-fr","10":"tag-france","11":"tag-kylian-mbappe","12":"tag-sports","13":"tag-une"},"share_on_mastodon":{"url":"https:\/\/pubeurope.com\/@fr\/115565982977545875","error":""},"_links":{"self":[{"href":"https:\/\/www.europesays.com\/fr\/wp-json\/wp\/v2\/posts\/540594","targetHints":{"allow":["GET"]}}],"collection":[{"href":"https:\/\/www.europesays.com\/fr\/wp-json\/wp\/v2\/posts"}],"about":[{"href":"https:\/\/www.europesays.com\/fr\/wp-json\/wp\/v2\/types\/post"}],"author":[{"embeddable":true,"href":"https:\/\/www.europesays.com\/fr\/wp-json\/wp\/v2\/users\/2"}],"replies":[{"embeddable":true,"href":"https:\/\/www.europesays.com\/fr\/wp-json\/wp\/v2\/comments?post=540594"}],"version-history":[{"count":0,"href":"https:\/\/www.europesays.com\/fr\/wp-json\/wp\/v2\/posts\/540594\/revisions"}],"wp:featuredmedia":[{"embeddable":true,"href":"https:\/\/www.europesays.com\/fr\/wp-json\/wp\/v2\/media\/540595"}],"wp:attachment":[{"href":"https:\/\/www.europesays.com\/fr\/wp-json\/wp\/v2\/media?parent=540594"}],"wp:term":[{"taxonomy":"category","embeddable":true,"href":"https:\/\/www.europesays.com\/fr\/wp-json\/wp\/v2\/categories?post=540594"},{"taxonomy":"post_tag","embeddable":true,"href":"https:\/\/www.europesays.com\/fr\/wp-json\/wp\/v2\/tags?post=540594"}],"curies":[{"name":"wp","href":"https:\/\/api.w.org\/{rel}","templated":true}]}}