{"id":540610,"date":"2025-11-17T16:36:17","date_gmt":"2025-11-17T16:36:17","guid":{"rendered":"https:\/\/www.europesays.com\/fr\/540610\/"},"modified":"2025-11-17T16:36:17","modified_gmt":"2025-11-17T16:36:17","slug":"la-reaction-de-patrick-sebastien-a-la-sortie-dalain-souchon-sur-lextreme-droite","status":"publish","type":"post","link":"https:\/\/www.europesays.com\/fr\/540610\/","title":{"rendered":"la r\u00e9action de Patrick S\u00e9bastien \u00e0 la sortie d&rsquo;Alain Souchon sur l&rsquo;extr\u00eame droite"},"content":{"rendered":"<p class=\"article-p mdl\">\u00ab\u00a0J&rsquo;adore Souchon mais il a dit une b\u00eatise\u00a0\u00bb. Sur BFM, Patrick S\u00e9bastien a r\u00e9agi, ce lundi 17 novembre, aux propos tenus par le chanteur sur les \u00e9lecteurs du Rassemblement national (RN) sur RTL. L&rsquo;animateur-producteur a m\u00eame jug\u00e9 que la sortie d&rsquo;Alain Souchon \u00e9tait une \u00ab\u00a0b\u00eatise\u00a0\u00bb. Patrick S\u00e9bastien a ajout\u00e9 :<a class=\"link\" href=\"https:\/\/www.bfmtv.com\/societe\/video-c-est-ce-mepris-la-qui-a-fabrique-le-rn-patrick-sebastien-revient-sur-les-propos-d-alain-souchon-qui-ne-croit-pas-que-les-francais-soient-assez-cons-pour-elire-le-rn-en-2027_VN-202511170289.html\" target=\"_blank\" rel=\"noopener\"> \u00ab\u00a0C&rsquo;est ce m\u00e9pris-l\u00e0 qui a fabriqu\u00e9 le RN.<\/a>\u00a0Plus on les m\u00e9prise \u00e0 ce point-l\u00e0, plus on les r\u00e9conforte\u00a0\u00bb.<\/p>\n<p class=\"article-p mdl\">Invit\u00e9 dans Face \u00e0 Fogiel sur RTL, vendredi dernier, l&rsquo;interpr\u00e8te de Foule sentimentale\u00a0avait\u00a0<a class=\"link\" href=\"https:\/\/www.rtl.fr\/culture\/musique\/je-ne-crois-pas-que-les-francais-soient-assez-cons-sur-rtl-alain-souchon-juge-improbable-une-victoire-du-rn-a-la-presidentielle-2027-7900566258\" title=\"&quot;Je ne crois pas que les Fran\u00e7ais soient assez cons&quot; : sur RTL, Alain Souchon juge improbable une victoire du RN \u00e0 la pr\u00e9sidentielle 2027\" target=\"_blank\" rel=\"noopener\">partag\u00e9 ses inqui\u00e9tudes face \u00e0 la mont\u00e9e du RN,<\/a>\u00a0tout en affirmant son scepticisme\u00a0quant \u00e0 une \u00e9ventuelle victoire de ce parti \u00e0 la pr\u00e9sidentielle 2027. \u00ab\u00a0J&rsquo;y crois pas du tout, avait-il d\u00e9clar\u00e9. On ne sera jamais dans un pays dirig\u00e9 par le RN.\u00a0\u00bb<\/p>\n<p class=\"article-p mdl\">Alain Souchon ne cachait cependant pas son inqui\u00e9tude sur l&rsquo;ascension dans les sondages et dans les urnes du parti d&rsquo;extr\u00eame droite. \u00ab\u00a0Il monte, il fait peur&#8230; Tout le monde en parle, \u00e7a fait des frissons\u00a0\u00bb, a-t-il expliqu\u00e9 sur RTL avant d&rsquo;ajouter cette phrase qui agite l&rsquo;environnement du RN depuis vendredi : <strong>\u00ab\u00a0Je ne crois pas que les Fran\u00e7ais soient assez cons pour \u00e9lire quelqu&rsquo;un du Front National pour diriger\u00a0\u00bb.<\/strong><\/p>\n<p>            S\u00e9bastien Chenu qualifie les \u00ab\u00a0propos\u00a0\u00bb de Souchon de \u00ab\u00a0d\u00e9plac\u00e9s, d\u00e9connect\u00e9s et m\u00e9prisants\u00a0\u00bb<\/p>\n<p class=\"article-p mdl\">Avant cette sortie de Patrick S\u00e9bastien,\u00a0<a class=\"link\" href=\"https:\/\/www.rtl.fr\/actu\/politique\/deconnecte-deplace-meprisant-sur-rtl-sebastien-chenu-repond-a-alain-souchon-pour-qui-les-francais-ne-sont-pas-assez-cons-pour-voter-rn-7900566958\" target=\"_blank\" rel=\"noopener\">S\u00e9bastien Chenu, invit\u00e9 dans Le Grand Jury RTL-Public S\u00e9nat- Le Figaro-M6<\/a>,\u00a0dimanche avait parl\u00e9, lui, de \u00ab\u00a0propos d\u00e9plac\u00e9s, d\u00e9connect\u00e9s et m\u00e9prisants\u00a0\u00bb. Le d\u00e9put\u00e9 du Nord \u00ab\u00a0pense\u00a0\u00bb au contraire que \u00ab\u00a0les Fran\u00e7ais sont suffisamment intelligents pour rompre avec toutes les politiques qui font leur malheur\u00a0\u00bb.<\/p>\n<p class=\"article-p mdl\">Auteur du livre M\u00eame pas peur (publi\u00e9 en octobre aux \u00e9ditions XO), Patrick S\u00e9bastien a exprim\u00e9 <strong>sa volont\u00e9 de jouer un r\u00f4le majeur<\/strong> lors de la prochaine \u00e9lection pr\u00e9sidentielle de 2027. Le chanteur a r\u00e9cemment annonc\u00e9 recueillir les propositions des Fran\u00e7ais qu&rsquo;il rencontre afin de les faire remonter aux candidats qui seront en lice pour l&rsquo;\u00c9lys\u00e9e. Il assure toutefois ne pas \u00eatre lui-m\u00eame candidat.\u00a0\u00ab\u00a0Je ne me pr\u00e9sente \u00e0 rien\u00a0\u00bb, a-t-il pr\u00e9cis\u00e9 sur BFM lundi 17 novembre.<\/p>\n<p>    La r\u00e9daction vous recommande<\/p>\n<p class=\"s-newsletter__title\">\n                L\u2019actualit\u00e9 par la r\u00e9daction de RTL dans votre bo\u00eete mail.\n            <\/p>\n<p class=\"s-newsletter__subtitle\">\n                Gr\u00e2ce \u00e0 votre compte RTL abonnez-vous \u00e0 la newsletter RTL info pour suivre toute l&rsquo;actualit\u00e9 au quotidien\n            <\/p>\n<p>\n                                    Lire la suite\n                                <\/p>\n","protected":false},"excerpt":{"rendered":"\u00ab\u00a0J&rsquo;adore Souchon mais il a dit une b\u00eatise\u00a0\u00bb. Sur BFM, Patrick S\u00e9bastien a r\u00e9agi, ce lundi 17 novembre,&hellip;\n","protected":false},"author":2,"featured_media":289662,"comment_status":"","ping_status":"","sticky":false,"template":"","format":"standard","meta":{"footnotes":""},"categories":[8],"tags":[36362,58,59,2414,107,1011,27,6097,1062,316,1078],"class_list":{"0":"post-540610","1":"post","2":"type-post","3":"status-publish","4":"format-standard","5":"has-post-thumbnail","7":"category-divertissement","8":"tag-alain-souchon","9":"tag-divertissement","10":"tag-entertainment","11":"tag-fil-culture","12":"tag-fil-info","13":"tag-fr","14":"tag-france","15":"tag-patrick-sebastien","16":"tag-polemique","17":"tag-politique","18":"tag-rassemblement-national"},"share_on_mastodon":{"url":"https:\/\/pubeurope.com\/@fr\/115566017486953405","error":""},"_links":{"self":[{"href":"https:\/\/www.europesays.com\/fr\/wp-json\/wp\/v2\/posts\/540610","targetHints":{"allow":["GET"]}}],"collection":[{"href":"https:\/\/www.europesays.com\/fr\/wp-json\/wp\/v2\/posts"}],"about":[{"href":"https:\/\/www.europesays.com\/fr\/wp-json\/wp\/v2\/types\/post"}],"author":[{"embeddable":true,"href":"https:\/\/www.europesays.com\/fr\/wp-json\/wp\/v2\/users\/2"}],"replies":[{"embeddable":true,"href":"https:\/\/www.europesays.com\/fr\/wp-json\/wp\/v2\/comments?post=540610"}],"version-history":[{"count":0,"href":"https:\/\/www.europesays.com\/fr\/wp-json\/wp\/v2\/posts\/540610\/revisions"}],"wp:featuredmedia":[{"embeddable":true,"href":"https:\/\/www.europesays.com\/fr\/wp-json\/wp\/v2\/media\/289662"}],"wp:attachment":[{"href":"https:\/\/www.europesays.com\/fr\/wp-json\/wp\/v2\/media?parent=540610"}],"wp:term":[{"taxonomy":"category","embeddable":true,"href":"https:\/\/www.europesays.com\/fr\/wp-json\/wp\/v2\/categories?post=540610"},{"taxonomy":"post_tag","embeddable":true,"href":"https:\/\/www.europesays.com\/fr\/wp-json\/wp\/v2\/tags?post=540610"}],"curies":[{"name":"wp","href":"https:\/\/api.w.org\/{rel}","templated":true}]}}