{"id":540611,"date":"2025-11-17T16:40:30","date_gmt":"2025-11-17T16:40:30","guid":{"rendered":"https:\/\/www.europesays.com\/fr\/540611\/"},"modified":"2025-11-17T16:40:30","modified_gmt":"2025-11-17T16:40:30","slug":"voici-les-meilleures-offres-en-avant-premiere-sur-amazon-fnac-darty-boulanger","status":"publish","type":"post","link":"https:\/\/www.europesays.com\/fr\/540611\/","title":{"rendered":"voici les meilleures offres en avant-premi\u00e8re sur Amazon, Fnac, Darty, Boulanger&#8230;"},"content":{"rendered":"<p>\u00c0 l\u2019approche du Black Friday du 28 novembre 2025, les enseignes multiplient les promotions. Le pr\u00e9-Black Friday bat son plein chez Amazon, Fnac, Darty ou Cdiscount, tandis que le Singles Day se poursuit sur AliExpress et d\u2019autres sites. Retrouvez ici les meilleures offres issues de ces deux \u00e9v\u00e9nements.<\/p>\n<p><a href=\"https:\/\/images.frandroid.com\/wp-content\/uploads\/2025\/11\/pre-black-friday-direct-1.jpg\" target=\"_blank\" class=\"article-content__figure\" rel=\"noopener\"><img fetchpriority=\"high\" decoding=\"async\" loading=\"eager\" width=\"1200\" height=\"675\" src=\"https:\/\/www.europesays.com\/fr\/wp-content\/uploads\/2025\/11\/pre-black-friday-direct-1.jpg\" alt=\"\" class=\"wp-image-2870869 wp-image wp-image\"  \/><\/a><\/p>\n<p>Il faut le dire : <strong>novembre est une tr\u00e8s bonne p\u00e9riode pour faire des achats<\/strong>. Les \u00e9v\u00e9nements commerciaux pour vous faire \u00e9conomiser de l\u2019argent sur les meilleurs produits Tech du moment se superposent, ce qui vous donne beaucoup de choix pour faire vos emplettes. <\/p>\n<p>Eh oui, on se rapproche doucement du v\u00e9ritable Black Friday \u00e0 la fin du mois, mais avant que la Black Week commence, les offres en avant-premi\u00e8re continuent jusqu\u2019\u00e0 la semaine prochaine chez la majorit\u00e9 des marchands fran\u00e7ais, tout comme le Singles Day qui se terminera le 19 novembre. Bref, que ce soit <a href=\"https:\/\/www.frandroid.com\/tag\/amazon\" target=\"_blank\" rel=\"noreferrer noopener\">Amazon<\/a>, <a href=\"https:\/\/www.frandroid.com\/tag\/fnac\" target=\"_blank\" rel=\"noreferrer noopener\">Fnac<\/a>, <a href=\"https:\/\/www.frandroid.com\/tag\/darty\" target=\"_blank\" rel=\"noreferrer noopener\">Darty<\/a>, <a href=\"https:\/\/www.frandroid.com\/tag\/boulanger\" target=\"_blank\" rel=\"noreferrer noopener\">Boulanger<\/a> ou encore <a href=\"https:\/\/www.frandroid.com\/tag\/aliexpress\" target=\"_blank\" rel=\"noreferrer noopener\">AliExpress<\/a>, tous retroussent d\u00e9j\u00e0 leurs manches pour casser les prix. <\/p>\n<p>Donc, si vous recherchez d\u00e8s maintenant un nouveau <a href=\"https:\/\/www.frandroid.com\/bons-plans\/bons-plans-smartphone\" target=\"_blank\" rel=\"noopener\">smartphone<\/a>, <a href=\"https:\/\/www.frandroid.com\/bons-plans\/bons-plans-tablette\" target=\"_blank\" rel=\"noopener\">tablette<\/a>, <a href=\"https:\/\/www.frandroid.com\/bons-plans\/bons-plans-tv\" target=\"_blank\" rel=\"noopener\">TV,<\/a> <a href=\"https:\/\/www.frandroid.com\/bons-plans\/bons-plans-pc-portable\" target=\"_blank\" rel=\"noopener\">PC portable<\/a>, <a href=\"https:\/\/www.frandroid.com\/bons-plans\/bons-plans-audio\" target=\"_blank\" rel=\"noopener\">casque ou \u00e9couteurs sans fil<\/a>, <a href=\"https:\/\/www.frandroid.com\/bons-plans\/bons-plans-objets-connectes\" target=\"_blank\" rel=\"noopener\">objets connect\u00e9s<\/a> ou m\u00eame une <a href=\"https:\/\/www.frandroid.com\/bons-plans\/bons-plans-gaming\" target=\"_blank\" rel=\"noreferrer noopener\">console gaming<\/a> vous \u00eates au bon endroit. Cet article sera mis \u00e0 jour tr\u00e8s r\u00e9guli\u00e8rement pour vous faire profiter en temps r\u00e9el des meilleurs prix !<\/p>\n<p>Black Friday 2025 : voici les meilleures offres en avant-premi\u00e8re sur Amazon, Fnac, Darty, Boulanger, AliExpress\u2026<\/p>\n<p>            mises \u00e0 jour disponibles<\/p>\n<p>Avec le SteelSeries Arctis Nova 5, la marque se pare l\u00e0 d\u2019un casque milieu de gamme de tr\u00e8s bonne facture, puisqu\u2019il a m\u00eame obtenu l\u2019excellente note de 9\/10 dans notre test. Ce qui le diff\u00e9rencie des autres, c\u2019est sa polyvalence gr\u00e2ce \u00e0 sa double connectivit\u00e9 et son dongle USB-C qui lui permet de passer du PC \u00e0 la Switch \u00e0 la vol\u00e9e.<\/p>\n<p><a target=\"_blank\" href=\"https:\/\/images.frandroid.com\/wp-content\/uploads\/2025\/11\/steelseries-arctis-nova-5-black-friday-2025.jpg\" class=\"article-content__figure\" rel=\"noopener\"><img loading=\"lazy\" decoding=\"async\" width=\"1200\" height=\"675\" src=\"https:\/\/www.europesays.com\/fr\/wp-content\/uploads\/2025\/11\/steelseries-arctis-nova-5-black-friday-2025-1200x675.jpg\" alt=\"\" class=\"wp-image-2872101 wp-image\"  \/><\/a><\/p>\n<ul class=\"wp-block-list\">\n<li>Une autonomie qui vient chatouiller les 45h<\/li>\n<li>La charge rapide : 15 minutes pour 6h d\u2019autonomie<\/li>\n<li>Un design tr\u00e8s soign\u00e9 et un confort certain<\/li>\n<\/ul>\n<p>Le SteelSeries Arctis Nova 5 est un casque qui co\u00fbtait, \u00e0 sa sortie en mai 2024, 139,99 euros. Le temps passant et le Black Friday aidant, vous le retrouvez chez Amazon <a href=\"https:\/\/shop.frandroid.com\/hwwl5v0o\" data-type=\"link\" data-id=\"https:\/\/shop.frandroid.com\/hwwl5v0o\" target=\"_blank\" rel=\"noreferrer noopener affiliate nofollow\" data-gtm=\"{&quot;event&quot;:&quot;afficlic&quot;,&quot;nom_marchand&quot;:&quot;amazon_fr&quot;,&quot;nom_produit&quot;:&quot;inconnu&quot;,&quot;categorie_produit&quot;:&quot;inconnu&quot;,&quot;module_produit&quot;:&quot;editolink&quot;,&quot;position_marchand&quot;:0,&quot;texte&quot;:&quot;en-ce-moment-a-69-99-euros&quot;}\">en ce moment \u00e0 69,99 euros<\/a>.<\/p>\n<p>Le Nothing Phone (3) interpelle par son design unique. Un smartphone gris au look vintage, comme une Game Boy des ann\u00e9es 90, mais en plus fin et plus technologique. L\u00e0, il y a un petit \u00e9cran circulaire appel\u00e9 Glyph Matrix. De plus, tout le reste de la fiche technique tient la route et permet une utilisation sans contrainte, que ce soit pour un usage classique ou du gaming.<\/p>\n<p><a href=\"https:\/\/images.frandroid.com\/wp-content\/uploads\/2025\/11\/nothing-phone-3-pre-black-friday-2025.jpg\" target=\"_blank\" class=\"article-content__figure\" rel=\"noopener\"><img loading=\"lazy\" decoding=\"async\" width=\"1200\" height=\"675\" src=\"https:\/\/www.europesays.com\/fr\/wp-content\/uploads\/2025\/11\/nothing-phone-3-pre-black-friday-2025-1200x675.jpg\" alt=\"\" class=\"wp-image-2871781 wp-image\"  \/><\/a><\/p>\n<ul class=\"wp-block-list\">\n<li>L\u2019interface Glyph Matrix, un point original<\/li>\n<li>Son design global se d\u00e9marque de la concurrence<\/li>\n<li>Une bonne politique de mise \u00e0 jour<\/li>\n<\/ul>\n<p>Lors de sa sortie en juillet 2025, le Nothing Phone (3) \u00e9tait \u00e0 849 euros, en version 12+256 Go. Avec le pr\u00e9-Black Friday sur Amazon, il passe au <a href=\"https:\/\/shop.frandroid.com\/igdlziqi\" target=\"_blank\" rel=\"noreferrer noopener affiliate nofollow\" data-gtm=\"{&quot;event&quot;:&quot;afficlic&quot;,&quot;nom_marchand&quot;:&quot;amazon_fr&quot;,&quot;nom_produit&quot;:&quot;inconnu&quot;,&quot;categorie_produit&quot;:&quot;inconnu&quot;,&quot;module_produit&quot;:&quot;editolink&quot;,&quot;position_marchand&quot;:0,&quot;texte&quot;:&quot;prix-plus-attractif-de-599-euros&quot;,&quot;offer_url&quot;:&quot;https:\/\/shop.frandroid.com\/igdlziqi&quot;,&quot;zone&quot;:&quot;contenu-page&quot;}\">prix plus attractif de 599 euros<\/a>.<\/p>\n<p>Xgimi n\u2019est pas la marque la plus mise en avant sur le march\u00e9 des vid\u00e9oprojecteurs, pourtant elle est int\u00e9ressante. Son mod\u00e8le <a href=\"https:\/\/www.frandroid.com\/marques\/xgimi\/1818055_test-du-xgimi-horizon-ultra-ultra-hd-dolby-vision-avec-une-double-source-de-lumiere-que-du-bon\" target=\"_blank\" rel=\"noreferrer noopener\">Horizon Ultra<\/a>, par exemple, est l\u2019un des plus connus et qui nous a bien plu. Parmi les autres, il y a cet Horizon Pro 4K, un cran en dessous de l\u2019Ultra, mais aussi moins cher, ce qui fait une partie de son charme. <\/p>\n<p><a href=\"https:\/\/images.frandroid.com\/wp-content\/uploads\/2025\/11\/xgimi-horizon-pro-4k-2.jpg\" target=\"_blank\" class=\"article-content__figure\" rel=\"noopener\"><img loading=\"lazy\" decoding=\"async\" width=\"1200\" height=\"675\" src=\"https:\/\/www.europesays.com\/fr\/wp-content\/uploads\/2025\/11\/xgimi-horizon-pro-4k-2-1200x675.jpg\" alt=\"\" class=\"wp-image-2871339 wp-image\"  \/><\/a><\/p>\n<ul class=\"wp-block-list\">\n<li>Une image 4K sur 200 pouces<\/li>\n<li>1500 lumens ISO pour la luminosit\u00e9<\/li>\n<li>Un son Harman Kardon sur deux haut-parleurs de 8W<\/li>\n<\/ul>\n<p>Le Xgimi Horizon Pro 4K est sorti \u00e0 1 699 euros. Depuis sa sortie, il est plut\u00f4t autour de 1 299 euros. Mais avec l\u2019offre du pr\u00e9-Black Friday, <a href=\"https:\/\/shop.frandroid.com\/c6zy5nz5\" target=\"_blank\" rel=\"noreferrer noopener affiliate nofollow\">il passe \u00e0 699,99 euros<\/a>.<\/p>\n<p>Le nouveau <a href=\"https:\/\/www.frandroid.com\/produits\/smartphones\/google\/2757533-google-pixel-10-pro\" target=\"_blank\" rel=\"noopener\">Google Pixel 10 Pro<\/a> est d\u00e9j\u00e0 sous le joug d\u2019une importante r\u00e9duction de prix sur\u00a0le site de Boulanger avec un stand de charge sans fil et un chargeur \u00e0 67 W. <\/p>\n<p><a href=\"https:\/\/images.frandroid.com\/wp-content\/uploads\/2025\/10\/google-pixel-10-pro-pre-black-firday.jpg\" target=\"_blank\" class=\"article-content__figure\" rel=\"noopener\"><img loading=\"lazy\" decoding=\"async\" width=\"1200\" height=\"675\" src=\"https:\/\/www.europesays.com\/fr\/wp-content\/uploads\/2025\/11\/1763152790_786_google-pixel-10-pro-pre-black-firday-1200x675.jpg\" alt=\"\" class=\"wp-image-2851105 wp-image\"  \/><\/a><\/p>\n<ul class=\"wp-block-list\">\n<li>\u00c9cran Super Actua 6,3 pouces OLED LTPO<\/li>\n<li>Triple appareil photo arri\u00e8re : 50 Mpx + 48 Mpx + 48 Mpx<\/li>\n<li>SoC Google Tensor G5 et Gemini : puissance brute et intelligence embarqu\u00e9e<\/li>\n<\/ul>\n<p>Au lieu d\u2019un prix barr\u00e9 \u00e0 1 249 euros, le pack Google Pixel 10 Pro se n\u00e9gocie en ce moment <a href=\"https:\/\/shop.frandroid.com\/ovwuiw54\" target=\"_blank\" rel=\"noreferrer noopener affiliate nofollow\" data-gtm=\"{&quot;event&quot;:&quot;afficlic&quot;,&quot;nom_marchand&quot;:&quot;boulanger&quot;,&quot;nom_produit&quot;:&quot;inconnu&quot;,&quot;categorie_produit&quot;:&quot;inconnu&quot;,&quot;module_produit&quot;:&quot;editolink&quot;,&quot;position_marchand&quot;:0,&quot;texte&quot;:&quot;en-promotion-a-999-euros-chez-boulanger&quot;,&quot;offer_url&quot;:&quot;https:\/\/shop.frandroid.com\/ovwuiw54&quot;,&quot;zone&quot;:&quot;contenu-page&quot;}\">en promotion \u00e0 899 euros chez Boulanger<\/a> en prenant en compte le bonus reprise de 100 euros. <\/p>\n<p>Les Nothing Ear (3) sont des \u00e9couteurs Bluetooth au design particulier, avec un format tige et un traitement du son premium. On reconnait la patte de la marque avec la transparence du produit, qui leur donne un look r\u00e9trofuturiste. Mais ils ne se contentent pas d\u2019avoir une bonne t\u00eate, ils sont aussi performants, avec une r\u00e9duction de bruit active efficace et une bonne autonomie. <\/p>\n<p><a href=\"https:\/\/images.frandroid.com\/wp-content\/uploads\/2025\/11\/nothing-ear-3-pre-black-friday-2025.jpg\" target=\"_blank\" class=\"article-content__figure\" rel=\"noopener\"><img loading=\"lazy\" decoding=\"async\" width=\"1200\" height=\"675\" src=\"https:\/\/www.europesays.com\/fr\/wp-content\/uploads\/2025\/11\/nothing-ear-3-pre-black-friday-2025-1200x675.jpg\" alt=\"\" class=\"wp-image-2871589 wp-image\"  \/><\/a><\/p>\n<ul class=\"wp-block-list\">\n<li>Une autonomie solide avec une charge rapide<\/li>\n<li>Une r\u00e9duction de bruit active efficace jusqu\u2019\u00e0 45 dB<\/li>\n<li>Le design transparent fid\u00e8le \u00e0 l\u2019image de marque<\/li>\n<\/ul>\n<p>Depuis leur sortie, les Nothing Ear (3) \u00e9taient vendus 179 euros. Mais avec le pr\u00e9-Black Friday, vous pouvez les commander pour 139 euros, <a href=\"https:\/\/shop.frandroid.com\/7mnv2x13\" target=\"_blank\" rel=\"noreferrer noopener affiliate nofollow\" data-gtm=\"{&quot;event&quot;:&quot;afficlic&quot;,&quot;nom_marchand&quot;:&quot;amazon_fr&quot;,&quot;nom_produit&quot;:&quot;inconnu&quot;,&quot;categorie_produit&quot;:&quot;inconnu&quot;,&quot;module_produit&quot;:&quot;editolink&quot;,&quot;position_marchand&quot;:0,&quot;texte&quot;:&quot;en-blanc&quot;,&quot;offer_url&quot;:&quot;https:\/\/shop.frandroid.com\/7mnv2x13&quot;,&quot;zone&quot;:&quot;contenu-page&quot;}\">en blanc<\/a> ou <a href=\"https:\/\/shop.frandroid.com\/b8whcqs2\" target=\"_blank\" rel=\"noreferrer noopener affiliate nofollow\" data-gtm=\"{&quot;event&quot;:&quot;afficlic&quot;,&quot;nom_marchand&quot;:&quot;amazon_fr&quot;,&quot;nom_produit&quot;:&quot;inconnu&quot;,&quot;categorie_produit&quot;:&quot;inconnu&quot;,&quot;module_produit&quot;:&quot;editolink&quot;,&quot;position_marchand&quot;:0,&quot;texte&quot;:&quot;en-noir&quot;,&quot;offer_url&quot;:&quot;https:\/\/shop.frandroid.com\/b8whcqs2&quot;,&quot;zone&quot;:&quot;contenu-page&quot;}\">en noir<\/a>, sur Amazon.<\/p>\n<p>La PlayStation 5 Slim avec lecteur de disque est actuellement en promotion pour ce pr\u00e9-Black Friday, l\u2019occasion d\u2019avoir la console la plus vendue de cette g\u00e9n\u00e9ration pour moins cher. <\/p>\n<p><a href=\"https:\/\/images.frandroid.com\/wp-content\/uploads\/2025\/10\/ps5-slim-black-friday-2025.jpg\" target=\"_blank\" class=\"article-content__figure\" rel=\"noopener\"><img loading=\"lazy\" decoding=\"async\" width=\"1200\" height=\"675\" src=\"https:\/\/www.europesays.com\/fr\/wp-content\/uploads\/2025\/11\/1763152843_913_ps5-slim-black-friday-2025-1200x675.jpg\" alt=\"\" class=\"wp-image-2858265 wp-image\"  \/><\/a><\/p>\n<ul class=\"wp-block-list\">\n<li>Les jeux exclusifs \u00e0 la PS5<\/li>\n<li>1 To de stockage (environ 800 Go)<\/li>\n<li>Astro\u2019s Playroom install\u00e9 d\u00e8s l\u2019allumage<\/li>\n<\/ul>\n<p>Au lieu de 549,99 euros habituellement, la Sony PlayStation 5 Slim avec lecteur est actuellement disponible <a href=\"https:\/\/shop.frandroid.com\/xua1c5be\" target=\"_blank\" rel=\"noreferrer noopener affiliate nofollow\">\u00e0 508 euros sur Amazon<\/a>. <\/p>\n<p>On trouve aussi un pack tr\u00e8s int\u00e9ressant chez Fnac, o\u00f9 la console est vendue avec deux tr\u00e8s bons jeux, Ghost of Yotei et Clair Obscur: Exp\u00e9dition 33, <a href=\"https:\/\/shop.frandroid.com\/lnjrsiec\" target=\"_blank\" rel=\"noreferrer noopener affiliate nofollow\" data-gtm=\"{&quot;event&quot;:&quot;afficlic&quot;,&quot;nom_marchand&quot;:&quot;fnac&quot;,&quot;nom_produit&quot;:&quot;inconnu&quot;,&quot;categorie_produit&quot;:&quot;inconnu&quot;,&quot;module_produit&quot;:&quot;editolink&quot;,&quot;position_marchand&quot;:0,&quot;texte&quot;:&quot;le-tout-pour-599-euros&quot;,&quot;offer_url&quot;:&quot;https:\/\/shop.frandroid.com\/lnjrsiec&quot;,&quot;zone&quot;:&quot;contenu-page&quot;}\">le tout pour 599 euros<\/a>. <\/p>\n<p>Avec <a href=\"https:\/\/www.frandroid.com\/guide-dachat\/487395_quels-smartphones-xiaomi-acheter-en-2018-la-selection-de-frandroid\" target=\"_blank\" rel=\"noopener\">sa gamme Poco<\/a>, Xiaomi propose des smartphones au bon rapport qualit\u00e9-prix comme le r\u00e9cent Poco M7. Un mod\u00e8le ultra endurant avec un \u00e9cran rafra\u00eechi \u00e0 144 Hz dont le prix chute de 30 %.<\/p>\n<p><a href=\"https:\/\/images.frandroid.com\/wp-content\/uploads\/2025\/08\/xiaomi-poco-m7-singles-days.jpg\" target=\"_blank\" class=\"article-content__figure\" rel=\"noopener\"><img loading=\"lazy\" decoding=\"async\" width=\"1200\" height=\"675\" src=\"https:\/\/www.europesays.com\/fr\/wp-content\/uploads\/2025\/11\/xiaomi-poco-m7-singles-days-1200x675.jpg\" alt=\"\" class=\"wp-image-2864723 wp-image\"  \/><\/a><\/p>\n<ul class=\"wp-block-list\">\n<li>Son \u00e9norme batterie de 7 000 mAh<\/li>\n<li>Son \u00e9cran FHD+ avec un taux de rafra\u00eechissement \u00e0 144 Hz<\/li>\n<li>La m\u00eame puce que le Xiaomi Redmi Note 13<\/li>\n<\/ul>\n<p>Au lieu de 173 euros pour la variante 6 + 128 Go, le Xiaomi Poco M7 revient <a href=\"https:\/\/shop.frandroid.com\/88o92swt\" data-type=\"link\" data-id=\"https:\/\/www.amazon.fr\/dp\/B0FFH1ZBSN\" target=\"_blank\" rel=\"noreferrer noopener affiliate nofollow\" data-gtm=\"{&quot;event&quot;:&quot;afficlic&quot;,&quot;nom_marchand&quot;:&quot;amazon_fr&quot;,&quot;nom_produit&quot;:&quot;inconnu&quot;,&quot;categorie_produit&quot;:&quot;inconnu&quot;,&quot;module_produit&quot;:&quot;editolink&quot;,&quot;position_marchand&quot;:0,&quot;texte&quot;:&quot;a-seulement-119-euros-sur-amazon&quot;,&quot;offer_url&quot;:&quot;https:\/\/shop.frandroid.com\/88o92swt&quot;,&quot;zone&quot;:&quot;contenu-page&quot;}\">\u00e0 seulement 112,49 euros sur Amazon<\/a>.<\/p>\n<p>Lanc\u00e9 cette ann\u00e9e, le TV Samsung TQ65S92FA cumule les atouts : dalle OLED 4K, IA int\u00e9gr\u00e9e, fonctions gaming compl\u00e8tes\u2026 Un mod\u00e8le qu\u2019on recommande encore plus quand il est en promotion. <\/p>\n<p><a href=\"https:\/\/images.frandroid.com\/wp-content\/uploads\/2025\/11\/samsung-tq65s92fa-black-friday-2025.jpg\" target=\"_blank\" class=\"article-content__figure\" rel=\"noopener\"><img loading=\"lazy\" decoding=\"async\" width=\"1200\" height=\"675\" src=\"https:\/\/www.europesays.com\/fr\/wp-content\/uploads\/2025\/11\/samsung-tq65s92fa-black-friday-2025-1200x675.jpg\" alt=\"\" class=\"wp-image-2867405 wp-image\"  \/><\/a><\/p>\n<ul class=\"wp-block-list\">\n<li>Une dalle OLED 4K de 65 pouces + 100 Hz<\/li>\n<li>Compatible HDR10+ et HLG<\/li>\n<li>Quatre ports HDMI 2.1 compatibles 4K@144 Hz<\/li>\n<li>L\u2019intelligence artificielle int\u00e9gr\u00e9e<\/li>\n<\/ul>\n<p>Auparavant propos\u00e9 \u00e0 1 799 euros, le TV Samsung TQ65S92FA 2025 est aujourd\u2019hui <a href=\"https:\/\/shop.frandroid.com\/mcz34shp\" target=\"_blank\" rel=\"noreferrer noopener affiliate nofollow\" data-gtm=\"{&quot;event&quot;:&quot;afficlic&quot;,&quot;nom_marchand&quot;:&quot;boulanger&quot;,&quot;nom_produit&quot;:&quot;inconnu&quot;,&quot;categorie_produit&quot;:&quot;inconnu&quot;,&quot;module_produit&quot;:&quot;editolink&quot;,&quot;position_marchand&quot;:0,&quot;texte&quot;:&quot;disponible-en-promotion-a-1-499-euros-chez-boulanger&quot;,&quot;offer_url&quot;:&quot;https:\/\/shop.frandroid.com\/mcz34shp&quot;,&quot;zone&quot;:&quot;contenu-page&quot;}\">disponible en promotion \u00e0 1 399 euros chez Boulanger<\/a>.<\/p>\n<p>Un pack qui aligne le luxueux et polyvalent Xiaomi 15T, accompagn\u00e9 de deux complices bien choisis : les Redmi Buds 6 Active pour la bande-son, et le Smart Band 9 Active pour le style et le cardio. Trois appareils qui se serrent les coudes et atterrissent en pr\u00e9-Black Friday avec un tarif avantageux. <\/p>\n<p><a href=\"https:\/\/images.frandroid.com\/wp-content\/uploads\/2025\/11\/pack-xiaomi-15t-pro-black-friday-frandroid.jpg\" target=\"_blank\" class=\"article-content__figure\" rel=\"noopener\"><img loading=\"lazy\" decoding=\"async\" width=\"1200\" height=\"675\" src=\"https:\/\/www.europesays.com\/fr\/wp-content\/uploads\/2025\/11\/pack-xiaomi-15t-pro-black-friday-frandroid-1200x675.jpg\" alt=\"\" class=\"wp-image-2869379 wp-image\"  \/><\/a><\/p>\n<ul class=\"wp-block-list\">\n<li>Un flaship sortie il y a deux mois avec photo Leica, un \u00e9cran 144 Hz, une recharge rapide de 90 W<\/li>\n<li>Des \u00e9couteurs sans fil d\u2019une autonomie de 30 heures et de la r\u00e9duction bruit via deux micros<\/li>\n<li>Un bracelet connect\u00e9 avec un \u00e9cran de 1,47 LCD cadenc\u00e9 \u00e0 60 Hz avec des capteurs SPO2, sommeil, sport, stress\u2026<\/li>\n<\/ul>\n<p>Au lieu de 999 euros, le pack Xiaomi 15T Pro est <a href=\"https:\/\/shop.frandroid.com\/i62kko5i\" target=\"_blank\" rel=\"noreferrer noopener affiliate nofollow\" data-gtm=\"{&quot;event&quot;:&quot;afficlic&quot;,&quot;nom_marchand&quot;:&quot;boulanger&quot;,&quot;nom_produit&quot;:&quot;inconnu&quot;,&quot;categorie_produit&quot;:&quot;inconnu&quot;,&quot;module_produit&quot;:&quot;editolink&quot;,&quot;position_marchand&quot;:0,&quot;texte&quot;:&quot;aujourd-hui-disponible-en-promotion-a-749-euros-sur-boulanger&quot;,&quot;offer_url&quot;:&quot;https:\/\/shop.frandroid.com\/i62kko5i&quot;,&quot;zone&quot;:&quot;contenu-page&quot;}\">aujourd\u2019hui disponible en promotion \u00e0 649 euros sur Boulanger<\/a> <strong>avec le bonus reprise de 100 euros<\/strong>. <\/p>\n<p>Image 4K HDR bien lumineuse, syst\u00e8me audio bluffant, fonctionnement discret\u2026 Le Xgimi Aura 2 cumule les atouts et figure naturellement parmi les vid\u00e9oprojecteurs \u00e0 ultra-courte focale les mieux not\u00e9s chez nous. <\/p>\n<p><a href=\"https:\/\/images.frandroid.com\/wp-content\/uploads\/2025\/11\/xgimi-aura-2-black-friday-2025.jpg\" target=\"_blank\" class=\"article-content__figure\" rel=\"noopener\"><img loading=\"lazy\" decoding=\"async\" width=\"1200\" height=\"675\" src=\"https:\/\/www.europesays.com\/fr\/wp-content\/uploads\/2025\/11\/xgimi-aura-2-black-friday-2025-1200x675.jpg\" alt=\"\" class=\"wp-image-2870011 wp-image\"  \/><\/a><\/p>\n<ul class=\"wp-block-list\">\n<li>Un mod\u00e8le \u00e0 ultra-courte focale, pens\u00e9 pour les espaces restreints<\/li>\n<li>Des images 4K HDR d\u00e9taill\u00e9es et lumineuses<\/li>\n<li>Un son enveloppant et une spatialisation r\u00e9ussie<\/li>\n<\/ul>\n<p>Lanc\u00e9 \u00e0 2 899 euros, le Xgimi Aura 2 est aujourd\u2019hui <a href=\"https:\/\/shop.frandroid.com\/zg9b75yt\" target=\"_blank\" rel=\"noreferrer noopener affiliate nofollow\" data-gtm=\"{&quot;event&quot;:&quot;afficlic&quot;,&quot;nom_marchand&quot;:&quot;fnac&quot;,&quot;nom_produit&quot;:&quot;inconnu&quot;,&quot;categorie_produit&quot;:&quot;inconnu&quot;,&quot;module_produit&quot;:&quot;editolink&quot;,&quot;position_marchand&quot;:0,&quot;texte&quot;:&quot;disponible-en-promotion-a-2-299-euros-a-la-fnac&quot;,&quot;offer_url&quot;:&quot;https:\/\/shop.frandroid.com\/zg9b75yt&quot;,&quot;zone&quot;:&quot;contenu-page&quot;}\">disponible en promotion \u00e0 2 299 euros \u00e0 la Fnac<\/a> et <a href=\"https:\/\/shop.frandroid.com\/8ky9d2ml\" target=\"_blank\" rel=\"noreferrer noopener affiliate nofollow\" data-gtm=\"{&quot;event&quot;:&quot;afficlic&quot;,&quot;nom_marchand&quot;:&quot;darty&quot;,&quot;nom_produit&quot;:&quot;inconnu&quot;,&quot;categorie_produit&quot;:&quot;inconnu&quot;,&quot;module_produit&quot;:&quot;editolink&quot;,&quot;position_marchand&quot;:0,&quot;texte&quot;:&quot;chez-darty&quot;,&quot;offer_url&quot;:&quot;https:\/\/shop.frandroid.com\/8ky9d2ml&quot;,&quot;zone&quot;:&quot;contenu-page&quot;}\">chez Darty<\/a>.<\/p>\n<p>La Lenovo Legion Tab a \u00e9t\u00e9 pens\u00e9e pour les joueuses et joueurs qui souhaitent pouvoir encha\u00eener les parties m\u00eame en dehors de chez eux, sans trimballer un gros laptop. Snapdragon 8 Gen 3, \u00e9cran bien fluide, charge rapide rassurante\u2026 Cette tablette a plus d\u2019un argument en sa faveur, et on peut m\u00eame ajouter celui du prix gr\u00e2ce \u00e0 cette offre.<\/p>\n<p><a href=\"https:\/\/images.frandroid.com\/wp-content\/uploads\/2025\/11\/lenovo-legion-tab-black-friday-2025.jpg\" target=\"_blank\" class=\"article-content__figure\" rel=\"noopener\"><img loading=\"lazy\" decoding=\"async\" width=\"1200\" height=\"675\" src=\"https:\/\/www.europesays.com\/fr\/wp-content\/uploads\/2025\/11\/lenovo-legion-tab-black-friday-2025-1200x675.jpg\" alt=\"\" class=\"wp-image-2869751 wp-image\"  \/><\/a><\/p>\n<ul class=\"wp-block-list\">\n<li>Une tablette de 350 g<\/li>\n<li>Un \u00e9cran 2,5K de 8,8 pouces rafra\u00eechi \u00e0 165 Hz<\/li>\n<li>Un SoC Snapdragon 8 Gen 3<\/li>\n<\/ul>\n<p>Initialement affich\u00e9e \u00e0 699,99 euros, la tablette Lenovo Legion Tab (avec son \u00e9tui et son \u00e9cran de protection) est aujourd\u2019hui <a href=\"https:\/\/shop.frandroid.com\/dgtxj50b\" target=\"_blank\" rel=\"noreferrer noopener affiliate nofollow\" data-gtm=\"{&quot;event&quot;:&quot;afficlic&quot;,&quot;nom_marchand&quot;:&quot;fnac&quot;,&quot;nom_produit&quot;:&quot;inconnu&quot;,&quot;categorie_produit&quot;:&quot;inconnu&quot;,&quot;module_produit&quot;:&quot;editolink&quot;,&quot;position_marchand&quot;:0,&quot;texte&quot;:&quot;disponible-en-promotion-a-499-99-euros-a-la-fnac&quot;,&quot;offer_url&quot;:&quot;https:\/\/shop.frandroid.com\/dgtxj50b&quot;,&quot;zone&quot;:&quot;contenu-page&quot;}\">disponible en promotion \u00e0 499,99 euros \u00e0 la Fnac<\/a> et <a href=\"https:\/\/shop.frandroid.com\/pm8e23mz\" target=\"_blank\" rel=\"noreferrer noopener affiliate nofollow\" data-gtm=\"{&quot;event&quot;:&quot;afficlic&quot;,&quot;nom_marchand&quot;:&quot;darty&quot;,&quot;nom_produit&quot;:&quot;inconnu&quot;,&quot;categorie_produit&quot;:&quot;inconnu&quot;,&quot;module_produit&quot;:&quot;editolink&quot;,&quot;position_marchand&quot;:0,&quot;texte&quot;:&quot;chez-darty&quot;,&quot;offer_url&quot;:&quot;https:\/\/shop.frandroid.com\/pm8e23mz&quot;,&quot;zone&quot;:&quot;contenu-page&quot;}\">chez Darty<\/a>.<\/p>\n<p>Apple a \u00e9t\u00e9 la premi\u00e8re marque \u00e0 d\u00e9mocratiser les \u00e9couteurs true wireless. Un savoir-faire qui perdure depuis des ann\u00e9es et qui se d\u00e9cline de diff\u00e9rentes fa\u00e7ons. Avec les AirPods Pro MagSafe pr\u00e9sent\u00e9s ici, vous b\u00e9n\u00e9ficiez de deux atouts majeurs : la r\u00e9duction de bruit active, pour \u00eatre au calme, et la charge sans fil.<\/p>\n<p><a href=\"https:\/\/images.frandroid.com\/wp-content\/uploads\/2025\/11\/airpods-pro-magsafe-recondtionnes-pre-black-friday.jpg\" target=\"_blank\" class=\"article-content__figure\" rel=\"noopener\"><img loading=\"lazy\" decoding=\"async\" width=\"1200\" height=\"675\" src=\"https:\/\/www.europesays.com\/fr\/wp-content\/uploads\/2025\/11\/airpods-pro-magsafe-recondtionnes-pre-black-friday-1200x675.jpg\" alt=\"\" class=\"wp-image-2869903 wp-image\"  \/><\/a><\/p>\n<ul class=\"wp-block-list\">\n<li>L\u2019efficacit\u00e9 de la r\u00e9duction de bruit<\/li>\n<li>Le bo\u00eetier MagSafe compatible avec la charge sans-fil Qi<\/li>\n<li>La puce H1 pour une int\u00e9gration parfaite dans l\u2019\u00e9cosyst\u00e8me Apple<\/li>\n<\/ul>\n<p>Comme on l\u2019a dit, les AirPods Pro Magsafe co\u00fbtent, neufs, 199 euros. Reconditionn\u00e9s, ils sont vendus 149 euros et <a href=\"https:\/\/shop.frandroid.com\/7ybwc8ll\" target=\"_blank\" rel=\"noreferrer noopener affiliate nofollow\" data-gtm=\"{&quot;event&quot;:&quot;afficlic&quot;,&quot;nom_marchand&quot;:&quot;fnac&quot;,&quot;nom_produit&quot;:&quot;inconnu&quot;,&quot;categorie_produit&quot;:&quot;inconnu&quot;,&quot;module_produit&quot;:&quot;editolink&quot;,&quot;position_marchand&quot;:0,&quot;texte&quot;:&quot;passent-a-129-euros&quot;,&quot;offer_url&quot;:&quot;https:\/\/shop.frandroid.com\/7ybwc8ll&quot;,&quot;zone&quot;:&quot;contenu-page&quot;}\">passent \u00e0 129 euros<\/a> pendant le pr\u00e9-Black Friday sur Fnac.<\/p>\n<p>Pour une exp\u00e9rience cin\u00e9ma digne de ce nom, cet \u00e9cran Philips OLED 4K 120 Hz Ambilight se retrouve \u00e0 1 149 euros au lieu de 1 999 euros.<\/p>\n<p><a href=\"https:\/\/images.frandroid.com\/wp-content\/uploads\/2025\/11\/philips-ambilight-65oled760-pre-black-friday-2025.jpg\" target=\"_blank\" class=\"article-content__figure\" rel=\"noopener\"><img loading=\"lazy\" decoding=\"async\" width=\"1200\" height=\"675\" src=\"https:\/\/www.europesays.com\/fr\/wp-content\/uploads\/2025\/11\/philips-ambilight-65oled760-pre-black-friday-2025-1200x675.jpg\" alt=\"\" class=\"wp-image-2871271 wp-image\"  \/><\/a><\/p>\n<ul class=\"wp-block-list\">\n<li>La technologie OLED soigne vraiment l\u2019image<\/li>\n<li>L\u2019Ambilight est un vrai plus pour l\u2019immersion<\/li>\n<li>Le processeur utilise l\u2019IA pour am\u00e9liorer l\u2019image<\/li>\n<\/ul>\n<p>Comme pr\u00e9cis\u00e9 plus haut, le Philips 65OLED760 est sorti en d\u00e9but d\u2019ann\u00e9e \u00e0 1 999 euros. Pendant les Soldes d\u2019\u00e9t\u00e9 il \u00e9tait \u00e0 1 599 euros et l\u00e0 pour le pr\u00e9-Black Friday, <a href=\"https:\/\/shop.frandroid.com\/b86sa3db\" target=\"_blank\" rel=\"noreferrer noopener affiliate nofollow\" data-gtm=\"{&quot;event&quot;:&quot;afficlic&quot;,&quot;nom_marchand&quot;:&quot;amazon_fr&quot;,&quot;nom_produit&quot;:&quot;inconnu&quot;,&quot;categorie_produit&quot;:&quot;inconnu&quot;,&quot;module_produit&quot;:&quot;editolink&quot;,&quot;position_marchand&quot;:0,&quot;texte&quot;:&quot;il-passe-a-1-149-euros&quot;,&quot;offer_url&quot;:&quot;https:\/\/shop.frandroid.com\/b86sa3db&quot;,&quot;zone&quot;:&quot;contenu-page&quot;}\">il passe \u00e0 1 147 euros<\/a>.<\/p>\n<p>La deuxi\u00e8me g\u00e9n\u00e9ration de la Xiaomi Electric Scooter 4 Lite est  parfaite pour qui souhaite une premi\u00e8re <a href=\"https:\/\/www.frandroid.com\/guide-dachat\/guides-dachat-survoltes\/guides-dachat-trottinettes-electriques\/617520_quelle-trottinette-electrique-acheter\" target=\"_blank\" rel=\"noopener\">trottinette \u00e9lectrique.<\/a> C\u2019est un engin stable, maniable et surtout peu ch\u00e8re. Pendant le pr\u00e9-Black Friday, c\u2019est encore plus le cas puisqu\u2019on la trouve \u00e0 moins de 250 euros. <\/p>\n<p><a href=\"https:\/\/images.frandroid.com\/wp-content\/uploads\/2025\/11\/xiaomi-electric-scooter-4-lite-2nd-gen-pre-black-friday.jpg\" target=\"_blank\" class=\"article-content__figure\" rel=\"noopener\"><img loading=\"lazy\" decoding=\"async\" width=\"1200\" height=\"675\" src=\"https:\/\/www.europesays.com\/fr\/wp-content\/uploads\/2025\/11\/xiaomi-electric-scooter-4-lite-2nd-gen-pre-black-friday-1200x675.jpg\" alt=\"\" class=\"wp-image-2871337 wp-image\"  \/><\/a><\/p>\n<ul class=\"wp-block-list\">\n<li>Un mod\u00e8le certifi\u00e9 IPX4<\/li>\n<li>Des pneus plus larges<\/li>\n<li>Une puissance nominale de 300 W<\/li>\n<\/ul>\n<p>Initialement affich\u00e9e \u00e0 309,99 euros, la Xiaomi Electric Scooter 4 Lite (2nd Gen) est aujourd\u2019hui\u00a0disponible <a href=\"https:\/\/shop.frandroid.com\/ke5i9iej\" target=\"_blank\" rel=\"noreferrer noopener affiliate nofollow\" data-gtm=\"{&quot;event&quot;:&quot;afficlic&quot;,&quot;nom_marchand&quot;:&quot;cdiscount&quot;,&quot;nom_produit&quot;:&quot;inconnu&quot;,&quot;categorie_produit&quot;:&quot;inconnu&quot;,&quot;module_produit&quot;:&quot;editolink&quot;,&quot;position_marchand&quot;:0,&quot;texte&quot;:&quot;en-promotion-a-249-90-euros-chez-cdiscount&quot;,&quot;offer_url&quot;:&quot;https:\/\/shop.frandroid.com\/ke5i9iej&quot;,&quot;zone&quot;:&quot;contenu-page&quot;}\">en promotion \u00e0 249,90 euros chez Cdiscount.<\/a><\/p>\n<p>Ce pack est pour les audiophiles qui aiment le look r\u00e9tro de Marshall, tr\u00e8s ann\u00e9es 60, avec un son signature de bonne qualit\u00e9. Que ce soit pour profiter de la musique en groupe avec l\u2019enceinte Marshall Stanmore III, ou dans votre coin avec le casque Marshall Major V, vous avez de quoi faire. <\/p>\n<p><a href=\"https:\/\/images.frandroid.com\/wp-content\/uploads\/2025\/11\/marshall-stanmore-iii-marshall-major-v-pre-black-friday-2025.jpg\" target=\"_blank\" class=\"article-content__figure\" rel=\"noopener\"><img loading=\"lazy\" decoding=\"async\" width=\"1200\" height=\"675\" src=\"https:\/\/www.europesays.com\/fr\/wp-content\/uploads\/2025\/11\/marshall-stanmore-iii-marshall-major-v-pre-black-friday-2025-1200x675.jpg\" alt=\"\" class=\"wp-image-2871061 wp-image\"  \/><\/a><\/p>\n<ul class=\"wp-block-list\">\n<li>Un son de 80 W RMS sur l\u2019enceinte<\/li>\n<li>Autonomie de 100 h pour le casque<\/li>\n<li>Un design rock\u2019n\u2019roll tr\u00e8s sixties<\/li>\n<\/ul>\n<p>Ce pack co\u00fbterait normalement 549,99 euros. Sur Boulanger pendant le pr\u00e9-Black Friday, il est affich\u00e9 \u00e0 299,99 euros. En utilisant <strong>le code promo AUDIO10<\/strong> il perd 30 euros de plus <a href=\"https:\/\/shop.frandroid.com\/ps70ykuv\" target=\"_blank\" rel=\"noreferrer noopener affiliate nofollow\" data-gtm=\"{&quot;event&quot;:&quot;afficlic&quot;,&quot;nom_marchand&quot;:&quot;boulanger&quot;,&quot;nom_produit&quot;:&quot;inconnu&quot;,&quot;categorie_produit&quot;:&quot;inconnu&quot;,&quot;module_produit&quot;:&quot;editolink&quot;,&quot;position_marchand&quot;:0,&quot;texte&quot;:&quot;pour-passer-a-269-99-euros&quot;,&quot;offer_url&quot;:&quot;https:\/\/shop.frandroid.com\/ps70ykuv&quot;,&quot;zone&quot;:&quot;contenu-page&quot;}\">pour passer \u00e0 269,99 euros<\/a>.<\/p>\n<p>La Samsung Galaxy Tab S10 Lite est une r\u00e9cente tablette Android id\u00e9ale pour toute la famille. Si vous en cherchez une, elle semble toute choisie pendant le pr\u00e9-Black Friday : on la trouve en promotion \u00e0 279 euros au lieu de 350 euros.\u00a0<\/p>\n<p><a href=\"https:\/\/images.frandroid.com\/wp-content\/uploads\/2025\/09\/samsung-galaxy-tab-s10-lite-pre-black-friday.jpg\" target=\"_blank\" class=\"article-content__figure\" rel=\"noopener\"><img loading=\"lazy\" decoding=\"async\" width=\"1200\" height=\"675\" src=\"https:\/\/www.europesays.com\/fr\/wp-content\/uploads\/2025\/11\/1763397468_356_samsung-galaxy-tab-s10-lite-pre-black-friday-1200x675.jpg\" alt=\"\" class=\"wp-image-2871247 wp-image\"  \/><\/a><\/p>\n<ul class=\"wp-block-list\">\n<li>Un \u00e9cran LCD de 10,9 pouces \u00e0 90 Hz bien lumineux<\/li>\n<li>Le S Pen est inclus et avec cette offre, vous avez une bookcover<\/li>\n<li>L\u2019int\u00e9gration de Google AI pour une nouvelle exp\u00e9rience utilisateur<\/li>\n<\/ul>\n<p>Avec un prix barr\u00e9 \u00e0 350,99 euros, la tablette Samsung Galaxy Tab S10 Lite (128 Go) se n\u00e9gocie aujourd\u2019hui <a href=\"https:\/\/shop.frandroid.com\/thuuriyi\" target=\"_blank\" rel=\"noreferrer noopener affiliate nofollow\" data-gtm=\"{&quot;event&quot;:&quot;afficlic&quot;,&quot;nom_marchand&quot;:&quot;fnac&quot;,&quot;nom_produit&quot;:&quot;inconnu&quot;,&quot;categorie_produit&quot;:&quot;inconnu&quot;,&quot;module_produit&quot;:&quot;editolink&quot;,&quot;position_marchand&quot;:0,&quot;texte&quot;:&quot;en-promotion-a-279-99-euros-sur-le-site-de-la-fnac&quot;,&quot;offer_url&quot;:&quot;https:\/\/shop.frandroid.com\/thuuriyi&quot;,&quot;zone&quot;:&quot;contenu-page&quot;}\">en promotion \u00e0 279,99 euros sur le site de la Fnac<\/a>. <\/p>\n<p>La version FE du Galaxy Z Flip 7, le pliant \u201c\u00e0 clapet\u201d le plus accessible de Samsung, s\u2019offre une remise avant le Black Friday. Chez la Fnac et Darty, il tombe de 1 002 euros \u00e0 699 euros.<\/p>\n<p><a href=\"https:\/\/images.frandroid.com\/wp-content\/uploads\/2025\/11\/samsung-galaxy-z-flip-7-fe-black-friday-frandroid.jpg\" target=\"_blank\" class=\"article-content__figure\" rel=\"noopener\"><img loading=\"lazy\" decoding=\"async\" width=\"1200\" height=\"675\" src=\"https:\/\/www.europesays.com\/fr\/wp-content\/uploads\/2025\/11\/samsung-galaxy-z-flip-7-fe-black-friday-frandroid-1200x675.jpg\" alt=\"\" class=\"wp-image-2870149 wp-image\"  \/><\/a><\/p>\n<ul class=\"wp-block-list\">\n<li>Un \u00e9cran interne de 6,7 pouces AMOLED 120 Hz et un externe de 3,4 pouces<\/li>\n<li>Une bonne polyvalence photo avec un capteur de 50 mpx et un ultra grand-angle<\/li>\n<li>La long\u00e9vit\u00e9 loigicielle de Samsung avec 7 ans de mise \u00e0 jour<\/li>\n<\/ul>\n<p>Au lieu de 1 002 euros, le Samsung Galaxy Z Flip 7 FE est <a href=\"https:\/\/shop.frandroid.com\/nil6kzr5\" target=\"_blank\" rel=\"noreferrer noopener affiliate nofollow\" data-gtm=\"{&quot;event&quot;:&quot;afficlic&quot;,&quot;nom_marchand&quot;:&quot;fnac&quot;,&quot;nom_produit&quot;:&quot;inconnu&quot;,&quot;categorie_produit&quot;:&quot;inconnu&quot;,&quot;module_produit&quot;:&quot;editolink&quot;,&quot;position_marchand&quot;:0,&quot;texte&quot;:&quot;aujourd-hui-disponible-en-promotion-a-699-euros-sur-la-fnac&quot;,&quot;offer_url&quot;:&quot;https:\/\/shop.frandroid.com\/nil6kzr5&quot;,&quot;zone&quot;:&quot;contenu-page&quot;}\">aujourd\u2019hui disponible en promotion \u00e0 699 euros sur la Fnac<\/a>, et <a href=\"https:\/\/shop.frandroid.com\/g2lw20ne\" target=\"_blank\" rel=\"noreferrer noopener affiliate nofollow\">sur Darty<\/a>.<\/p>\n<p>Il a une autonomie record, des coussinets personnalisables, la r\u00e9duction de bruit adaptative\u2026 Et il est tr\u00e8s peu on\u00e9reux. Voici le r\u00e9cent <a href=\"https:\/\/www.frandroid.com\/produits\/audio-casques-ecouteurs\/nothing\/2813949-nothing-cmf-headphone-pro\" target=\"_blank\" rel=\"noopener\">CMF Headphone Pro<\/a>, qu\u2019Amazon affiche \u00e0 69 euros au lieu de 99 euros pendant le pr\u00e9-Black Friday. <\/p>\n<p><a href=\"https:\/\/images.frandroid.com\/wp-content\/uploads\/2025\/11\/cmf-headphone-pro-pre-black-friday.jpg\" target=\"_blank\" class=\"article-content__figure\" rel=\"noopener\"><img loading=\"lazy\" decoding=\"async\" width=\"1200\" height=\"675\" src=\"https:\/\/www.europesays.com\/fr\/wp-content\/uploads\/2025\/11\/cmf-headphone-pro-pre-black-friday-1200x675.jpg\" alt=\"\" class=\"wp-image-2871019 wp-image\"  \/><\/a><\/p>\n<ul class=\"wp-block-list\">\n<li>Un design personnalisable<\/li>\n<li>La r\u00e9duction de bruit adaptative<\/li>\n<li>Jusqu\u2019\u00e0 100 heures d\u2019\u00e9coute ! <\/li>\n<\/ul>\n<p>Lanc\u00e9 \u00e0 99 euros, le Nothing CMF Headphone Pro est aujourd\u2019hui <a href=\"https:\/\/shop.frandroid.com\/p9ju0yyb\" target=\"_blank\" rel=\"noreferrer noopener affiliate nofollow\" data-gtm=\"{&quot;event&quot;:&quot;afficlic&quot;,&quot;nom_marchand&quot;:&quot;amazon_fr&quot;,&quot;nom_produit&quot;:&quot;inconnu&quot;,&quot;categorie_produit&quot;:&quot;inconnu&quot;,&quot;module_produit&quot;:&quot;editolink&quot;,&quot;position_marchand&quot;:0,&quot;texte&quot;:&quot;disponible-en-promotion-a-79-euros-sur-amazon&quot;,&quot;offer_url&quot;:&quot;https:\/\/shop.frandroid.com\/p9ju0yyb&quot;,&quot;zone&quot;:&quot;contenu-page&quot;}\">remis\u00e9 \u00e0 69 euros sur Amazon<\/a>.<\/p>\n<p>La <a href=\"https:\/\/www.frandroid.com\/produits-android\/accessoires-objets-connectes\/montres-connectees-2\/1896447_test-de-la-garmin-vivoactive-5-une-montre-de-sport-abordable-et-performante\" target=\"_blank\" rel=\"noopener\">Garmin Vivoactive 5<\/a> est une montre tourn\u00e9e vers le sport qui poss\u00e8de des capteurs qui se r\u00e9v\u00e8lent tr\u00e8s pertinents et pr\u00e9cis pour suivre vos activit\u00e9s sportives et sant\u00e9. Avec l\u2019arriv\u00e9e du nouveau mod\u00e8le et le pr\u00e9-Black Friday, cette derni\u00e8re chute sous les 200 euros. <\/p>\n<p><a href=\"https:\/\/images.frandroid.com\/wp-content\/uploads\/2025\/07\/garmin-vivoactive-5-pre-black-friday.jpg\" target=\"_blank\" class=\"article-content__figure\" rel=\"noopener\"><img loading=\"lazy\" decoding=\"async\" width=\"1200\" height=\"675\" src=\"https:\/\/www.europesays.com\/fr\/wp-content\/uploads\/2025\/11\/garmin-vivoactive-5-pre-black-friday-1200x675.jpg\" alt=\"\" class=\"wp-image-2870941 wp-image\"  \/><\/a><\/p>\n<ul class=\"wp-block-list\">\n<li>Un bel \u00e9cran AMOLED<\/li>\n<li>Une bonne autonomie<\/li>\n<li>Un design passe-partout<\/li>\n<\/ul>\n<p>De base \u00e0 299 euros, la Garmin Vivoactive 5 est actuellement en <a href=\"https:\/\/shop.frandroid.com\/rza6b35k\" target=\"_blank\" rel=\"noreferrer noopener affiliate nofollow\" data-gtm=\"{&quot;event&quot;:&quot;afficlic&quot;,&quot;nom_marchand&quot;:&quot;i_run&quot;,&quot;nom_produit&quot;:&quot;inconnu&quot;,&quot;categorie_produit&quot;:&quot;inconnu&quot;,&quot;module_produit&quot;:&quot;editolink&quot;,&quot;position_marchand&quot;:0,&quot;texte&quot;:&quot;promotion-a-179-euros-sur-le-site-i-run&quot;,&quot;offer_url&quot;:&quot;https:\/\/shop.frandroid.com\/rza6b35k&quot;,&quot;zone&quot;:&quot;contenu-page&quot;}\">promotion \u00e0 179 euros sur le site i-run.<\/a><\/p>\n<p>Le Google Pixel 9 est l\u2019avant-dernier flagship de la marque, apr\u00e8s la sortie r\u00e9cente du <a href=\"https:\/\/www.frandroid.com\/produits\/smartphones\/google\/2754909-google-pixel-10\" target=\"_blank\" rel=\"noreferrer noopener\">Google Pixel 10<\/a>. Il devient une affaire en or pour ceux qui veulent de la photo, de l\u2019intelligence artificielle et de l\u2019Android pur, sans casser sa tirelire. Il reste un tr\u00e8s bon choix malgr\u00e9\u00a0l\u2019arriv\u00e9e de son successeur, d\u2019autant plus maintenant qu\u2019il co\u00fbte moins de 500 euros.\u00a0<\/p>\n<p><a href=\"https:\/\/images.frandroid.com\/wp-content\/uploads\/2025\/11\/google-pixel-9-pre-black-friday.jpg\" target=\"_blank\" class=\"article-content__figure\" rel=\"noopener\"><img loading=\"lazy\" decoding=\"async\" width=\"1200\" height=\"675\" src=\"https:\/\/www.europesays.com\/fr\/wp-content\/uploads\/2025\/11\/google-pixel-9-pre-black-friday-1200x675.jpg\" alt=\"\" class=\"wp-image-2869737 wp-image\"  \/><\/a><\/p>\n<ul class=\"wp-block-list\">\n<li>Un tr\u00e8s bon bloc photo<\/li>\n<li>Les 7 ans de mises \u00e0 jour promis<\/li>\n<li>Un nouveau design et un format optimal<\/li>\n<\/ul>\n<p>Le Google Pixel 9 \u00e9tait lanc\u00e9 \u00e0 899 euros en ao\u00fbt 2024. Avant le Black Friday, il \u00e9tait en promo \u00e0 549 euros mais l\u00e0 il baisse encore pour <a href=\"https:\/\/shop.frandroid.com\/5jx9qtv6\" target=\"_blank\" rel=\"noreferrer noopener affiliate nofollow\" data-gtm=\"{&quot;event&quot;:&quot;afficlic&quot;,&quot;nom_marchand&quot;:&quot;fnac&quot;,&quot;nom_produit&quot;:&quot;inconnu&quot;,&quot;categorie_produit&quot;:&quot;inconnu&quot;,&quot;module_produit&quot;:&quot;editolink&quot;,&quot;position_marchand&quot;:0,&quot;texte&quot;:&quot;s-afficher-a-499-euros&quot;,&quot;offer_url&quot;:&quot;https:\/\/shop.frandroid.com\/5jx9qtv6&quot;,&quot;zone&quot;:&quot;contenu-page&quot;}\">s\u2019afficher \u00e0 499 euros<\/a>. \u00c7a fonctionne chez Fnac mais <a href=\"https:\/\/shop.frandroid.com\/7bcwvkvc\" target=\"_blank\" rel=\"noreferrer noopener affiliate nofollow\">aussi chez Darty<\/a>, en fonction de vos pr\u00e9f\u00e9rences.<\/p>\n<p>Amazon eero 6 s\u2019est impos\u00e9 comme l\u2019un des syst\u00e8mes Wi-Fi maill\u00e9s les plus accessibles du march\u00e9, combinant couverture \u00e9tendue, prise en charge du Wi-Fi 6 et une gestion r\u00e9seau simplifi\u00e9e via application. Le kit exploite une architecture mesh capable d\u2019\u00e9liminer les zones mortes et de maintenir des d\u00e9bits stables, jusqu\u2019\u00e0 900 Mb\/s selon la configuration, ce qui am\u00e9liore nettement les usages lourds comme le streaming ou le t\u00e9l\u00e9chargement.<\/p>\n<p><img loading=\"lazy\" decoding=\"async\" width=\"1200\" height=\"675\" src=\"https:\/\/www.europesays.com\/fr\/wp-content\/uploads\/2025\/11\/routeur-wi-fi-maille-amazon-eero-6-1-1200x675.jpg\" alt=\"\" class=\"wp-image-2870573 wp-image\"  \/><\/p>\n<ul id=\"block-4f3a4834-e4d2-4bca-b373-7d7d9eded653\" class=\"wp-block-list\">\n<li>Couverture Wi-Fi 6 jusqu\u2019\u00e0 280 m\u00b2 pour un usage domestique \u00e9tendu.<\/li>\n<li>D\u00e9bits jusqu\u2019\u00e0 900 Mb\/s selon l\u2019environnement r\u00e9seau.<\/li>\n<li>Compatibilit\u00e9 Alexa gr\u00e2ce \u00e0 l\u2019int\u00e9gration d\u2019un hub Zigbee.<\/li>\n<\/ul>\n<p><a href=\"https:\/\/shop.frandroid.com\/aqdyl869\" target=\"_blank\" rel=\"noreferrer noopener affiliate nofollow\" data-gtm=\"{&quot;event&quot;:&quot;afficlic&quot;,&quot;nom_marchand&quot;:&quot;amazon_fr&quot;,&quot;nom_produit&quot;:&quot;inconnu&quot;,&quot;categorie_produit&quot;:&quot;inconnu&quot;,&quot;module_produit&quot;:&quot;editolink&quot;,&quot;position_marchand&quot;:0,&quot;texte&quot;:&quot;le-pack-de-deux-amazon-eero-6-est-aujourd-hui-propose-a-123-99-e-pour-l-avant-premiere-du-black-friday-sur-amazon&quot;,&quot;offer_url&quot;:&quot;https:\/\/shop.frandroid.com\/aqdyl869&quot;,&quot;zone&quot;:&quot;contenu-page&quot;}\">Le pack de deux Amazon eero 6 est aujourd\u2019hui propos\u00e9 \u00e0 <strong>123,99 \u20ac<\/strong> pour l\u2019avant-premi\u00e8re du Black Friday sur Amazon<\/a>, l\u2019une des baisses les plus marqu\u00e9es observ\u00e9es r\u00e9cemment.<\/p>\n<p>Longtemps positionn\u00e9 comme le casque premium de Beats, ce mod\u00e8le combine r\u00e9duction active du bruit, audio spatial personnalis\u00e9 et une connexion USB-C capable de transmettre un son lossless, un atout rare sur un casque nomade.<br \/>Pens\u00e9 pour s\u2019int\u00e9grer aussi bien dans l\u2019\u00e9cosyst\u00e8me Apple que sur Android, il mise sur une exp\u00e9rience simple, un port confortable et un son plus \u00e9quilibr\u00e9 que les g\u00e9n\u00e9rations pr\u00e9c\u00e9dentes. Le mode Transparence reste convaincant, et la pr\u00e9sence du Bluetooth multipoint facilite les usages entre laptop et smartphone.<\/p>\n<p><a href=\"https:\/\/images.frandroid.com\/wp-content\/uploads\/2025\/11\/beats-studio-pro.jpg\" target=\"_blank\" class=\"article-content__figure\" rel=\"noopener\"><img loading=\"lazy\" decoding=\"async\" width=\"1200\" height=\"675\" src=\"https:\/\/www.europesays.com\/fr\/wp-content\/uploads\/2025\/11\/beats-studio-pro-1200x675.jpg\" alt=\"\" class=\"wp-image-2870507 wp-image\"  \/><\/a><\/p>\n<ul class=\"wp-block-list\">\n<li>R\u00e9duction active du bruit efficace pour un casque grand public.<\/li>\n<li>Audio USB-C en lossless, absent de nombreux mod\u00e8les concurrents.<\/li>\n<li>Compatibilit\u00e9 compl\u00e8te Apple et Android sans perte de fonctions essentielles.<\/li>\n<\/ul>\n<p>La version Blanc Mat <a href=\"https:\/\/shop.frandroid.com\/8cb6r1jo\" target=\"_blank\" rel=\"noreferrer noopener affiliate nofollow\" data-gtm=\"{&quot;event&quot;:&quot;afficlic&quot;,&quot;nom_marchand&quot;:&quot;amazon_fr&quot;,&quot;nom_produit&quot;:&quot;inconnu&quot;,&quot;categorie_produit&quot;:&quot;inconnu&quot;,&quot;module_produit&quot;:&quot;editolink&quot;,&quot;position_marchand&quot;:0,&quot;texte&quot;:&quot;est-aujourd-hui-proposee-a-189-e&quot;,&quot;offer_url&quot;:&quot;https:\/\/shop.frandroid.com\/8cb6r1jo&quot;,&quot;zone&quot;:&quot;contenu-page&quot;}\">est aujourd\u2019hui propos\u00e9e \u00e0 <strong>189 \u20ac<\/strong><\/a>, pour l\u2019avant premi\u00e8re du Black Friday sur Amazon. C\u2019est l\u2019une des plus fortes baisses observ\u00e9es r\u00e9cemment<\/p>\n<p>La s\u00e9rie C des TV OLED de LG est souvent l\u2019option la plus int\u00e9ressante pour go\u00fbter au savoir faire de la marque. C\u2019est l\u2019\u00e9quilibre entre performance et accessibilit\u00e9. Aujourd\u2019hui, il est possible d\u2019en profiter pour moins de 900 euros. <\/p>\n<p><a href=\"https:\/\/images.frandroid.com\/wp-content\/uploads\/2025\/10\/lg-oled-55c5-pre-black-friday.jpg\" target=\"_blank\" class=\"article-content__figure\" rel=\"noopener\"><img loading=\"lazy\" decoding=\"async\" width=\"1200\" height=\"675\" src=\"https:\/\/www.europesays.com\/fr\/wp-content\/uploads\/2025\/11\/1763397479_286_lg-oled-55c5-pre-black-friday-1200x675.jpg\" alt=\"\" class=\"wp-image-2860997 wp-image\"  \/><\/a><\/p>\n<ul class=\"wp-block-list\">\n<li>Une dalle White-OLED Evo de 55 pouces<\/li>\n<li>Sa compatibilit\u00e9 avec les normes HLG, HDR10, Dolby Vision et Dolby Vision IQ<\/li>\n<li>Les performances gaming<\/li>\n<\/ul>\n<p>Lanc\u00e9 \u00e0 1 999 euros, <a href=\"https:\/\/shop.frandroid.com\/7wwwlca1\" target=\"_blank\" rel=\"noreferrer noopener affiliate nofollow\">le LG OLED55C5 2025 est en promotion \u00e0 990 euros chez Son-Vid\u00e9o<\/a>.<\/p>\n<p>Le<a href=\"https:\/\/www.frandroid.com\/produits\/smartphones\/google\/2754909-google-pixel-10\" target=\"_blank\" rel=\"noopener\"> Google 10<\/a> \u00e0 de belles choses \u00e0 offrir : un zoom optique x5, un Tensor G5 optimis\u00e9, une meilleure batterie et la promesse de 7 ans de mises \u00e0 jour. Int\u00e9ress\u00e9 ? Il peut vous revenir \u00e0 moins de 600 euros gr\u00e2ce \u00e0 cette offre pr\u00e9-Black Friday.<\/p>\n<p><a href=\"https:\/\/images.frandroid.com\/wp-content\/uploads\/2025\/10\/google-pixel-10-pre-black-friday-frandroid.jpg\" target=\"_blank\" class=\"article-content__figure\" rel=\"noopener\"><img loading=\"lazy\" decoding=\"async\" width=\"1200\" height=\"675\" src=\"https:\/\/www.europesays.com\/fr\/wp-content\/uploads\/2025\/11\/1763397480_578_google-pixel-10-pre-black-friday-frandroid-1200x675.jpg\" alt=\"\" class=\"wp-image-2849057 wp-image\"  \/><\/a><\/p>\n<ul class=\"wp-block-list\">\n<li>Un \u00e9cran tr\u00e8s tr\u00e8s lumineux et une autonomie en hausse<\/li>\n<li>Le Tensor G5 bien optimis\u00e9 et efficace<\/li>\n<li>La pr\u00e9sence d\u2019un t\u00e9l\u00e9objectif x5\u00a0<\/li>\n<\/ul>\n<p>Initialement \u00e0 899 euros, le Google Pixel 10 est <a href=\"https:\/\/shop.frandroid.com\/tdd9vi1w\" target=\"_blank\" rel=\"noreferrer noopener affiliate nofollow\" data-gtm=\"{&quot;event&quot;:&quot;afficlic&quot;,&quot;nom_marchand&quot;:&quot;amazon_fr&quot;,&quot;nom_produit&quot;:&quot;inconnu&quot;,&quot;categorie_produit&quot;:&quot;inconnu&quot;,&quot;module_produit&quot;:&quot;editolink&quot;,&quot;position_marchand&quot;:0,&quot;texte&quot;:&quot;aujourd-hui-en-promotion-a-639-euros-chez-amazon&quot;,&quot;offer_url&quot;:&quot;https:\/\/shop.frandroid.com\/tdd9vi1w&quot;,&quot;zone&quot;:&quot;contenu-page&quot;}\">aujourd\u2019hui en promotion \u00e0 639 euros chez Amazon<\/a>, \u00e9ligible en plus au <a href=\"https:\/\/shop.frandroid.com\/d70tvnvz\" target=\"_blank\" rel=\"noreferrer noopener affiliate nofollow\" data-gtm=\"{&quot;event&quot;:&quot;afficlic&quot;,&quot;nom_marchand&quot;:&quot;amazon_fr&quot;,&quot;nom_produit&quot;:&quot;inconnu&quot;,&quot;categorie_produit&quot;:&quot;inconnu&quot;,&quot;module_produit&quot;:&quot;editolink&quot;,&quot;position_marchand&quot;:0,&quot;texte&quot;:&quot;le-bonus-de-reprise&quot;,&quot;offer_url&quot;:&quot;https:\/\/shop.frandroid.com\/d70tvnvz&quot;,&quot;zone&quot;:&quot;contenu-page&quot;}\">bonus de reprise<\/a> de 100 euros. Cela permet d\u2019en profiter \u00e0 539 euros via ce bonus, une excellente offre pour ce smartphone tr\u00e8s r\u00e9cent.<\/p>\n<p>La RTX 5080 de Palit se positionne parmi les GPU les plus performants du moment. L\u2019architecture Ada-Next assure des r\u00e9sultats de premier plan en 4K, en ray tracing et en IA locale. Le mod\u00e8le Palit exploite un refroidissement triple-ventilateur et un PCB renforc\u00e9 pour maintenir des fr\u00e9quences \u00e9lev\u00e9es en charge, garantissant une constance que peu de cartes rivalisent \u00e0 ce niveau de performance. Les c\u0153urs RT et Tensor de derni\u00e8re g\u00e9n\u00e9ration am\u00e9liorent le DLSS 4, la reconstruction d\u2019image et les traitements IA locaux.<\/p>\n<p><a href=\"https:\/\/images.frandroid.com\/wp-content\/uploads\/2025\/11\/rtx-5080.jpg\" target=\"_blank\" class=\"article-content__figure\" rel=\"noopener\"><img loading=\"lazy\" decoding=\"async\" width=\"1200\" height=\"675\" src=\"https:\/\/www.europesays.com\/fr\/wp-content\/uploads\/2025\/11\/rtx-5080-1200x675.jpg\" alt=\"\" class=\"wp-image-2870481 wp-image\"  \/><\/a><\/p>\n<p>Habituellement propos\u00e9e autour de 1 199 \u20ac, <a href=\"https:\/\/shop.frandroid.com\/jk2j4se2\" target=\"_blank\" rel=\"noreferrer noopener affiliate nofollow\" data-gtm=\"{&quot;event&quot;:&quot;afficlic&quot;,&quot;nom_marchand&quot;:&quot;pc_componentes&quot;,&quot;nom_produit&quot;:&quot;inconnu&quot;,&quot;categorie_produit&quot;:&quot;inconnu&quot;,&quot;module_produit&quot;:&quot;editolink&quot;,&quot;position_marchand&quot;:0,&quot;texte&quot;:&quot;la-rtx-5080-palit-tombe-pour-la-premiere-fois-sous-les-1-000-e&quot;,&quot;offer_url&quot;:&quot;https:\/\/shop.frandroid.com\/jk2j4se2&quot;,&quot;zone&quot;:&quot;contenu-page&quot;}\">la RTX 5080 Palit tombe pour la premi\u00e8re fois sous les 1 000 \u20ac<\/a>. \u00c0 ce tarif, aucune alternative ne propose un rapport performances\/prix \u00e9quivalent<\/p>\n<p>Si vous en avez marre de devoir vous occuper de vos sols, vous pouvez laisser cette t\u00e2che au <a href=\"https:\/\/www.frandroid.com\/produits\/aspirateur-robot\/dreame\/2382924-dreame-l10s-ultra-gen-2\" target=\"_blank\" rel=\"noreferrer noopener\">Dreame L10s ULtra Gen 2<\/a>. Cet aspirateur robot, qui fait aussi le lavage avec ses serpill\u00e8res, est accompagn\u00e9 d\u2019une base polyvalente, qui fait que vous n\u2019avez que lui \u00e0 entretenir. En plus, et c\u2019est soulign\u00e9 <a href=\"https:\/\/www.frandroid.com\/marques\/dreame\/2368910_test-du-dreame-l10s-ultra-gen-2-enfin-un-robot-aspirateur-laveur-complet-et-abordable\" target=\"_blank\" rel=\"noreferrer noopener\">dans notre test<\/a>, m\u00eame \u00e7a c\u2019est tr\u00e8s facile. Tout \u00e7a avec 322 euros de r\u00e9ductions pour le pr\u00e9-Black Friday.<\/p>\n<p><a href=\"https:\/\/images.frandroid.com\/wp-content\/uploads\/2025\/11\/dreame-l10s-ultra-gen-2-pre-black-friday-2025.jpg\" target=\"_blank\" class=\"article-content__figure\" rel=\"noopener\"><img loading=\"lazy\" decoding=\"async\" width=\"1200\" height=\"675\" src=\"https:\/\/www.europesays.com\/fr\/wp-content\/uploads\/2025\/11\/dreame-l10s-ultra-gen-2-pre-black-friday-2025-1200x675.jpg\" alt=\"\" class=\"wp-image-2870411 wp-image\"  \/><\/a><\/p>\n<ul class=\"wp-block-list\">\n<li>De bonnes performances de nettoyage<\/li>\n<li>Il nettoie m\u00eame dans les coins<\/li>\n<li>La station (base) est polyvalente<\/li>\n<\/ul>\n<p>Si vous allez sur Cdiscount pendant le pr\u00e9-Black Friday, un vendeur tiers propose le <a href=\"https:\/\/shop.frandroid.com\/0ftjrd65\" target=\"_blank\" rel=\"noreferrer noopener affiliate nofollow\" data-gtm=\"{&quot;event&quot;:&quot;afficlic&quot;,&quot;nom_marchand&quot;:&quot;cdiscount&quot;,&quot;nom_produit&quot;:&quot;inconnu&quot;,&quot;categorie_produit&quot;:&quot;inconnu&quot;,&quot;module_produit&quot;:&quot;editolink&quot;,&quot;position_marchand&quot;:0,&quot;texte&quot;:&quot;dreame-l10s-ultra-gen-2-pour-378-euros&quot;,&quot;offer_url&quot;:&quot;https:\/\/shop.frandroid.com\/0ftjrd65&quot;,&quot;zone&quot;:&quot;contenu-page&quot;}\">Dreame L10s Ultra Gen 2 pour 378 euros<\/a> au lieu de 700 euros. Et pas d\u2019inqui\u00e9tude, ce vendeur tiers, c\u2019est Darty.<\/p>\n<p>Fnac et Darty s\u2019allient pour proposer une sacr\u00e9e r\u00e9duction de 700 euros sur un PC portable gaming \u00e9quip\u00e9 pour les gros jeux. Il s\u2019agit du MSI Crosshair 16 HX AI avec \u00e9cran QHD+ \u00e0 240 Hz, Intel Core Ultra 7 et bien s\u00fbr GeForce RTX 5070. Ajoutez \u00e0 \u00e7a 16 Go de RAM (onaurait aim\u00e9 le double), un SSD de 512 Go (l\u00e0 aussi), 35 % de r\u00e9duction et un jeu offert.<\/p>\n<p><a href=\"https:\/\/images.frandroid.com\/wp-content\/uploads\/2025\/11\/msi-crosshair-16-hx-ai-d2xwgkg-001fr-pre-black-friday-2025.jpg\" target=\"_blank\" class=\"article-content__figure\" rel=\"noopener\"><img loading=\"lazy\" decoding=\"async\" width=\"1200\" height=\"675\" src=\"https:\/\/www.europesays.com\/fr\/wp-content\/uploads\/2025\/11\/msi-crosshair-16-hx-ai-d2xwgkg-001fr-pre-black-friday-2025-1200x675.jpg\" alt=\"\" class=\"wp-image-2870385 wp-image\"  \/><\/a><\/p>\n<ul class=\"wp-block-list\">\n<li>Sa GeForce RTX 5070 performante<\/li>\n<li>Son grand \u00e9cran QHD+ 240 Hz de 16 pouces<\/li>\n<li>La RAM \u00e9volutive<\/li>\n<\/ul>\n<p>Si vous allez sur Fnac ou <a href=\"https:\/\/shop.frandroid.com\/8v21aadq\" data-type=\"link\" data-id=\"https:\/\/www.darty.com\/nav\/achat\/informatique\/ordinateur_portable-portable\/portable\/msi_crossh_u7_16_12_5070.html\" target=\"_blank\" rel=\"noreferrer noopener affiliate nofollow\" data-gtm=\"{&quot;event&quot;:&quot;afficlic&quot;,&quot;nom_marchand&quot;:&quot;darty&quot;,&quot;nom_produit&quot;:&quot;inconnu&quot;,&quot;categorie_produit&quot;:&quot;inconnu&quot;,&quot;module_produit&quot;:&quot;editolink&quot;,&quot;position_marchand&quot;:0,&quot;texte&quot;:&quot;darty&quot;,&quot;offer_url&quot;:&quot;https:\/\/shop.frandroid.com\/8v21aadq&quot;,&quot;zone&quot;:&quot;contenu-page&quot;}\">Darty<\/a>, vous avez <a href=\"https:\/\/shop.frandroid.com\/r1egxz5o\" target=\"_blank\" rel=\"noreferrer noopener affiliate nofollow\" data-gtm=\"{&quot;event&quot;:&quot;afficlic&quot;,&quot;nom_marchand&quot;:&quot;fnac&quot;,&quot;nom_produit&quot;:&quot;inconnu&quot;,&quot;categorie_produit&quot;:&quot;inconnu&quot;,&quot;module_produit&quot;:&quot;editolink&quot;,&quot;position_marchand&quot;:0,&quot;texte&quot;:&quot;le-msi-crosshair-16-hx-ai-pour-1-299-99-euros&quot;,&quot;offer_url&quot;:&quot;https:\/\/shop.frandroid.com\/r1egxz5o&quot;,&quot;zone&quot;:&quot;contenu-page&quot;}\">le MSI Crosshair 16 HX AI pour 1 299,99 euros<\/a> au lieu de 1 999,99 euros. En plus jusqu\u2019au 31 janvier 2026, vous pouvez <a href=\"https:\/\/static.fnac-static.com\/Multimedia\/editorial\/Digital\/Micro\/CODE%20JEUX\/INTEL_1_jeu_au_choix\/Intel_Holiday_Bundle.pdf\" target=\"_blank\" rel=\"noreferrer noopener nofollow\">choisir un jeu gratuit<\/a> parmi Battlefield 6, Dying Light : the beast, Assassin\u2019s Creed Shadows ou Civilisation VII.<\/p>\n<p>Pour immortaliser tous vos souvenirs et tous vos exploits sportifs, rien ne vaut une bonne action cam comme cette <a href=\"https:\/\/www.frandroid.com\/produits\/action-cam\/dji\/1761207-dji-osmo-action-4\" target=\"_blank\" rel=\"noreferrer noopener\">DJI Osmo Action 4<\/a>. Cet appareil de poche permet de filmer en 4K@120 images\/seconde, avec un syst\u00e8me de stabilisation \u00e9lectronique et une batterie g\u00e9n\u00e9reuse compatible charge rapide. Un appareil int\u00e9ressant avec 54 % de r\u00e9duction pendant le pr\u00e9-Black Friday.<\/p>\n<p><a href=\"https:\/\/images.frandroid.com\/wp-content\/uploads\/2025\/11\/dji-osmo-action-4-pre-black-friday-2025.jpg\" target=\"_blank\" class=\"article-content__figure\" rel=\"noopener\"><img loading=\"lazy\" decoding=\"async\" width=\"1200\" height=\"675\" src=\"https:\/\/www.europesays.com\/fr\/wp-content\/uploads\/2025\/11\/dji-osmo-action-4-pre-black-friday-2025-1200x675.jpg\" alt=\"\" class=\"wp-image-2870375 wp-image\"  \/><\/a><\/p>\n<ul class=\"wp-block-list\">\n<li>Une qualit\u00e9 d\u2019image digne d\u2019une GoPro<\/li>\n<li>La fluidit\u00e9 de l\u2019interface<\/li>\n<li>La charge rapide<\/li>\n<\/ul>\n<p>La DJI Osmo Action 4 en pack Essentiel <a href=\"https:\/\/shop.frandroid.com\/f08lh8k5\" target=\"_blank\" rel=\"noreferrer noopener affiliate nofollow\" data-gtm=\"{&quot;event&quot;:&quot;afficlic&quot;,&quot;nom_marchand&quot;:&quot;amazon_fr&quot;,&quot;nom_produit&quot;:&quot;inconnu&quot;,&quot;categorie_produit&quot;:&quot;inconnu&quot;,&quot;module_produit&quot;:&quot;editolink&quot;,&quot;position_marchand&quot;:0,&quot;texte&quot;:&quot;est-a-197-euros&quot;,&quot;offer_url&quot;:&quot;https:\/\/shop.frandroid.com\/f08lh8k5&quot;,&quot;zone&quot;:&quot;contenu-page&quot;}\">est \u00e0 197 euros<\/a> au lieu de 429 euros \u00e0 son lancement, sur Amazon. Si jamais l\u2019offre expire, elle est \u00e0 208 euros aussi bien sur <a href=\"https:\/\/shop.frandroid.com\/71csaelf\" target=\"_blank\" rel=\"noreferrer noopener affiliate nofollow\" data-gtm=\"{&quot;event&quot;:&quot;afficlic&quot;,&quot;nom_marchand&quot;:&quot;fnac&quot;,&quot;nom_produit&quot;:&quot;inconnu&quot;,&quot;categorie_produit&quot;:&quot;inconnu&quot;,&quot;module_produit&quot;:&quot;editolink&quot;,&quot;position_marchand&quot;:0,&quot;texte&quot;:&quot;fnac&quot;,&quot;offer_url&quot;:&quot;https:\/\/shop.frandroid.com\/71csaelf&quot;,&quot;zone&quot;:&quot;contenu-page&quot;}\">Fnac<\/a> que <a href=\"https:\/\/shop.frandroid.com\/4v3nwgou\" target=\"_blank\" rel=\"noreferrer noopener affiliate nofollow\" data-gtm=\"{&quot;event&quot;:&quot;afficlic&quot;,&quot;nom_marchand&quot;:&quot;darty&quot;,&quot;nom_produit&quot;:&quot;inconnu&quot;,&quot;categorie_produit&quot;:&quot;inconnu&quot;,&quot;module_produit&quot;:&quot;editolink&quot;,&quot;position_marchand&quot;:0,&quot;texte&quot;:&quot;darty&quot;,&quot;offer_url&quot;:&quot;https:\/\/shop.frandroid.com\/4v3nwgou&quot;,&quot;zone&quot;:&quot;contenu-page&quot;}\">Darty<\/a>.<\/p>\n<p>Le smartphone <a href=\"https:\/\/www.frandroid.com\/produits\/smartphones\/xiaomi\/2351284-xiaomi-14t-pro\" target=\"_blank\" rel=\"noopener\">Xiaomi 14T Pro<\/a> est un mod\u00e8le haut de gamme annonc\u00e9 fin septembre 2024 avec de nombreux atouts s\u00e9duction. Son \u00e9cran est lumineux, il fait de belles photos, ses performances permettent de faire tourner de gros jeux 3D sans soucis. Et pour le pr\u00e9-Black Friday AliExpress propose un code pomo pour l\u2019avoir avec 58 % de r\u00e9duction.<\/p>\n<p><a href=\"https:\/\/images.frandroid.com\/wp-content\/uploads\/2025\/11\/xiaomi-14t-pro-pre-black-friday-2025.jpg\" target=\"_blank\" class=\"article-content__figure\" rel=\"noopener\"><img loading=\"lazy\" decoding=\"async\" width=\"1200\" height=\"675\" src=\"https:\/\/www.europesays.com\/fr\/wp-content\/uploads\/2025\/11\/xiaomi-14t-pro-pre-black-friday-2025-1200x675.jpg\" alt=\"\" class=\"wp-image-2870357 wp-image\"  \/><\/a><\/p>\n<ul class=\"wp-block-list\">\n<li>Un tr\u00e8s bon photophone<\/li>\n<li>Une puissance brute impressionnante<\/li>\n<li>Un beau pic de luminosit\u00e9<\/li>\n<\/ul>\n<p>Pendant le pr\u00e9-Black Friday si vous utilisez <strong>le code promo IFPRDNIB<\/strong> sur AliExpress, le Xiaomi 14T Pro passe de 899 euros (version 12+512 Go) <a href=\"https:\/\/shop.frandroid.com\/h9g2tpk4\" target=\"_blank\" rel=\"noreferrer noopener affiliate nofollow\" data-gtm=\"{&quot;event&quot;:&quot;afficlic&quot;,&quot;nom_marchand&quot;:&quot;aliexpress&quot;,&quot;nom_produit&quot;:&quot;inconnu&quot;,&quot;categorie_produit&quot;:&quot;inconnu&quot;,&quot;module_produit&quot;:&quot;editolink&quot;,&quot;position_marchand&quot;:0,&quot;texte&quot;:&quot;a-377-57-euros&quot;,&quot;offer_url&quot;:&quot;https:\/\/shop.frandroid.com\/h9g2tpk4&quot;,&quot;zone&quot;:&quot;contenu-page&quot;}\">\u00e0 377,57 euros<\/a>.<\/p>\n<p>La montre connect\u00e9e <a href=\"https:\/\/www.frandroid.com\/produits\/montres-bracelet-connectes\/suunto\/1505082-suunto-9-peak-pro\" target=\"_blank\" rel=\"noreferrer noopener\">Suunto 9 Peak Pro<\/a> est un mod\u00e8le compact et minimaliste, avec toutefois de bonnes options pour le running. Elle n\u2019est pas parfaite et l\u2019interface est parfois un peu lente, mais elle offre une autonomie solide d\u2019une dizaine de jours, un suivi GNSS pr\u00e9cis et une application mobile bien pens\u00e9e. Aussi, son prix en baisse de 60 % relance notre int\u00e9r\u00eat pour cette montre.<\/p>\n<p><a href=\"https:\/\/images.frandroid.com\/wp-content\/uploads\/2025\/11\/suunto-9-peak-pro-pre-black-friday-2025.jpg\" target=\"_blank\" class=\"article-content__figure\" rel=\"noopener\"><img loading=\"lazy\" decoding=\"async\" width=\"1200\" height=\"675\" src=\"https:\/\/www.europesays.com\/fr\/wp-content\/uploads\/2025\/11\/suunto-9-peak-pro-pre-black-friday-2025-1200x675.jpg\" alt=\"\" class=\"wp-image-2870343 wp-image\"  \/><\/a><\/p>\n<ul class=\"wp-block-list\">\n<li>Sa sobri\u00e9t\u00e9<\/li>\n<li>Une grande autonomie<\/li>\n<li>La pr\u00e9cision du GNSS<\/li>\n<\/ul>\n<p>Lanc\u00e9e \u00e0 499 euros en octobre 2022, la Suunto 9 Peak Pro profite du pr\u00e9-Black Friday sur Amazon <a href=\"https:\/\/shop.frandroid.com\/l377f8xl\" target=\"_blank\" rel=\"noreferrer noopener affiliate nofollow\" data-gtm=\"{&quot;event&quot;:&quot;afficlic&quot;,&quot;nom_marchand&quot;:&quot;amazon_fr&quot;,&quot;nom_produit&quot;:&quot;inconnu&quot;,&quot;categorie_produit&quot;:&quot;inconnu&quot;,&quot;module_produit&quot;:&quot;editolink&quot;,&quot;position_marchand&quot;:0,&quot;texte&quot;:&quot;pour-passer-a-199-euros&quot;,&quot;offer_url&quot;:&quot;https:\/\/shop.frandroid.com\/l377f8xl&quot;,&quot;zone&quot;:&quot;contenu-page&quot;}\">pour passer \u00e0 199 euros<\/a>.<\/p>\n<p>Le casque gamer <a href=\"https:\/\/www.frandroid.com\/produits\/audio-casques-ecouteurs\/logitech\/1102913-logitech-g435\" target=\"_blank\" rel=\"noopener\">Logitech G435<\/a> a beau ne pas offrir les meilleures performances sonores du march\u00e9, il marque clairement des points par son extr\u00eame l\u00e9g\u00e8ret\u00e9 et sa double connectivit\u00e9 sans latence. Son autre point fort ? Son prix chute sous les 40 euros.<\/p>\n<p><a href=\"https:\/\/images.frandroid.com\/wp-content\/uploads\/2025\/11\/logitech-g435-lightspeed-pre-black-friday.jpg\" target=\"_blank\" class=\"article-content__figure\" rel=\"noopener\"><img loading=\"lazy\" decoding=\"async\" width=\"1200\" height=\"675\" src=\"https:\/\/www.europesays.com\/fr\/wp-content\/uploads\/2025\/11\/1763397494_710_logitech-g435-lightspeed-pre-black-friday-1200x675.jpg\" alt=\"\" class=\"wp-image-2870267 wp-image\"  \/><\/a><\/p>\n<ul class=\"wp-block-list\">\n<li>Un casque ultra l\u00e9ger <\/li>\n<li>Double connectivit\u00e9 sans latence<\/li>\n<li>Un bon rapport qualit\u00e9-prix <\/li>\n<\/ul>\n<p>De base \u00e0 84,99 euros, le casque Logitech G435 Lightspeed se vend aujourd\u2019hui <a href=\"https:\/\/shop.frandroid.com\/bqrk57ki\" target=\"_blank\" rel=\"noreferrer noopener affiliate nofollow\" data-gtm=\"{&quot;event&quot;:&quot;afficlic&quot;,&quot;nom_marchand&quot;:&quot;cdiscount&quot;,&quot;nom_produit&quot;:&quot;inconnu&quot;,&quot;categorie_produit&quot;:&quot;inconnu&quot;,&quot;module_produit&quot;:&quot;editolink&quot;,&quot;position_marchand&quot;:0,&quot;texte&quot;:&quot;en-promotion-a-37-99-euros-sur-cdiscount&quot;,&quot;offer_url&quot;:&quot;https:\/\/shop.frandroid.com\/bqrk57ki&quot;,&quot;zone&quot;:&quot;contenu-page&quot;}\">en promotion \u00e0 37,99 euros sur Cdiscount. <\/a><\/p>\n<p>La nouvelle tablette tactile iPad Air M3 version 11 pouces datant de 2025 est un mod\u00e8le qui impressionne avec sa puce M3. Elle n\u2019a beau \u00eatre qu\u2019une tablette, sa puissance est telle qu\u2019en lui adjoignant un clavier Bluetooth compatible, vous pouvez le transformer en v\u00e9ritable station de travail. <\/p>\n<p><a href=\"https:\/\/images.frandroid.com\/wp-content\/uploads\/2025\/11\/ipad-air-m3-11-pre-black-friday.jpg\" target=\"_blank\" class=\"article-content__figure\" rel=\"noopener\"><img loading=\"lazy\" decoding=\"async\" width=\"1200\" height=\"675\" src=\"https:\/\/www.europesays.com\/fr\/wp-content\/uploads\/2025\/11\/1763397496_55_ipad-air-m3-11-pre-black-friday-1200x675.jpg\" alt=\"\" class=\"wp-image-2859375 wp-image\"  \/><\/a><\/p>\n<ul class=\"wp-block-list\">\n<li>Les performances de la puce M3<\/li>\n<li>La compatibilit\u00e9 avec un grand nombre d\u2019accessoires<\/li>\n<li>Son \u00e9quilibre prix\/performance\/polyvalence<\/li>\n<\/ul>\n<p>Lors de son lancement, l\u2019iPad Air M3 version 11 pouces avec 128 Go de m\u00e9moire \u00e9tait commercialis\u00e9 \u00e0 719 euros. Un produit r\u00e9cent <a href=\"https:\/\/shop.frandroid.com\/bo1lrkrd\" target=\"_blank\" rel=\"noreferrer noopener affiliate nofollow\" data-gtm=\"{&quot;event&quot;:&quot;afficlic&quot;,&quot;nom_marchand&quot;:&quot;amazon_fr&quot;,&quot;nom_produit&quot;:&quot;inconnu&quot;,&quot;categorie_produit&quot;:&quot;inconnu&quot;,&quot;module_produit&quot;:&quot;editolink&quot;,&quot;position_marchand&quot;:0,&quot;texte&quot;:&quot;qui-passe-a-599-euros-sur-amazon&quot;,&quot;offer_url&quot;:&quot;https:\/\/shop.frandroid.com\/bo1lrkrd&quot;,&quot;zone&quot;:&quot;contenu-page&quot;}\">qui passe aujourd\u2019hui \u00e0 599 euros sur Amazon<\/a> pour le pr\u00e9-Black Friday.<\/p>\n<p>Pour le Px7 S2e, Bowers &amp; Wilkins a gard\u00e9 la fiche technique de la premi\u00e8re it\u00e9ration : 30 heures d\u2019autonomie, r\u00e9duction de bruit efficace, un confort de salon d\u2019h\u00f4tel\u2026 sauf que cette fois, un DSP retravaill\u00e9 vient affiner l\u2019oreille. <\/p>\n<p><a href=\"https:\/\/images.frandroid.com\/wp-content\/uploads\/2025\/11\/bowers-wilkins-px7s2e-black-friday-frandroid.jpg\" target=\"_blank\" class=\"article-content__figure\" rel=\"noopener\"><img loading=\"lazy\" decoding=\"async\" width=\"1200\" height=\"675\" src=\"https:\/\/www.europesays.com\/fr\/wp-content\/uploads\/2025\/11\/1763397498_179_bowers-wilkins-px7s2e-black-friday-frandroid-1200x675.jpg\" alt=\"\" class=\"wp-image-2864935 wp-image\"  \/><\/a><\/p>\n<ul class=\"wp-block-list\">\n<li>Une autonomie de 30 heures avec la r\u00e9duction de bruit activ\u00e9e<\/li>\n<li>Une qualit\u00e9 sonore retravaill\u00e9e avec un nouveau DSP<\/li>\n<li>Une recharge rapide avec 15 minutes pour 7 heures de musique<\/li>\n<\/ul>\n<p>Au lieu de 429 euros, le Bowers &amp; Wilkins Px7 S2e est <a href=\"https:\/\/shop.frandroid.com\/rbooywgb\" target=\"_blank\" rel=\"noreferrer noopener affiliate nofollow\">aujourd\u2019hui disponible en promotion \u00e0 237,49 euros sur Amazon<\/a>.<\/p>\n<p>C\u2019est en 2017 que Samsung a invent\u00e9 une cat\u00e9gorie \u00e0 part les t\u00e9l\u00e9viseurs qui ne ressemblent pas \u00e0 des t\u00e9l\u00e9viseurs. The Frame n\u2019est pas l\u00e0 pour tr\u00f4ner dans votre salon comme un monolithe noir et brillant. Non. Lui, il se fond dans les murs, se camoufle dans votre galerie personnelle, et affiche vos \u0153uvres pr\u00e9f\u00e9r\u00e9es comme si vous reveniez d\u2019un vernissage.<\/p>\n<p><a href=\"https:\/\/images.frandroid.com\/wp-content\/uploads\/2025\/11\/samsung-the-frame-qled-black-friday-frandroid.jpg\" target=\"_blank\" class=\"article-content__figure\" rel=\"noopener\"><img loading=\"lazy\" decoding=\"async\" width=\"1200\" height=\"675\" src=\"https:\/\/www.europesays.com\/fr\/wp-content\/uploads\/2025\/11\/1763397500_554_samsung-the-frame-qled-black-friday-frandroid-1200x675.jpg\" alt=\"\" class=\"wp-image-2869605 wp-image\"  \/><\/a><\/p>\n<ul class=\"wp-block-list\">\n<li>Une dalle QLED qui supprime les reflets<\/li>\n<li>Un design tableau avec des peintures num\u00e9riques <\/li>\n<li>Un taux de rafra\u00eechissement de 144 Hz, de l\u2019ALLM et FreeSync Premium Pro<\/li>\n<\/ul>\n<p>Au lieu de 1 499 euros, le Samsung The Frame 2025 TQ55LS03F est <a href=\"https:\/\/shop.frandroid.com\/78f3n9ne\" target=\"_blank\" rel=\"noreferrer noopener affiliate nofollow\" data-gtm=\"{&quot;event&quot;:&quot;afficlic&quot;,&quot;nom_marchand&quot;:&quot;fnac&quot;,&quot;nom_produit&quot;:&quot;inconnu&quot;,&quot;categorie_produit&quot;:&quot;inconnu&quot;,&quot;module_produit&quot;:&quot;editolink&quot;,&quot;position_marchand&quot;:0,&quot;texte&quot;:&quot;aujourd-hui-disponible-en-promotion-a-899-euros-sur-la-fnac&quot;,&quot;offer_url&quot;:&quot;https:\/\/shop.frandroid.com\/78f3n9ne&quot;,&quot;zone&quot;:&quot;contenu-page&quot;}\">aujourd\u2019hui disponible en promotion \u00e0 899 euros sur la Fnac<\/a>, ainsi <a href=\"https:\/\/shop.frandroid.com\/mzsms2p6\" target=\"_blank\" rel=\"noreferrer noopener affiliate nofollow\" data-gtm=\"{&quot;event&quot;:&quot;afficlic&quot;,&quot;nom_marchand&quot;:&quot;darty&quot;,&quot;nom_produit&quot;:&quot;inconnu&quot;,&quot;categorie_produit&quot;:&quot;inconnu&quot;,&quot;module_produit&quot;:&quot;editolink&quot;,&quot;position_marchand&quot;:0,&quot;texte&quot;:&quot;que-sur-darty&quot;,&quot;offer_url&quot;:&quot;https:\/\/shop.frandroid.com\/mzsms2p6&quot;,&quot;zone&quot;:&quot;contenu-page&quot;}\">que sur Darty<\/a>.<\/p>\n<p>L\u00e9ger, fin, sur\u00e9quip\u00e9\u2026 Le LG Gram 17, actualis\u00e9 l\u2019an dernier avec des Intel Core Ultra, m\u00e9rite bien des qualificatifs positifs. Taill\u00e9 pour les travailleurs nomades, les \u00e9tudiants et toute personne souhaitant pouvoir emporter leur machine partout sans difficult\u00e9, cet ultraportable est \u00e9galement dot\u00e9 d\u2019une configuration tr\u00e8s solide, avec en pole position un Ultra 7 \u00e9paul\u00e9 par 32 Go de RAM. <\/p>\n<p><a href=\"https:\/\/images.frandroid.com\/wp-content\/uploads\/2025\/11\/lg-gram-17-black-friday-2025.jpg\" target=\"_blank\" class=\"article-content__figure\" rel=\"noopener\"><img loading=\"lazy\" decoding=\"async\" width=\"1200\" height=\"675\" src=\"https:\/\/www.europesays.com\/fr\/wp-content\/uploads\/2025\/11\/1763397502_975_lg-gram-17-black-friday-2025-1200x675.jpg\" alt=\"\" class=\"wp-image-2869423 wp-image\"  \/><\/a><\/p>\n<ul class=\"wp-block-list\">\n<li>Un poids de 1,39 kg<\/li>\n<li>Une dalle IPS QHD+ de 17 pouces<\/li>\n<li>Un Intel Core Ultra 7, 32 Go de RAM et un SSD de 2 To<\/li>\n<\/ul>\n<p>Auparavant affich\u00e9 \u00e0 2 499,99 euros, le LG Gram 17 est aujourd\u2019hui <a href=\"https:\/\/shop.frandroid.com\/yhgp7pa3\" target=\"_blank\" rel=\"noreferrer noopener affiliate nofollow\" data-gtm=\"{&quot;event&quot;:&quot;afficlic&quot;,&quot;nom_marchand&quot;:&quot;fnac&quot;,&quot;nom_produit&quot;:&quot;inconnu&quot;,&quot;categorie_produit&quot;:&quot;inconnu&quot;,&quot;module_produit&quot;:&quot;editolink&quot;,&quot;position_marchand&quot;:0,&quot;texte&quot;:&quot;disponible-en-promotion-a-1-299-99-euros-a-la-fnac&quot;,&quot;offer_url&quot;:&quot;https:\/\/shop.frandroid.com\/yhgp7pa3&quot;,&quot;zone&quot;:&quot;contenu-page&quot;}\">disponible en promotion \u00e0 1 299,99 euros \u00e0 la Fnac<\/a> et <a href=\"https:\/\/shop.frandroid.com\/zh5zefjj\" target=\"_blank\" rel=\"noreferrer noopener affiliate nofollow\" data-gtm=\"{&quot;event&quot;:&quot;afficlic&quot;,&quot;nom_marchand&quot;:&quot;darty&quot;,&quot;nom_produit&quot;:&quot;inconnu&quot;,&quot;categorie_produit&quot;:&quot;inconnu&quot;,&quot;module_produit&quot;:&quot;editolink&quot;,&quot;position_marchand&quot;:0,&quot;texte&quot;:&quot;chez-darty&quot;,&quot;offer_url&quot;:&quot;https:\/\/shop.frandroid.com\/zh5zefjj&quot;,&quot;zone&quot;:&quot;contenu-page&quot;}\">chez Darty<\/a>.<\/p>\n<p>Dans le domaine des action cam, il y a une cat\u00e9gorie bien particuli\u00e8re : les cam\u00e9ras 360\u00b0. Ces appareils capables de capturer une sc\u00e8ne sous tous les angles sont id\u00e9als pour la r\u00e9alit\u00e9 virtuelle ou l\u2019immersion totale dans les sujets film\u00e9s. La DJI Omso 360 vient clairement attaquer les <a href=\"https:\/\/www.frandroid.com\/marques\/insta360\/2745271_test-de-linsta360-x5-plus-seule-au-royaume-des-cameras-360-mais-toujours-sur-le-trone\" target=\"_blank\" rel=\"noreferrer noopener\">Insta360 X5<\/a> et les <a href=\"https:\/\/www.frandroid.com\/marques\/gopro\/2802527_max-2-gopro-tente-le-tout-pour-le-tout-avec-sa-nouvelle-camera-tres-originale\" target=\"_blank\" rel=\"noreferrer noopener\">GoPro Max 2<\/a> avec son lot d\u2019atouts techniques qui font qu\u2019elle est un choix tout \u00e0 fait honorable pour vos futures sorties.<\/p>\n<p><a href=\"https:\/\/images.frandroid.com\/wp-content\/uploads\/2025\/10\/dji-osmo-360-black-friday-2025.jpg\" target=\"_blank\" class=\"article-content__figure\" rel=\"noopener\"><img loading=\"lazy\" decoding=\"async\" width=\"1200\" height=\"675\" src=\"https:\/\/www.europesays.com\/fr\/wp-content\/uploads\/2025\/11\/1763397504_315_dji-osmo-360-black-friday-2025-1200x675.jpg\" alt=\"\" class=\"wp-image-2859385 wp-image\"  \/><\/a><\/p>\n<ul class=\"wp-block-list\">\n<li>L\u2019enregistrement vid\u00e9o natif en 8K@50 ips<\/li>\n<\/ul>\n<ul class=\"wp-block-list\">\n<li>La stabilisation est des plus efficaces<\/li>\n<\/ul>\n<ul class=\"wp-block-list\">\n<li>Son prix tr\u00e8s agressif qui la rend comp\u00e9titive<\/li>\n<\/ul>\n<p>La DJI Osmo 360 en bundle standard co\u00fbte normalement 479,99 euros. Mais en passant par Amazon en ce moment, vous pouvez profiter de <a href=\"https:\/\/shop.frandroid.com\/5diu9bcv\" target=\"_blank\" rel=\"noreferrer noopener affiliate nofollow\" data-gtm=\"{&quot;event&quot;:&quot;afficlic&quot;,&quot;nom_marchand&quot;:&quot;amazon_fr&quot;,&quot;nom_produit&quot;:&quot;inconnu&quot;,&quot;categorie_produit&quot;:&quot;inconnu&quot;,&quot;module_produit&quot;:&quot;editolink&quot;,&quot;position_marchand&quot;:0,&quot;texte&quot;:&quot;cette-camera-a-360-pour-345-euros&quot;,&quot;offer_url&quot;:&quot;https:\/\/shop.frandroid.com\/5diu9bcv&quot;,&quot;zone&quot;:&quot;contenu-page&quot;}\">cette nouvelle cam\u00e9ra pour 345 euros<\/a>.<\/p>\n<p>Avec sa gamme <a href=\"https:\/\/www.frandroid.com\/marques\/epson\/2798405_epson-lifestudio-flex-et-pop-les-nouveaux-projecteurs-compacts-connectes-avec-audio-bose\" target=\"_blank\" rel=\"noreferrer noopener\">Lifestudio Pop<\/a>, Epson r\u00e9pond \u00e0 la d\u00e9ferlante de vid\u00e9oprojecteurs chinois en misant sur une nouvelle technologie, la 3LCD. Cette derni\u00e8re permet d\u2019\u00e9liminer les effets arc-en-ciel trop pr\u00e9sents sur les mod\u00e8les DLP. Ce mod\u00e8le EF-61W est connect\u00e9 et utilise Google TV pour vous permettre de regarder vos programmes sur les plateformes de streaming. <\/p>\n<p><a href=\"https:\/\/images.frandroid.com\/wp-content\/uploads\/2025\/11\/epson-lifestudio-pop-ef-61w-pre-black-friday-2025.jpg\" target=\"_blank\" class=\"article-content__figure\" rel=\"noopener\"><img loading=\"lazy\" decoding=\"async\" width=\"1200\" height=\"675\" src=\"https:\/\/www.europesays.com\/fr\/wp-content\/uploads\/2025\/11\/1763397506_437_epson-lifestudio-pop-ef-61w-pre-black-friday-2025-1200x675.jpg\" alt=\"\" class=\"wp-image-2869653 wp-image\"  \/><\/a><\/p>\n<ul class=\"wp-block-list\">\n<li>La technologie 3LCD pour une belle image<\/li>\n<li>Le son Bose permet de se passer d\u2019une barre de son<\/li>\n<li>Des dimensions et un poids compacts<\/li>\n<\/ul>\n<p>Sur le site d\u2019Epson, le mod\u00e8le Lifestudio Pop est affich\u00e9 \u00e0 749,99 euros. Chez Boulanger, il est plut\u00f4t vendu 699 euros, mais pendant cette p\u00e9riode de pr\u00e9-Black Friday, <a href=\"https:\/\/shop.frandroid.com\/be5nqznr\" target=\"_blank\" rel=\"noreferrer noopener affiliate nofollow\" data-gtm=\"{&quot;event&quot;:&quot;afficlic&quot;,&quot;nom_marchand&quot;:&quot;boulanger&quot;,&quot;nom_produit&quot;:&quot;inconnu&quot;,&quot;categorie_produit&quot;:&quot;inconnu&quot;,&quot;module_produit&quot;:&quot;editolink&quot;,&quot;position_marchand&quot;:0,&quot;texte&quot;:&quot;il-passe-a-599-euros&quot;,&quot;offer_url&quot;:&quot;https:\/\/shop.frandroid.com\/be5nqznr&quot;,&quot;zone&quot;:&quot;contenu-page&quot;}\">il passe \u00e0  599 euros<\/a>.<\/p>\n<p>Avec son fameux mousqueton qui permet de l\u2019attacher tr\u00e8s facilement, son \u00e9tanch\u00e9it\u00e9 rassurante ou encore son format mini tout mignon, la JBL Clip est sans conteste l\u2019un des mod\u00e8les phares du fabricant am\u00e9ricain. L\u2019an dernier, ce dernier a lev\u00e9 le voile sur sa <a href=\"https:\/\/www.frandroid.com\/produits\/enceintes-bluetooth\/jbl\/1912621-jbl-clip-5\" target=\"_blank\" rel=\"noopener\">Clip 5<\/a>, nouvelle petite enceinte baroudeuse qui d\u00e9livre un son bien plus intense que la <a href=\"https:\/\/www.frandroid.com\/produits\/enceintes-bluetooth\/jbl\/1497084-jbl-clip-4\" target=\"_blank\" rel=\"noopener\">Clip 4<\/a> et m\u00eame une autonomie am\u00e9lior\u00e9e.<\/p>\n<p><a href=\"https:\/\/images.frandroid.com\/wp-content\/uploads\/2025\/01\/jbl-clip-5-black-friday-2025.jpg\" target=\"_blank\" class=\"article-content__figure\" rel=\"noopener\"><img loading=\"lazy\" decoding=\"async\" width=\"1200\" height=\"675\" src=\"https:\/\/www.europesays.com\/fr\/wp-content\/uploads\/2025\/11\/1763397508_939_jbl-clip-5-black-friday-2025-1200x675.jpg\" alt=\"\" class=\"wp-image-2869775 wp-image\"  \/><\/a><\/p>\n<ul class=\"wp-block-list\">\n<li>Une mini enceinte certifi\u00e9e IP67 <\/li>\n<li>Un mousqueton plus grand<\/li>\n<li>Une puissance acoustique augment\u00e9e<\/li>\n<\/ul>\n<p>Lanc\u00e9e \u00e0 69,99 euros, la JBL Clip 5 est aujourd\u2019hui <a href=\"https:\/\/shop.frandroid.com\/1jsvi57m\" data-type=\"link\" data-id=\"https:\/\/shop.frandroid.com\/1jsvi57m\" target=\"_blank\" rel=\"noreferrer noopener affiliate nofollow\" data-gtm=\"{&quot;event&quot;:&quot;afficlic&quot;,&quot;nom_marchand&quot;:&quot;amazon_fr&quot;,&quot;nom_produit&quot;:&quot;inconnu&quot;,&quot;categorie_produit&quot;:&quot;inconnu&quot;,&quot;module_produit&quot;:&quot;editolink&quot;,&quot;position_marchand&quot;:0,&quot;texte&quot;:&quot;disponible-en-promotion-a-seulement-37-10-euros-sur-amazon&quot;}\">disponible en promotion \u00e0 seulement 37,10 euros sur Amazon<\/a>. <\/p>\n<p>Si vous voulez commencer \u00e0 \u00e9quiper votre domicile en \u00e9clairage connect\u00e9, alors vous aurez tout int\u00e9r\u00eat \u00e0 miser sur Philips Hue, dont les r\u00e9f\u00e9rences intelligentes comptent parmi les plus efficaces du march\u00e9. Facilement pilotables et riches en fonctionnalit\u00e9s, elles s\u2019int\u00e8grent dans un \u00e9cosyst\u00e8me vraiment fiable.<\/p>\n<p><a href=\"https:\/\/images.frandroid.com\/wp-content\/uploads\/2025\/10\/pack-philips-hue-black-friday-2025.jpg\" target=\"_blank\" class=\"article-content__figure\" rel=\"noopener\"><img loading=\"lazy\" decoding=\"async\" width=\"1200\" height=\"675\" src=\"https:\/\/www.europesays.com\/fr\/wp-content\/uploads\/2025\/11\/1763397510_256_pack-philips-hue-black-friday-2025-1200x675.jpg\" alt=\"\" class=\"wp-image-2849079 wp-image\"  \/><\/a><\/p>\n<ul class=\"wp-block-list\">\n<li>Deux ampoules qui peuvent diffuser une lumi\u00e8re color\u00e9e et personnalis\u00e9e<\/li>\n<li>Un pont de connexion qui d\u00e9bloque de nombreuses fonctionnalit\u00e9s<\/li>\n<li>Un interrupteur pour contr\u00f4ler l\u2019\u00e9clairage<\/li>\n<li>Une prise pour transformer n\u2019importe quelle lampe en lampe intelligente<\/li>\n<\/ul>\n<p>Initialement affich\u00e9 \u00e0 199,99 euros, le pack d\u00e9couverte Philips Hue avec deux ampoules connect\u00e9es White &amp; Color, un Hue Bridge, un Smart Plug et un interrupteur\/variateur est aujourd\u2019hui <a href=\"https:\/\/shop.frandroid.com\/ypamd40j\" target=\"_blank\" rel=\"noreferrer noopener affiliate nofollow\" data-gtm=\"{&quot;event&quot;:&quot;afficlic&quot;,&quot;nom_marchand&quot;:&quot;boulanger&quot;,&quot;nom_produit&quot;:&quot;inconnu&quot;,&quot;categorie_produit&quot;:&quot;inconnu&quot;,&quot;module_produit&quot;:&quot;editolink&quot;,&quot;position_marchand&quot;:0,&quot;texte&quot;:&quot;disponible-en-promotion-a-89-99-euros-chez-boulanger&quot;,&quot;offer_url&quot;:&quot;https:\/\/shop.frandroid.com\/ypamd40j&quot;,&quot;zone&quot;:&quot;contenu-page&quot;}\">disponible en promotion \u00e0 89,99 euros chez Boulanger<\/a>.<\/p>\n<p>Le dongle HDMI de Google, le Chromecast, est maintenant de l\u2019histoire ancienne. La firme de Mountain View propose \u00e0 pr\u00e9sent <a href=\"https:\/\/www.frandroid.com\/marques\/google\/2348638_le-nouveau-google-tv-streamer-est-desormais-disponible-en-france\" target=\"_blank\" rel=\"noopener\">le Google TV Streamer 4K<\/a>, une\u00a0box TV\u00a0plus \u00ab\u00a0premium\u00a0\u00bb avec des fonctionnalit\u00e9s plus avanc\u00e9es pour concurrencer les appareils haut de gamme comme l\u2019<a href=\"https:\/\/www.frandroid.com\/marques\/apple\/1560770_test-apple-tv-4k-2022\" target=\"_blank\" rel=\"noopener\">Apple TV 4K<\/a>\u00a0et la\u00a0<a href=\"https:\/\/www.frandroid.com\/marques\/nvidia\/635316_test-nvidia-shield-tv-2019\" target=\"_blank\" rel=\"noopener\">Nvidia Shield<\/a>.<\/p>\n<p><a href=\"https:\/\/images.frandroid.com\/wp-content\/uploads\/2025\/11\/google-tv-streamer-pre-black-friday.jpg\" target=\"_blank\" class=\"article-content__figure\" rel=\"noopener\"><img loading=\"lazy\" decoding=\"async\" width=\"1200\" height=\"675\" src=\"https:\/\/www.europesays.com\/fr\/wp-content\/uploads\/2025\/11\/1763397512_413_google-tv-streamer-pre-black-friday-1200x675.jpg\" alt=\"\" class=\"wp-image-2868921 wp-image\"  \/><\/a><\/p>\n<ul class=\"wp-block-list\">\n<li>Un bo\u00eetier \u00e9l\u00e9gant et minimaliste<\/li>\n<li>Compatible 4K,\u00a0HLG, HDR10, HDR10+ et Dolby Vision<\/li>\n<li>L\u2019interface Google TV<\/li>\n<\/ul>\n<p>Lanc\u00e9 \u00e0 119\u00a0euros, le Google TV Streamer 4K est en ce moment <a href=\"https:\/\/shop.frandroid.com\/itm0apf5\" target=\"_blank\" rel=\"noreferrer noopener affiliate nofollow\">remis\u00e9 \u00e0 89 euros sur Amazon<\/a>.<\/p>\n<p>\u00c9cran 144 Hz, puce Snapdragon 7+ Gen 3, charge rapide\u2026 La Xiaomi Pad 7 pr\u00e9sente une configuration bien solide, tout en \u00e9tant affich\u00e9e \u00e0 un prix assez contenu.<\/p>\n<p><a href=\"https:\/\/images.frandroid.com\/wp-content\/uploads\/2025\/11\/xiaomi-pad-7-black-friday-2025.jpg\" target=\"_blank\" class=\"article-content__figure\" rel=\"noopener\"><img loading=\"lazy\" decoding=\"async\" width=\"1200\" height=\"675\" src=\"https:\/\/www.europesays.com\/fr\/wp-content\/uploads\/2025\/11\/1763397514_493_xiaomi-pad-7-black-friday-2025-1200x675.jpg\" alt=\"\" class=\"wp-image-2869119 wp-image\"  \/><\/a><\/p>\n<ul class=\"wp-block-list\">\n<li>Un \u00e9cran 3,2K de 11,2 pouces + 144 Hz<\/li>\n<li>Une puce Snapdragon 7+ Gen 3<\/li>\n<li>Des fonctionnalit\u00e9s IA<\/li>\n<\/ul>\n<p>Initialement affich\u00e9e \u00e0 430,99 euros, la Xiaomi Pad 7 (8+128 Go) est aujourd\u2019hui <a href=\"https:\/\/shop.frandroid.com\/ijohstge\" target=\"_blank\" rel=\"noreferrer noopener affiliate nofollow\" data-gtm=\"{&quot;event&quot;:&quot;afficlic&quot;,&quot;nom_marchand&quot;:&quot;fnac&quot;,&quot;nom_produit&quot;:&quot;inconnu&quot;,&quot;categorie_produit&quot;:&quot;inconnu&quot;,&quot;module_produit&quot;:&quot;editolink&quot;,&quot;position_marchand&quot;:0,&quot;texte&quot;:&quot;disponible-en-promotion-a-300-99-euros-a-la-fnac&quot;,&quot;offer_url&quot;:&quot;https:\/\/shop.frandroid.com\/ijohstge&quot;,&quot;zone&quot;:&quot;contenu-page&quot;}\">disponible en promotion \u00e0 300,99 euros \u00e0 la Fnac<\/a> et <a href=\"https:\/\/shop.frandroid.com\/eyc1vt4e\" target=\"_blank\" rel=\"noreferrer noopener affiliate nofollow\" data-gtm=\"{&quot;event&quot;:&quot;afficlic&quot;,&quot;nom_marchand&quot;:&quot;darty&quot;,&quot;nom_produit&quot;:&quot;inconnu&quot;,&quot;categorie_produit&quot;:&quot;inconnu&quot;,&quot;module_produit&quot;:&quot;editolink&quot;,&quot;position_marchand&quot;:0,&quot;texte&quot;:&quot;chez-darty&quot;,&quot;offer_url&quot;:&quot;https:\/\/shop.frandroid.com\/eyc1vt4e&quot;,&quot;zone&quot;:&quot;contenu-page&quot;}\">chez Darty<\/a>. <\/p>\n<p>L\u2019Asus Gaming V16 est <a href=\"https:\/\/www.frandroid.com\/guide-dachat\/689411_guide-meilleurs-pc-portables-gamer\" target=\"_blank\" rel=\"noopener\">un PC portable gaming<\/a> polyvalent, avec une bonne configuration capable de faire tourner la grande majorit\u00e9 des jeux.\u00a0Son prix est aussi particuli\u00e8rement int\u00e9ressant, puisqu\u2019il chute \u00e0 moins de 600 euros. <\/p>\n<p><a href=\"https:\/\/images.frandroid.com\/wp-content\/uploads\/2025\/11\/asus-gaming-v16-pre-black-friday.jpg\" target=\"_blank\" class=\"article-content__figure\" rel=\"noopener\"><img loading=\"lazy\" decoding=\"async\" width=\"1200\" height=\"675\" src=\"https:\/\/www.europesays.com\/fr\/wp-content\/uploads\/2025\/11\/1763397517_903_asus-gaming-v16-pre-black-friday-1200x675.jpg\" alt=\"\" class=\"wp-image-2869471 wp-image\"  \/><\/a><\/p>\n<ul class=\"wp-block-list\">\n<li>Un grand \u00e9cran de 16 pouces \u00e0 144 Hz<\/li>\n<li>La RAM est \u00e9volutive et peut passer \u00e0 32 Go si besoin<\/li>\n<li>Un poids inf\u00e9rieur \u00e0 moins de 2 kilos<\/li>\n<\/ul>\n<p>Habituellement \u00e0 699 euros, le PC Portable Asus Gaming V16 est en ce moment<a href=\"https:\/\/shop.frandroid.com\/jbwz5fna\" target=\"_blank\" rel=\"noreferrer noopener affiliate nofollow\" data-gtm=\"{&quot;event&quot;:&quot;afficlic&quot;,&quot;nom_marchand&quot;:&quot;cdiscount&quot;,&quot;nom_produit&quot;:&quot;inconnu&quot;,&quot;categorie_produit&quot;:&quot;inconnu&quot;,&quot;module_produit&quot;:&quot;editolink&quot;,&quot;position_marchand&quot;:0,&quot;texte&quot;:&quot;remise-a-599-euros-sur-le-site-cdiscount&quot;,&quot;offer_url&quot;:&quot;https:\/\/shop.frandroid.com\/jbwz5fna&quot;,&quot;zone&quot;:&quot;contenu-page&quot;}\"> remis\u00e9 \u00e0 599 euros sur le site Cdiscount.<\/a> <\/p>\n<p>Avec son Fairphone 6, la marque n\u00e9erlandaise est enfin parvenue \u00e0 proposer un smartphone modulaire, r\u00e9parable, mais aussi dot\u00e9 d\u2019une fiche technique bien plus actuelle. <\/p>\n<p><a href=\"https:\/\/images.frandroid.com\/wp-content\/uploads\/2025\/09\/faitrphone-6-black-friday-2025.jpg\" target=\"_blank\" class=\"article-content__figure\" rel=\"noopener\"><img loading=\"lazy\" decoding=\"async\" width=\"1200\" height=\"675\" src=\"https:\/\/www.europesays.com\/fr\/wp-content\/uploads\/2025\/11\/1763397519_202_faitrphone-6-black-friday-2025-1200x675.jpg\" alt=\"\" class=\"wp-image-2869305 wp-image\"  \/><\/a><\/p>\n<ul class=\"wp-block-list\">\n<li>Un smartphone durable que tout le monde peut r\u00e9parer<\/li>\n<li>Une belle dalle OLED de 6,31 pouces<\/li>\n<li>Une puce Snapdragon 7s Gen 3<\/li>\n<\/ul>\n<p>Lanc\u00e9 \u00e0 599,99 euros, le Fairphone 6 <a href=\"https:\/\/shop.frandroid.com\/fa6le3mc\" target=\"_blank\" rel=\"noreferrer noopener affiliate nofollow\" data-gtm=\"{&quot;event&quot;:&quot;afficlic&quot;,&quot;nom_marchand&quot;:&quot;boulanger&quot;,&quot;nom_produit&quot;:&quot;inconnu&quot;,&quot;categorie_produit&quot;:&quot;inconnu&quot;,&quot;module_produit&quot;:&quot;editolink&quot;,&quot;position_marchand&quot;:0,&quot;texte&quot;:&quot;peut-aujourd-hui-vous-revenir-a-549-99-euros-chez-boulanger&quot;,&quot;offer_url&quot;:&quot;https:\/\/shop.frandroid.com\/fa6le3mc&quot;,&quot;zone&quot;:&quot;contenu-page&quot;}\">peut aujourd\u2019hui vous revenir \u00e0 549,99 euros chez Boulanger<\/a>.<\/p>\n<p>Les robots tondeuses, c\u2019est l\u2019apog\u00e9e de la tranquillit\u00e9 moderne : les aspirateurs g\u00e8rent l\u2019int\u00e9rieur, les tondeuses prennent le relais dehors. Il ne reste \u00e0 trouver celle qui saura dompter les terrains qui ressemblent plus \u00e0 un sentier de randonn\u00e9e qu\u2019\u00e0 un green parfaitement tondu. C\u2019est exactement le terrain de jeu du Luba Mini AWD 800 de Mammotion : un robot haut de gamme pens\u00e9 pour les jardins capricieux, les pentes, les virages serr\u00e9s et les zones impossibles. <\/p>\n<p><a href=\"https:\/\/images.frandroid.com\/wp-content\/uploads\/2025\/11\/mammotion-luba-mini-awd-800-black-friday-frandroid.jpg\" target=\"_blank\" class=\"article-content__figure\" rel=\"noopener\"><img loading=\"lazy\" decoding=\"async\" width=\"1200\" height=\"675\" src=\"https:\/\/www.europesays.com\/fr\/wp-content\/uploads\/2025\/11\/1763397521_197_mammotion-luba-mini-awd-800-black-friday-frandroid-1200x675.jpg\" alt=\"\" class=\"wp-image-2869009 wp-image\"  \/><\/a><\/p>\n<ul class=\"wp-block-list\">\n<li>Un syst\u00e8me de transmission int\u00e9grale pour grimper tous les terrains<\/li>\n<li>Une navigation avec le duo RTK et cam\u00e9ra<\/li>\n<li>Une application compl\u00e8te <\/li>\n<\/ul>\n<p>Au lieu de 1 399 euros, le Mammotion Luba Mini AWD 800 est <a href=\"https:\/\/shop.frandroid.com\/9zyw0dre\" target=\"_blank\" rel=\"noreferrer noopener affiliate nofollow\" data-gtm=\"{&quot;event&quot;:&quot;afficlic&quot;,&quot;nom_marchand&quot;:&quot;boulanger&quot;,&quot;nom_produit&quot;:&quot;inconnu&quot;,&quot;categorie_produit&quot;:&quot;inconnu&quot;,&quot;module_produit&quot;:&quot;editolink&quot;,&quot;position_marchand&quot;:0,&quot;texte&quot;:&quot;aujourd-hui-disponible-en-promotion-a-999-euros-sur-boulanger&quot;,&quot;offer_url&quot;:&quot;https:\/\/shop.frandroid.com\/9zyw0dre&quot;,&quot;zone&quot;:&quot;contenu-page&quot;}\">aujourd\u2019hui disponible en promotion \u00e0 999,99 euros sur Boulanger<\/a>.<\/p>\n<p><a href=\"https:\/\/www.frandroid.com\/marques\/meta\/2648027_test-du-meta-quest-3s-les-bons-choix-pour-le-bon-prix\" target=\"_blank\" rel=\"noopener\">Le casque Meta Quest 3S<\/a> est une bonne porte d\u2019entr\u00e9e pour la r\u00e9alit\u00e9 virtuelle. C\u2019est un produit facile \u00e0 prendre en main que ce soit au niveau mat\u00e9riel ou m\u00eame de l\u2019OS. \u00c0 l\u2019usage, la polyvalence brille et permet beaucoup de libert\u00e9s \u00e0 l\u2019utilisateur.<\/p>\n<p><a href=\"https:\/\/images.frandroid.com\/wp-content\/uploads\/2025\/11\/meta-quest-3s-frandroid-solo.jpg\" target=\"_blank\" class=\"article-content__figure\" rel=\"noopener\"><img loading=\"lazy\" decoding=\"async\" width=\"1200\" height=\"675\" src=\"https:\/\/www.europesays.com\/fr\/wp-content\/uploads\/2025\/11\/1763397523_214_meta-quest-3s-frandroid-solo-1200x675.jpg\" alt=\"\" class=\"wp-image-2864053 wp-image\"  \/><\/a><\/p>\n<ul class=\"wp-block-list\">\n<li>Confortable \u00e0 utiliser<\/li>\n<li>Un OS tr\u00e8s intuitif<\/li>\n<li>Un espace simple \u00e0 appr\u00e9hender<\/li>\n<\/ul>\n<p>Pendant les promotions du Single Day, le Meta Quest 3S est disponible moins cher. En utilisant le code promo <strong>S11FR40<\/strong>, <a href=\"https:\/\/shop.frandroid.com\/onoa7yh1\" target=\"_blank\" rel=\"noreferrer noopener affiliate nofollow\" data-gtm=\"{&quot;event&quot;:&quot;afficlic&quot;,&quot;nom_marchand&quot;:&quot;aliexpress&quot;,&quot;nom_produit&quot;:&quot;inconnu&quot;,&quot;categorie_produit&quot;:&quot;inconnu&quot;,&quot;module_produit&quot;:&quot;editolink&quot;,&quot;position_marchand&quot;:0,&quot;texte&quot;:&quot;le-prix-du-casque-vr-chute-a-245-euros&quot;,&quot;offer_url&quot;:&quot;https:\/\/shop.frandroid.com\/onoa7yh1&quot;,&quot;zone&quot;:&quot;contenu-page&quot;}\">le prix du casque VR chute \u00e0 245 euros<\/a>. <\/p>\n<p>Le SmartTag 2 de Samsung est un petit <a href=\"https:\/\/www.frandroid.com\/guide-dachat\/guide-objets-connectes\/931077_airtag-galaxy-smarttag-tile-quel-porte-cles-connecte-choisir\" target=\"_blank\" rel=\"noopener\">porte-cl\u00e9s<\/a> que l\u2019on peut accrocher aux objets pour les retrouver facilement et ne plus les perdre. Ce tracker au design tr\u00e8s pratique n\u2019est tout de m\u00eame pas donn\u00e9e, alors autant sauter sur l\u2019occasion quand des promotions arrivent. <\/p>\n<p><a href=\"https:\/\/images.frandroid.com\/wp-content\/uploads\/2025\/11\/samsung-galaxy-smarttag2-pre-black-friday.jpg\" target=\"_blank\" class=\"article-content__figure\" rel=\"noopener\"><img loading=\"lazy\" decoding=\"async\" width=\"1200\" height=\"675\" src=\"https:\/\/www.europesays.com\/fr\/wp-content\/uploads\/2025\/11\/1763397524_69_samsung-galaxy-smarttag2-pre-black-friday-1200x675.jpg\" alt=\"\" class=\"wp-image-2859927 wp-image\"  \/><\/a><\/p>\n<ul class=\"wp-block-list\">\n<li>Un porte-cl\u00e9s avec un anneau plus large et plus pratique<\/li>\n<li>Une certification IP67<\/li>\n<li>Fonctionne avec l\u2019application SmartThings<\/li>\n<\/ul>\n<p>Lanc\u00e9 \u00e0 39,99 euros, le Samsung Galaxy SmartTag 2 est\u00a0d\u00e9sormais <a href=\"https:\/\/shop.frandroid.com\/7pogg8bj\" target=\"_blank\" rel=\"noreferrer noopener affiliate nofollow\" data-gtm=\"{&quot;event&quot;:&quot;afficlic&quot;,&quot;nom_marchand&quot;:&quot;pc_componentes&quot;,&quot;nom_produit&quot;:&quot;inconnu&quot;,&quot;categorie_produit&quot;:&quot;inconnu&quot;,&quot;module_produit&quot;:&quot;editolink&quot;,&quot;position_marchand&quot;:0,&quot;texte&quot;:&quot;propose-a-14-99-euros-sur-le-site-pccomponentes&quot;,&quot;offer_url&quot;:&quot;https:\/\/shop.frandroid.com\/7pogg8bj&quot;,&quot;zone&quot;:&quot;contenu-page&quot;}\">propos\u00e9 \u00e0 14,99 euros sur le site pccomponentes<\/a>.<\/p>\n<p>Voici un \u00e9cran QD-OLED pens\u00e9 pour celles et ceux qui veulent jouer comme si la r\u00e9alit\u00e9 n\u2019\u00e9tait qu\u2019un mode graphique. Et pour le pr\u00e9-Black Friday, le Dell AW3225QF fait un pas en avant cot\u00e9 tarif.<\/p>\n<p><a href=\"https:\/\/images.frandroid.com\/wp-content\/uploads\/2025\/11\/alienware-aw3225qf-black-friday-frandroid.jpg\" target=\"_blank\" class=\"article-content__figure\" rel=\"noopener\"><img loading=\"lazy\" decoding=\"async\" width=\"1200\" height=\"675\" src=\"https:\/\/www.europesays.com\/fr\/wp-content\/uploads\/2025\/11\/1763397526_100_alienware-aw3225qf-black-friday-frandroid-1200x675.jpg\" alt=\"\" class=\"wp-image-2868349 wp-image\"  \/><\/a><\/p>\n<ul class=\"wp-block-list\">\n<li>Une dalle QD-OLED de 32 pouces incurv\u00e9e<\/li>\n<li>Un taux de rafraichissement de 240 Hz et un taux de r\u00e9ponse de 0,03 ms<\/li>\n<li>Toute la panoplie pour bien jouer avec de l\u2019HDMI 2.1, du VRR, ALLM, G-Sync, Dolby Vision\u2026<\/li>\n<\/ul>\n<p>Au lieu de 1 119 euros, le Dell Alienware AW3225QF est <a href=\"https:\/\/shop.frandroid.com\/8o1uto6t\" data-type=\"link\" data-id=\"https:\/\/www.amazon.fr\/dp\/B0CVQGSRZ9\" target=\"_blank\" rel=\"noreferrer noopener affiliate nofollow\" data-gtm=\"{&quot;event&quot;:&quot;afficlic&quot;,&quot;nom_marchand&quot;:&quot;amazon_fr&quot;,&quot;nom_produit&quot;:&quot;inconnu&quot;,&quot;categorie_produit&quot;:&quot;inconnu&quot;,&quot;module_produit&quot;:&quot;editolink&quot;,&quot;position_marchand&quot;:0,&quot;texte&quot;:&quot;aujourd-hui-disponible-en-promotion-a-725-98-euros-sur-amazon&quot;,&quot;offer_url&quot;:&quot;https:\/\/shop.frandroid.com\/8o1uto6t&quot;,&quot;zone&quot;:&quot;contenu-page&quot;}\">aujourd\u2019hui disponible en promotion \u00e0 725,98 euros sur Amazon<\/a>.<\/p>\n<p>Dot\u00e9 d\u2019un petit \u00e9cran et d\u2019un haut-parleur, l\u2019Echo Spot d\u2019Amazon est un r\u00e9veil connect\u00e9 qui nous fait aussi profiter de l\u2019efficacit\u00e9 d\u2019Alexa. <\/p>\n<p><a href=\"https:\/\/images.frandroid.com\/wp-content\/uploads\/2025\/11\/amazon-echo-spot-black-friday-2025.jpg\" target=\"_blank\" class=\"article-content__figure\" rel=\"noopener\"><img loading=\"lazy\" decoding=\"async\" width=\"1200\" height=\"675\" src=\"https:\/\/www.europesays.com\/fr\/wp-content\/uploads\/2025\/11\/1763397528_654_amazon-echo-spot-black-friday-2025-1200x675.jpg\" alt=\"\" class=\"wp-image-2868127 wp-image\"  \/><\/a><\/p>\n<ul class=\"wp-block-list\">\n<li>Son petit \u00e9cran tactile et personnalisable<\/li>\n<li>Alexa int\u00e9gr\u00e9e pour les programmations de routines<\/li>\n<li>La possibilit\u00e9 de contr\u00f4ler des objets connect\u00e9s<\/li>\n<\/ul>\n<p>L\u2019Amazon Echo Spot est actuellement affich\u00e9 \u00e0 94,99 euros sur la plateforme. Mais si vous en ajoutez deux \u00e0 votre panier, <a href=\"https:\/\/shop.frandroid.com\/9occ6zg9\" target=\"_blank\" rel=\"noreferrer noopener affiliate nofollow\" data-gtm=\"{&quot;event&quot;:&quot;afficlic&quot;,&quot;nom_marchand&quot;:&quot;amazon_fr&quot;,&quot;nom_produit&quot;:&quot;inconnu&quot;,&quot;categorie_produit&quot;:&quot;inconnu&quot;,&quot;module_produit&quot;:&quot;editolink&quot;,&quot;position_marchand&quot;:0,&quot;texte&quot;:&quot;vous-pourrez-les-obtenir-pour-98-98-euros-sur-amazon&quot;,&quot;offer_url&quot;:&quot;https:\/\/shop.frandroid.com\/9occ6zg9&quot;,&quot;zone&quot;:&quot;contenu-page&quot;}\">vous pourrez les obtenir pour 98,98 euros sur Amazon<\/a> au lieu de 189,98 euros gr\u00e2ce au code promo <strong>ECHOSPOT<\/strong>, valable jusqu\u2019au <strong>19 novembre 2025<\/strong>.<\/p>\n<p>Gr\u00e2ce \u00e0 une navigation laser, une appli bien pens\u00e9e et une intelligence embarqu\u00e9e qui s\u2019am\u00e9liore avec le temps, le Dreame A1 Pro taille votre jardin comme un pro\u2026 pendant que vous faites autre chose. <\/p>\n<p><a href=\"https:\/\/images.frandroid.com\/wp-content\/uploads\/2025\/10\/dreame-a1-pro-black-friday-2025.jpg\" target=\"_blank\" class=\"article-content__figure\" rel=\"noopener\"><img loading=\"lazy\" decoding=\"async\" width=\"1200\" height=\"675\" src=\"https:\/\/www.europesays.com\/fr\/wp-content\/uploads\/2025\/11\/1763397530_790_dreame-a1-pro-black-friday-2025-1200x675.jpg\" alt=\"\" class=\"wp-image-2868279 wp-image\"  \/><\/a><\/p>\n<ul class=\"wp-block-list\">\n<li>Navigation autonome sans fil p\u00e9rim\u00e9trique avec latechnologie OmniSense <\/li>\n<li>Gestion multi-zones intuitive via app, chaque zone, chaque hauteur, chaque jour<\/li>\n<li>\u00c9vitement intelligent et coupe propre, ne tourne pas en rond, ne scalp pas le gazon<\/li>\n<\/ul>\n<p>Au lieu de 1 599 euros, le Dreame A1 Pro est <a href=\"https:\/\/shop.frandroid.com\/p8m91njt\" target=\"_blank\" rel=\"noreferrer noopener affiliate nofollow\">aujourd\u2019hui disponible en promotion \u00e0 899 euros sur Amazon<\/a>.<\/p>\n<p>Un casque hi-fi ferm\u00e9, fabriqu\u00e9 en France, qui m\u00eale savoir-faire artisanal et transducteurs maison, c\u2019est l\u2019Azurys : une \u00e9l\u00e9gance sign\u00e9e Focal. <\/p>\n<p><a href=\"https:\/\/images.frandroid.com\/wp-content\/uploads\/2025\/11\/focal-azurys-black-friday-frandroid.jpg\" target=\"_blank\" class=\"article-content__figure\" rel=\"noopener\"><img loading=\"lazy\" decoding=\"async\" width=\"1200\" height=\"675\" src=\"https:\/\/www.europesays.com\/fr\/wp-content\/uploads\/2025\/11\/1763397533_457_focal-azurys-black-friday-frandroid-1200x675.jpg\" alt=\"\" class=\"wp-image-2868155 wp-image\"  \/><\/a><\/p>\n<ul class=\"wp-block-list\">\n<li>Des transducteurs au format \u00ab\u00a0M-shape\u00a0\u00bb en aluminium et magn\u00e9sium<\/li>\n<li>Un design bleu azur, inspir\u00e9 de la pierre semi-pr\u00e9cieuse azurite<\/li>\n<li>Une conception ax\u00e9e sur le confort premium avec coussinets \u00e0 m\u00e9moire de forme et arceau en cuir.<\/li>\n<\/ul>\n<p>Au lieu de 549 euros, le Focal Azurys est <a href=\"https:\/\/shop.frandroid.com\/shwnpqrv\" target=\"_blank\" rel=\"noreferrer noopener affiliate nofollow\" data-gtm=\"{&quot;event&quot;:&quot;afficlic&quot;,&quot;nom_marchand&quot;:&quot;son_video&quot;,&quot;nom_produit&quot;:&quot;inconnu&quot;,&quot;categorie_produit&quot;:&quot;inconnu&quot;,&quot;module_produit&quot;:&quot;editolink&quot;,&quot;position_marchand&quot;:0,&quot;texte&quot;:&quot;aujourd-hui-disponible-en-promotion-a-349-euros-sur-son-video-com&quot;,&quot;offer_url&quot;:&quot;https:\/\/shop.frandroid.com\/shwnpqrv&quot;,&quot;zone&quot;:&quot;contenu-page&quot;}\">aujourd\u2019hui disponible en promotion \u00e0 349 euros sur Son-Vid\u00e9o.com<\/a>.<\/p>\n<p>Il n\u2019y a pas que les <a href=\"https:\/\/www.frandroid.com\/guide-dachat\/2857389_aspirateurs-robots-nos-trois-modeles-haut-de-gamme-chouchous-en-novembre-2025\" target=\"_blank\" rel=\"noopener\">aspirateurs robots<\/a> qui peuvent \u00e0 la fois aspirer et nettoyer les sols gr\u00e2ce \u00e0 leur serpilli\u00e8re humide. Certains balais aspirateurs offrent aussi cette action deux-en-un, \u00e0 l\u2019image du Dyson V12s Detect Slim Submarine, r\u00e9cemment d\u00e9voil\u00e9 par la marque britannique. Un mod\u00e8le l\u00e9ger qui aspire, d\u00e9m\u00eale les cheveux et lave les sols gr\u00e2ce \u00e0 un rouleau en microfibre motoris\u00e9.<\/p>\n<p><a href=\"https:\/\/images.frandroid.com\/wp-content\/uploads\/2025\/11\/dyson-v12s-black-friday-2025.jpg\" target=\"_blank\" class=\"article-content__figure\" rel=\"noopener\"><img loading=\"lazy\" decoding=\"async\" width=\"1200\" height=\"675\" src=\"https:\/\/www.europesays.com\/fr\/wp-content\/uploads\/2025\/11\/1763397535_335_dyson-v12s-black-friday-2025-1200x675.jpg\" alt=\"\" class=\"wp-image-2867897 wp-image\"  \/><\/a><\/p>\n<ul class=\"wp-block-list\">\n<li>Un balai l\u00e9ger et maniable<\/li>\n<li>Plusieurs accessoires, dont une brosse lavante<\/li>\n<li>Une autonomie de 60 minutes avec le mode Eco<\/li>\n<\/ul>\n<p>Auparavant affich\u00e9 \u00e0 719 euros, puis r\u00e9duit \u00e0 499 euros, le Dyson V12s Detect Slim Submarine <a href=\"https:\/\/shop.frandroid.com\/wkkgpwig\" target=\"_blank\" rel=\"noreferrer noopener affiliate nofollow\" data-gtm=\"{&quot;event&quot;:&quot;afficlic&quot;,&quot;nom_marchand&quot;:&quot;dyson&quot;,&quot;nom_produit&quot;:&quot;inconnu&quot;,&quot;categorie_produit&quot;:&quot;inconnu&quot;,&quot;module_produit&quot;:&quot;editolink&quot;,&quot;position_marchand&quot;:0,&quot;texte&quot;:&quot;peut-aujourd-hui-vous-revenir-a-474-17-euros-sur-le-site-officiel-de-la-marque&quot;,&quot;offer_url&quot;:&quot;https:\/\/shop.frandroid.com\/wkkgpwig&quot;,&quot;zone&quot;:&quot;contenu-page&quot;}\">peut aujourd\u2019hui vous revenir \u00e0 474,17 euros sur le site officiel de la marque<\/a> gr\u00e2ce au code promo <strong>WELCOME-5<\/strong>.<\/p>\n<p>Vous vivez dans une zone blanche oubli\u00e9e des op\u00e9rateurs ? Ou vous faites partie de ces travailleurs nomades qui tracent la route en van, entre deux levers de soleil ? Le kit Starlink remet du r\u00e9seau dans vos vies, partout, avec des d\u00e9bits qui flirtent avec ceux de la fibre. <\/p>\n<p><a href=\"https:\/\/images.frandroid.com\/wp-content\/uploads\/2025\/11\/starlink-kit-fixe-standard-black-friday-1.jpg\" target=\"_blank\" class=\"article-content__figure\" rel=\"noopener\"><img loading=\"lazy\" decoding=\"async\" width=\"1200\" height=\"675\" src=\"https:\/\/www.europesays.com\/fr\/wp-content\/uploads\/2025\/11\/1763397537_176_starlink-kit-fixe-standard-black-friday-1-1200x675.jpg\" alt=\"\" class=\"wp-image-2867939 wp-image\"  \/><\/a><\/p>\n<ul class=\"wp-block-list\">\n<li> Un acc\u00e8s internet haut d\u00e9bit partout, m\u00eame dans les zones blanches<\/li>\n<li>Une installation simple, pens\u00e9e pour fonctionner en quelque minutes<\/li>\n<li>Des forfaits flexibles en illimit\u00e9s et sans engagements.<\/li>\n<\/ul>\n<p>Au lieu de 349 euros, le Starlink Standard Fixe est <a href=\"https:\/\/shop.frandroid.com\/p7l0entc\" target=\"_blank\" rel=\"noreferrer noopener affiliate nofollow\" data-gtm=\"{&quot;event&quot;:&quot;afficlic&quot;,&quot;nom_marchand&quot;:&quot;fnac&quot;,&quot;nom_produit&quot;:&quot;inconnu&quot;,&quot;categorie_produit&quot;:&quot;inconnu&quot;,&quot;module_produit&quot;:&quot;editolink&quot;,&quot;position_marchand&quot;:0,&quot;texte&quot;:&quot;aujourd-hui-disponible-en-promotion-a-269-euros-sur-le-fnac&quot;,&quot;offer_url&quot;:&quot;https:\/\/shop.frandroid.com\/p7l0entc&quot;,&quot;zone&quot;:&quot;contenu-page&quot;}\">aujourd\u2019hui disponible en promotion \u00e0 269 euros sur le Fnac<\/a>.<\/p>\n<p>Le Starlink Mini profite lui aussi des remises du pr\u00e9-Black Friday, il est <a href=\"https:\/\/shop.frandroid.com\/cigm8yhg\" target=\"_blank\" rel=\"noreferrer noopener affiliate nofollow\" data-gtm=\"{&quot;event&quot;:&quot;afficlic&quot;,&quot;nom_marchand&quot;:&quot;fnac&quot;,&quot;nom_produit&quot;:&quot;inconnu&quot;,&quot;categorie_produit&quot;:&quot;inconnu&quot;,&quot;module_produit&quot;:&quot;editolink&quot;,&quot;position_marchand&quot;:0,&quot;texte&quot;:&quot;disponible-a-249-euros-au-lieu-de-399-euros-sur-la-fnac&quot;,&quot;offer_url&quot;:&quot;https:\/\/shop.frandroid.com\/cigm8yhg&quot;,&quot;zone&quot;:&quot;contenu-page&quot;}\">disponible \u00e0 249 euros au lieu de 399 euros sur la Fnac<\/a>.<\/p>\n<p>H\u00e9ritier de l\u2019excellent DJI Mini 4 Pro, le DJI Mini 5 Pro est un drone polyvalent, ultra-compact et l\u00e9ger. Il embarque notamment un nouveau capteur de 1 pouce qui change tout. <\/p>\n<p><a href=\"https:\/\/images.frandroid.com\/wp-content\/uploads\/2025\/11\/dji-mini-5-pro-single-day-2025.jpg\" target=\"_blank\" class=\"article-content__figure\" rel=\"noopener\"><img loading=\"lazy\" decoding=\"async\" width=\"1200\" height=\"675\" src=\"https:\/\/www.europesays.com\/fr\/wp-content\/uploads\/2025\/11\/1763397539_391_dji-mini-5-pro-single-day-2025-1200x675.jpg\" alt=\"\" class=\"wp-image-2862579 wp-image\"  \/><\/a><\/p>\n<ul class=\"wp-block-list\">\n<li>Un drone toujours aussi l\u00e9ger<\/li>\n<li>La d\u00e9tection d\u2019obstacles LiDAR en basse lumi\u00e8re<\/li>\n<li>La qualit\u00e9 d\u2019image du capteur 1 pouce<\/li>\n<\/ul>\n<p>Lanc\u00e9 \u00e0 799 euros, le DJI Mini 5 Pro, avec sa t\u00e9l\u00e9commande RC-N3, est aujourd\u2019hui <a href=\"https:\/\/shop.frandroid.com\/en05ktsh\" data-type=\"link\" data-id=\"https:\/\/shop.frandroid.com\/en05ktsh\" target=\"_blank\" rel=\"noreferrer noopener affiliate nofollow\">disponible en promotion \u00e0 578,98 euros chez AliExpress<\/a>, gr\u00e2ce au code promo <strong>S11FR85<\/strong>.<\/p>\n<p>Besoin d\u2019une manette suppl\u00e9mentaire pour jouer en multi sur votre Switch ? Si vous \u00e9tiez fan de la manette de GameCube, le Battle Pad d\u2019Hori saura vous satisfaire. Elle est d\u2019ailleurs sous licence officielle Nintendo : branchez-l\u00e0, et c\u2019est parti.<\/p>\n<p><a href=\"https:\/\/images.frandroid.com\/wp-content\/uploads\/2025\/11\/hori-battle-pad-black-friday.jpg\" target=\"_blank\" class=\"article-content__figure\" rel=\"noopener\"><img loading=\"lazy\" decoding=\"async\" width=\"1200\" height=\"675\" src=\"https:\/\/www.europesays.com\/fr\/wp-content\/uploads\/2025\/11\/1763397540_871_hori-battle-pad-black-friday-1200x675.jpg\" alt=\"\" class=\"wp-image-2867809 wp-image\"  \/><\/a><\/p>\n<ul class=\"wp-block-list\">\n<li>Edition Zelda avec le logo d\u2019Hyrule<\/li>\n<\/ul>\n<ul class=\"wp-block-list\">\n<li>Maniabilit\u00e9 \u00e0 l\u2019ancienne<\/li>\n<\/ul>\n<p>Le Hori Battle Pad pour Switch <a href=\"https:\/\/shop.frandroid.com\/fzthz16y\" target=\"_blank\" rel=\"noreferrer noopener affiliate nofollow\" data-gtm=\"{&quot;event&quot;:&quot;afficlic&quot;,&quot;nom_marchand&quot;:&quot;amazon_fr&quot;,&quot;nom_produit&quot;:&quot;inconnu&quot;,&quot;categorie_produit&quot;:&quot;inconnu&quot;,&quot;module_produit&quot;:&quot;editolink&quot;,&quot;position_marchand&quot;:0,&quot;texte&quot;:&quot;est-a-24-99-euros&quot;,&quot;offer_url&quot;:&quot;https:\/\/shop.frandroid.com\/fzthz16y&quot;,&quot;zone&quot;:&quot;contenu-page&quot;}\">est \u00e0 24,99 euros<\/a> au lieu de 34,92 euros actuellement sur Amazon.<\/p>\n<p>Profitez d\u2019un grand \u00e9cran incurv\u00e9 WQHD de 34 pouces avec un taux de rafraichissement de 180 Hz sur PC, voil\u00e0 ce que propose le Philips Evnia 34M2C3500L\/00. En ce moment, il am\u00e9liore son rapport qualit\u00e9-prix en tombant \u00e0 moins de 220 euros.<\/p>\n<p><a href=\"https:\/\/images.frandroid.com\/wp-content\/uploads\/2025\/11\/philips-34m2c3500l00-pre-black-friday.jpg\" target=\"_blank\" class=\"article-content__figure\" rel=\"noopener\"><img loading=\"lazy\" decoding=\"async\" width=\"1200\" height=\"675\" src=\"https:\/\/www.europesays.com\/fr\/wp-content\/uploads\/2025\/11\/1763397544_809_philips-34m2c3500l00-pre-black-friday-1200x675.jpg\" alt=\"\" class=\"wp-image-2867563 wp-image\"  \/><\/a><\/p>\n<ul class=\"wp-block-list\">\n<li>La dalle incurv\u00e9 de 34 pouces offre une bonne immersion <\/li>\n<li>Une fr\u00e9quence de rafra\u00eechissement \u00e0 180 Hz pour une fluidit\u00e9 maximale<\/li>\n<li>Un temps de r\u00e9ponse de 0,5 ms et des fonctionnalit\u00e9s gaming<\/li>\n<\/ul>\n<p>Au lieu de 245,19 euros, l\u2019\u00e9cran PC gamer Philips Evnia 34M2C3500L\/00 <a href=\"https:\/\/shop.frandroid.com\/1999g481\" target=\"_blank\" rel=\"noreferrer noopener affiliate nofollow\" data-gtm=\"{&quot;event&quot;:&quot;afficlic&quot;,&quot;nom_marchand&quot;:&quot;cdiscount&quot;,&quot;nom_produit&quot;:&quot;inconnu&quot;,&quot;categorie_produit&quot;:&quot;inconnu&quot;,&quot;module_produit&quot;:&quot;editolink&quot;,&quot;position_marchand&quot;:0,&quot;texte&quot;:&quot;passe-a-219-99-euros-sur-le-site-cdiscount&quot;,&quot;offer_url&quot;:&quot;https:\/\/shop.frandroid.com\/1999g481&quot;,&quot;zone&quot;:&quot;contenu-page&quot;}\">passe \u00e0 219,99 euros sur le site Cdiscount. <\/a><\/p>\n<p>M\u00eame si elle date de 2022, la Logitech MX Master 3S reste encore aujourd\u2019hui une r\u00e9f\u00e9rence parmi les souris bureautiques sans fil. <\/p>\n<p><a href=\"https:\/\/images.frandroid.com\/wp-content\/uploads\/2025\/11\/logitech-mx-master-3s-single-day-2025.jpg\" target=\"_blank\" class=\"article-content__figure\" rel=\"noopener\"><img loading=\"lazy\" decoding=\"async\" width=\"1200\" height=\"675\" src=\"https:\/\/www.europesays.com\/fr\/wp-content\/uploads\/2025\/11\/1763397547_126_logitech-mx-master-3s-single-day-2025-1200x675.jpg\" alt=\"\" class=\"wp-image-2864211 wp-image\"  \/><\/a><\/p>\n<ul class=\"wp-block-list\">\n<li>La fonction Flow pour passer switcher entre trois PC comme si vous changiez d\u2019\u00e9cran<\/li>\n<li>Elle peut se connecter en filaire, en Bluetooth ou en sans fil avec Logi Bolt<\/li>\n<li>70 jours d\u2019autonomie et une compatibilit\u00e9 charge rapide (1 minute = 3 heures)<\/li>\n<\/ul>\n<p>Encore aujourd\u2019hui, malgr\u00e9 ses trois ans d\u2019\u00e2ge, la Logitech MX Master 3S, se monnaye 129,99 euros sur le site officiel de la marque. Chez AlIExpress en ce moment, <a href=\"https:\/\/shop.frandroid.com\/rhpgoyy0\" data-type=\"link\" data-id=\"https:\/\/fr.aliexpress.com\/item\/1005005100713047.html\" target=\"_blank\" rel=\"noreferrer noopener affiliate nofollow\">elle s\u2019affiche toutefois \u00e0 seulement 59,99 euros<\/a> avec le code promo <strong>S11FR12<\/strong>.<\/p>\n<p>Le <a href=\"https:\/\/www.frandroid.com\/guide-dachat\/689411_guide-meilleurs-pc-portables-gamer\" target=\"_blank\" rel=\"noopener\">PC portable gamer<\/a> MSI Cyborg 15 B13WFKG est la preuve que l\u2019on peut profiter d\u2019une configuration pointue sans se ruiner. Pendant le pr\u00e9-Black Friday, il co\u00fbte 34 % de moins. <\/p>\n<p><a href=\"https:\/\/images.frandroid.com\/wp-content\/uploads\/2025\/11\/msi-cyborg-15-pre-black-friday.jpg\" target=\"_blank\" class=\"article-content__figure\" rel=\"noopener\"><img loading=\"lazy\" decoding=\"async\" width=\"1200\" height=\"675\" src=\"https:\/\/www.europesays.com\/fr\/wp-content\/uploads\/2025\/11\/1763397549_950_msi-cyborg-15-pre-black-friday-1200x675.jpg\" alt=\"\" class=\"wp-image-2855587 wp-image\"  \/><\/a><\/p>\n<ul class=\"wp-block-list\">\n<li>Une dalle IPS Full HD de 15,6 pouces + 144 Hz<\/li>\n<li>Un combo i7-13620H + RTX 5060 + 16 Go de RAM<\/li>\n<li>Un SSD de 512 Go<\/li>\n<\/ul>\n<p>De base \u00e0 1 399,99 euros, le laptop MSI Cyborg 15 (B13WFKG-649FR) se n\u00e9gocie <a href=\"https:\/\/shop.frandroid.com\/69e5q4v5\" target=\"_blank\" rel=\"noreferrer noopener affiliate nofollow\" data-gtm=\"{&quot;event&quot;:&quot;afficlic&quot;,&quot;nom_marchand&quot;:&quot;fnac&quot;,&quot;nom_produit&quot;:&quot;inconnu&quot;,&quot;categorie_produit&quot;:&quot;inconnu&quot;,&quot;module_produit&quot;:&quot;editolink&quot;,&quot;position_marchand&quot;:0,&quot;texte&quot;:&quot;en-ce-moment-a-979-99-euros-sur-le-site-de-la-fnac&quot;,&quot;offer_url&quot;:&quot;https:\/\/shop.frandroid.com\/69e5q4v5&quot;,&quot;zone&quot;:&quot;contenu-page&quot;}\">en ce moment \u00e0 929,99 euros sur le site de la Fnac<\/a>. L\u2019offre est \u00e9galement <a href=\"https:\/\/shop.frandroid.com\/f51drme2\" target=\"_blank\" rel=\"noreferrer noopener affiliate nofollow\" data-gtm=\"{&quot;event&quot;:&quot;afficlic&quot;,&quot;nom_marchand&quot;:&quot;darty&quot;,&quot;nom_produit&quot;:&quot;inconnu&quot;,&quot;categorie_produit&quot;:&quot;inconnu&quot;,&quot;module_produit&quot;:&quot;editolink&quot;,&quot;position_marchand&quot;:0,&quot;texte&quot;:&quot;disponible-chez-darty&quot;,&quot;offer_url&quot;:&quot;https:\/\/shop.frandroid.com\/f51drme2&quot;,&quot;zone&quot;:&quot;contenu-page&quot;}\">disponible chez Darty. <\/a><\/p>\n<p>Le Philips NeoPix 950 Smart a d\u00e9barqu\u00e9 tout r\u00e9cemment sur le march\u00e9 des vid\u00e9oprojecteurs compacts que l\u2019on peut d\u00e9placer facilement d\u2019une pi\u00e8ce \u00e0 l\u2019autre. Lumineux et capable de projeter des images jusqu\u2019\u00e0 150 pouces de diagonale, ce cin\u00e9ma de poche est propos\u00e9 \u00e0 -44 % aujourd\u2019hui.<\/p>\n<p><a href=\"https:\/\/images.frandroid.com\/wp-content\/uploads\/2025\/11\/philips-neopix-950-black-friday-2025.jpg\" target=\"_blank\" class=\"article-content__figure\" rel=\"noopener\"><img loading=\"lazy\" decoding=\"async\" width=\"1200\" height=\"675\" src=\"https:\/\/www.europesays.com\/fr\/wp-content\/uploads\/2025\/11\/1763397553_364_philips-neopix-950-black-friday-2025-1200x675.jpg\" alt=\"\" class=\"wp-image-2867101 wp-image\"  \/><\/a><\/p>\n<ul class=\"wp-block-list\">\n<li>Un vid\u00e9oprojecteur de 4,3 kg<\/li>\n<li>Des images jusqu\u2019\u00e0 150 pouces<\/li>\n<li>Google TV int\u00e9gr\u00e9<\/li>\n<\/ul>\n<p>Initialement affich\u00e9 \u00e0 899 euros, le Philips NeoPix 950 Smart est aujourd\u2019hui <a href=\"https:\/\/shop.frandroid.com\/xnv160ff\" target=\"_blank\" rel=\"noreferrer noopener affiliate nofollow\" data-gtm=\"{&quot;event&quot;:&quot;afficlic&quot;,&quot;nom_marchand&quot;:&quot;boulanger&quot;,&quot;nom_produit&quot;:&quot;inconnu&quot;,&quot;categorie_produit&quot;:&quot;inconnu&quot;,&quot;module_produit&quot;:&quot;editolink&quot;,&quot;position_marchand&quot;:0,&quot;texte&quot;:&quot;disponible-en-promotion-a-499-euros-chez-boulanger&quot;,&quot;offer_url&quot;:&quot;https:\/\/shop.frandroid.com\/xnv160ff&quot;,&quot;zone&quot;:&quot;contenu-page&quot;}\">disponible en promotion \u00e0 499 euros chez Boulanger<\/a>.<\/p>\n<p>Cet ordinateur avec un \u00e9cran de 15 pouces est id\u00e9al pour les \u00e9tudiants et les travailleurs nomades, puisqu\u2019il est tr\u00e8s confortable \u00e0 utiliser. Si vous comptez jouer dessus, vous le pouvez, mais pas \u00e0 de gros AAA r\u00e9cents. <\/p>\n<p><a href=\"https:\/\/images.frandroid.com\/wp-content\/uploads\/2025\/11\/dell-dc15255-black-friday-2025.jpg\" target=\"_blank\" class=\"article-content__figure\" rel=\"noopener\"><img loading=\"lazy\" decoding=\"async\" width=\"1200\" height=\"675\" src=\"https:\/\/www.europesays.com\/fr\/wp-content\/uploads\/2025\/11\/1763397555_34_dell-dc15255-black-friday-2025-1200x675.jpg\" alt=\"\" class=\"wp-image-2867267 wp-image\"  \/><\/a><\/p>\n<ul class=\"wp-block-list\">\n<li>Le processeur Ryzen 5 7530U pour la bureautique, le multim\u00e9dia et la cr\u00e9ation<\/li>\n<li>Son \u00e9cran Full HD IPS de 15,6 pouces \u00e0 120 Hz<\/li>\n<li>Une bonne m\u00e9moire globale pour faire tourner les logiciels<\/li>\n<\/ul>\n<p>Ce mod\u00e8le particulier de Dell, le DC15255, co\u00fbte d\u2019habitude 449 euros et <a href=\"https:\/\/shop.frandroid.com\/ernjyq4p\" data-type=\"link\" data-id=\"https:\/\/www.dell.com\/fr-fr\/shop\/ordinateurs-portables-dell\/ordinateur-portable-dell-15\/spd\/dell-dc15255-laptop\/cndc1525502sc\" target=\"_blank\" rel=\"noreferrer noopener affiliate nofollow\" data-gtm=\"{&quot;event&quot;:&quot;afficlic&quot;,&quot;nom_marchand&quot;:&quot;dell&quot;,&quot;nom_produit&quot;:&quot;inconnu&quot;,&quot;categorie_produit&quot;:&quot;inconnu&quot;,&quot;module_produit&quot;:&quot;editolink&quot;,&quot;position_marchand&quot;:0,&quot;texte&quot;:&quot;passe-a-329-euros&quot;,&quot;offer_url&quot;:&quot;https:\/\/shop.frandroid.com\/ernjyq4p&quot;,&quot;zone&quot;:&quot;contenu-page&quot;}\">passe \u00e0 329 euros<\/a> pendant le pr\u00e9-Black Friday sur le site de la marque.<\/p>\n<p>La TP-LINK Tapo C225 est un appareil qui capte des images en 2K QHD et qui permet de distinguer nettement chaque \u00e9l\u00e9ment pr\u00e9sent dans la pi\u00e8ce o\u00f9 elle est positionn\u00e9e. <a href=\"https:\/\/www.frandroid.com\/guide-dachat\/guide-dachat-maison-connectee\/718936_guide-cameras-de-securite\" target=\"_blank\" rel=\"noopener\">Une cam\u00e9ra<\/a> pratique qui conna\u00eet une baisse de 43 % lors du pr\u00e9-Black Friday.<\/p>\n<p><a href=\"https:\/\/images.frandroid.com\/wp-content\/uploads\/2025\/10\/copie-de-preblackfriday-frandroid-solo.jpg\" target=\"_blank\" class=\"article-content__figure\" rel=\"noopener\"><img loading=\"lazy\" decoding=\"async\" width=\"1200\" height=\"675\" src=\"https:\/\/www.europesays.com\/fr\/wp-content\/uploads\/2025\/11\/1763397557_971_copie-de-preblackfriday-frandroid-solo-1200x675.jpg\" alt=\"TP-LINK Tapo C225 Black Friday\" class=\"wp-image-2849981 wp-image\"  \/><\/a><\/p>\n<ul class=\"wp-block-list\">\n<li>La pr\u00e9sence de l\u2019intelligence artificielle pour une s\u00e9curit\u00e9 optimale<\/li>\n<li>Une captation des images en 2K QHD enrichies par la technologie HDR<\/li>\n<li>Un mode physique pour assurer la confidentialit\u00e9<\/li>\n<\/ul>\n<p>Habituellement vendue \u00e0 69,90 euros, Boulanger fait une promotion de 43 % et en cette p\u00e9riode de pr\u00e9-Black Friday, elle est donc <a href=\"https:\/\/shop.frandroid.com\/3d2vkk97\" target=\"_blank\" rel=\"noreferrer noopener affiliate nofollow\">disponible \u00e0 seulement 39,90 euros<\/a>.<\/p>\n<p>On trouve aussi le mod\u00e8le <a href=\"https:\/\/shop.frandroid.com\/s5wwjd5w\" target=\"_blank\" rel=\"noreferrer noopener affiliate nofollow\" data-gtm=\"{&quot;event&quot;:&quot;afficlic&quot;,&quot;nom_marchand&quot;:&quot;amazon_fr&quot;,&quot;nom_produit&quot;:&quot;inconnu&quot;,&quot;categorie_produit&quot;:&quot;inconnu&quot;,&quot;module_produit&quot;:&quot;editolink&quot;,&quot;position_marchand&quot;:0,&quot;texte&quot;:&quot;eufy-e220-pour-10-euros-de-moins-sur-amazon&quot;,&quot;offer_url&quot;:&quot;https:\/\/shop.frandroid.com\/s5wwjd5w&quot;,&quot;zone&quot;:&quot;contenu-page&quot;}\">Eufy E220 pour 10 euros de moins sur Amazon<\/a>. <\/p>\n<p>Vous avez <a href=\"https:\/\/www.frandroid.com\/produits\/consoles\/nintendo\/2468656-nintendo-switch-2\" target=\"_blank\" rel=\"noopener\">la Switch 2<\/a>, mais vous souhaitez deux manettes suppl\u00e9mentaires pour jouer avec vos amis \u00e0 Mario Kart World ? \u00c7a tombe bien, la paire de Joy-Con de la derni\u00e8re console hybride de Nintendo est en ce moment en promotion moins de 70 euros. <\/p>\n<p><a href=\"https:\/\/images.frandroid.com\/wp-content\/uploads\/2025\/11\/joycon-switch-2-pre-black-friday.jpg\" target=\"_blank\" class=\"article-content__figure\" rel=\"noopener\"><img loading=\"lazy\" decoding=\"async\" width=\"1200\" height=\"675\" src=\"https:\/\/www.europesays.com\/fr\/wp-content\/uploads\/2025\/11\/1763397559_172_joycon-switch-2-pre-black-friday-1200x675.jpg\" alt=\"\" class=\"wp-image-2866521 wp-image\"  \/><\/a><\/p>\n<ul class=\"wp-block-list\">\n<li>Une prise en main am\u00e9lior\u00e9e<\/li>\n<li>Un moteur de vibration plus pr\u00e9cis<\/li>\n<li>Une autonomie qui atteint jusqu\u2019\u00e0 20 heures<\/li>\n<\/ul>\n<p>Vendue au d\u00e9part \u00e0 89,99 euros, la paire\u00a0de Manette Joycon de la Nintendo Switch 2 est en ce moment\u00a0<a href=\"https:\/\/shop.frandroid.com\/2ccqhbx2\" target=\"_blank\" rel=\"noreferrer noopener affiliate nofollow\" data-gtm=\"{&quot;event&quot;:&quot;afficlic&quot;,&quot;nom_marchand&quot;:&quot;auchan&quot;,&quot;nom_produit&quot;:&quot;inconnu&quot;,&quot;categorie_produit&quot;:&quot;inconnu&quot;,&quot;module_produit&quot;:&quot;editolink&quot;,&quot;position_marchand&quot;:0,&quot;texte&quot;:&quot;en-promotion-a-69-99-euros-sur-le-site-auchan&quot;,&quot;offer_url&quot;:&quot;https:\/\/shop.frandroid.com\/2ccqhbx2&quot;,&quot;zone&quot;:&quot;contenu-page&quot;}\">en promotion \u00e0 69,99 euros sur le site Auchan.<\/a><\/p>\n<p>Avec cet \u00e9cran LG 45GX900A-B, vous avez un moniteur haut de gamme pour du gaming de qualit\u00e9, sur une surface de 45 pouces avec en plus les avantages de l\u2019OLED. Ajoutez \u00e0 \u00e7a qu\u2019il est incurv\u00e9, avec jsuqu\u2019\u00e0 240 images affich\u00e9es par seconde, et vous avez un bon aper\u00e7u de ce qu\u2019il peut faire. De quoi s\u2019immerger dans tous vos jeux et contenus multim\u00e9dias, \u00e0 condition d\u2019avoir bien s\u00fbr la configuration qui va avec. <\/p>\n<p><a href=\"https:\/\/images.frandroid.com\/wp-content\/uploads\/2025\/11\/lg-45gx900a-b-pre-black-friday-2025.jpg\" target=\"_blank\" class=\"article-content__figure\" rel=\"noopener\"><img loading=\"lazy\" decoding=\"async\" width=\"1200\" height=\"675\" src=\"https:\/\/www.europesays.com\/fr\/wp-content\/uploads\/2025\/11\/1763397562_300_lg-45gx900a-b-pre-black-friday-2025-1200x675.jpg\" alt=\"\" class=\"wp-image-2866251 wp-image\"  \/><\/a><\/p>\n<ul class=\"wp-block-list\">\n<li>La dalle OLED incurv\u00e9e 800R de 45 pouces<\/li>\n<li>Le taux de rafra\u00eechissement \u00e0 240 Hz<\/li>\n<li>Une latence de seulement 0,03 ms en GtG<\/li>\n<\/ul>\n<p>Hors p\u00e9riode de pr\u00e9-Black Friday, le LG 45GX900A-B est vendu 1 699,99 euros sur le site de LG. Mais actuellement, <a href=\"https:\/\/shop.frandroid.com\/zmynex8k\" target=\"_blank\" rel=\"noreferrer noopener affiliate nofollow\">il est affich\u00e9 \u00e0 1 000 euros<\/a>.<\/p>\n<p>Une configuration performante coupl\u00e9e \u00e0 un \u00e9cran fluide ? C\u2019est la recette que propose ce Lenovo Legion 5 15IRX10. La dalle de 15,3 pouces a toutes les dispositions n\u00e9cessaires pour des sessions de jeu prolong\u00e9es. La configuration autour de l\u2019Intel Core i7 et de la RTX 5070 ne g\u00e2chent rien.<\/p>\n<p><a href=\"https:\/\/images.frandroid.com\/wp-content\/uploads\/2025\/11\/lenovo-legion-5-15irx10-pre-black-friday-1.jpg\" target=\"_blank\" class=\"article-content__figure\" rel=\"noopener\"><img loading=\"lazy\" decoding=\"async\" width=\"1200\" height=\"675\" src=\"https:\/\/www.europesays.com\/fr\/wp-content\/uploads\/2025\/11\/1763397564_320_lenovo-legion-5-15irx10-pre-black-friday-1-1200x675.jpg\" alt=\"\" class=\"wp-image-2861463 wp-image\"  \/><\/a><\/p>\n<ul class=\"wp-block-list\">\n<li>La dalle 165 Hz de 15,3 pouces<\/li>\n<li>Une configuration Core i7 et RTX 5070<\/li>\n<li>Windows 11 \u00e0 installer<\/li>\n<\/ul>\n<p>Sur les premi\u00e8res offres du Black Friday chez Cdiscount, il est possible d\u2019acheter ce PC portable en promotion. <a href=\"https:\/\/shop.frandroid.com\/nx1sg0dn\" target=\"_blank\" rel=\"noreferrer noopener affiliate nofollow\" data-gtm=\"{&quot;event&quot;:&quot;afficlic&quot;,&quot;nom_marchand&quot;:&quot;cdiscount&quot;,&quot;nom_produit&quot;:&quot;inconnu&quot;,&quot;categorie_produit&quot;:&quot;inconnu&quot;,&quot;module_produit&quot;:&quot;editolink&quot;,&quot;position_marchand&quot;:0,&quot;texte&quot;:&quot;le-lenovo-legion-5-15-irx-10-est-a-1399-euros-au-lieu-de-1649-euros&quot;,&quot;offer_url&quot;:&quot;https:\/\/shop.frandroid.com\/nx1sg0dn&quot;,&quot;zone&quot;:&quot;contenu-page&quot;}\">Le Lenovo Legion 5 15IRX10 est \u00e0 1399 euros au lieu de 1649 euros.<\/a><\/p>\n<p>Le Roborock Q10 VF+ est un aspirateur robot qui offre une haute puissance d\u2019aspiration de 10 000 Pa, permettant de retirer poussi\u00e8res et poils d\u2019animaux sur tous les sols. Sa navigation intelligente LiDAR assure une cartographie pr\u00e9cise. Sa base int\u00e8gre en outre un grand sac \u00e0 poussi\u00e8re 2,5 L qui permet d\u2019\u00eatre tranquille pendant plusieurs semaines.<\/p>\n<p><a href=\"https:\/\/images.frandroid.com\/wp-content\/uploads\/2025\/11\/roborock-cdiscount-pre-black-friday.jpg\" target=\"_blank\" class=\"article-content__figure\" rel=\"noopener\"><img loading=\"lazy\" decoding=\"async\" width=\"1200\" height=\"675\" src=\"https:\/\/www.europesays.com\/fr\/wp-content\/uploads\/2025\/11\/1763397566_695_roborock-cdiscount-pre-black-friday-1200x675.jpg\" alt=\"\" class=\"wp-image-2862347 wp-image\"  \/><\/a><\/p>\n<ul class=\"wp-block-list\">\n<li>Puissance d\u2019aspiration de 10 000 Pa<\/li>\n<li>Station de vidage automatique<\/li>\n<li>Navigation LiDAR PreciSense et ReactiveTech<\/li>\n<\/ul>\n<p>Pendant le Black Month, l\u2019aspirateur robot <a href=\"https:\/\/shop.frandroid.com\/vahn4kx5\" target=\"_blank\" rel=\"noreferrer noopener affiliate nofollow\" data-gtm=\"{&quot;event&quot;:&quot;afficlic&quot;,&quot;nom_marchand&quot;:&quot;cdiscount&quot;,&quot;nom_produit&quot;:&quot;inconnu&quot;,&quot;categorie_produit&quot;:&quot;inconnu&quot;,&quot;module_produit&quot;:&quot;editolink&quot;,&quot;position_marchand&quot;:0,&quot;texte&quot;:&quot;tombe-a-249-euros&quot;,&quot;offer_url&quot;:&quot;https:\/\/shop.frandroid.com\/vahn4kx5&quot;,&quot;zone&quot;:&quot;contenu-page&quot;}\">tombe \u00e0 249 euros<\/a> au lieu de 399 euros en temps normal.<\/p>\n<p>La Coros Pace 3 est une montre connect\u00e9e disponible depuis 2023. Elle n\u2019est donc plus toute jeune, mais sa suite, <a href=\"https:\/\/www.frandroid.com\/produits\/montres-bracelet-connectes\/coros\/2856545-coros-pace-4\" target=\"_blank\" rel=\"noreferrer noopener\">la Coros Pace 4<\/a>, a \u00e9t\u00e9 d\u00e9voil\u00e9e <a href=\"https:\/\/www.frandroid.com\/marques\/coros\/2853375_coros-devoile-sa-nouvelle-montre-de-sport-pas-chere-la-coros-pace-4-avec-ecran-amoled-micro-et-design-leger\" target=\"_blank\" rel=\"noreferrer noopener\">il y a quelques jours<\/a> seulement et est \u00e0 peine sur le march\u00e9. C\u2019est donc l\u2019occasion id\u00e9ale de se procurer cet ancien mod\u00e8le \u00e0 un meilleur prix. <\/p>\n<p><a href=\"https:\/\/images.frandroid.com\/wp-content\/uploads\/2025\/11\/coros-pace-3-singles-day-2025.jpg\" target=\"_blank\" class=\"article-content__figure\" rel=\"noopener\"><img loading=\"lazy\" decoding=\"async\" width=\"1200\" height=\"675\" src=\"https:\/\/www.europesays.com\/fr\/wp-content\/uploads\/2025\/11\/1763397568_405_coros-pace-3-singles-day-2025-1200x675.jpg\" alt=\"\" class=\"wp-image-2866033 wp-image\"  \/><\/a><\/p>\n<ul class=\"wp-block-list\">\n<li>Son autonomie de deux semaines, impressionnante<\/li>\n<li>Le capteur de fr\u00e9quence cardiaque est tr\u00e8s pr\u00e9cis<\/li>\n<li>Son \u00e9cran bien lisible pour un usage ext\u00e9rieur<\/li>\n<\/ul>\n<p>La Coros Pace 3 profite du Single Day pour <a href=\"https:\/\/shop.frandroid.com\/ryngmvp1\" target=\"_blank\" rel=\"noreferrer noopener affiliate nofollow\">passer de 249 euros \u00e0 209 euros<\/a> sur AliExpress. Pour avoir ce prix dans le panier, il faut utiliser <strong>le code promo S11FR40<\/strong> avant le paiement.<\/p>\n<p>Le Samsung 55S90F est un TV moderne, pr\u00e9sent\u00e9 lors du First Look du <a href=\"https:\/\/www.frandroid.com\/events\/ces\" target=\"_blank\" rel=\"noreferrer noopener\">CES 2025<\/a>. Cette version de 55 pouces a la particularit\u00e9 de proposer une dalle QD-OLED, <a href=\"https:\/\/www.frandroid.com\/marques\/samsung\/2458072_samsung-officialise-trois-nouvelles-series-de-tv-oled-pour-2025-s95f-s90f-et-s85f\" target=\"_blank\" rel=\"noreferrer noopener\">comme ses homologues<\/a> 65 et 77 pouces, l\u00e0 o\u00f9 les 42, 48 et 83 pouces sont sur du White-OLED. Un mod\u00e8le au rendu de qualit\u00e9, qui va s\u00e9duire autant les cin\u00e9philes que les gamers. <\/p>\n<p><a href=\"https:\/\/images.frandroid.com\/wp-content\/uploads\/2025\/11\/samsung-55s90f-pre-black-friday-2025.jpg\" target=\"_blank\" class=\"article-content__figure\" rel=\"noopener\"><img loading=\"lazy\" decoding=\"async\" width=\"1200\" height=\"675\" src=\"https:\/\/www.europesays.com\/fr\/wp-content\/uploads\/2025\/11\/1763397570_245_samsung-55s90f-pre-black-friday-2025-1200x675.jpg\" alt=\"\" class=\"wp-image-2862057 wp-image\"  \/><\/a><\/p>\n<ul class=\"wp-block-list\">\n<li>Un \u00e9cran QD-OLED rafraichit \u00e0 144 Hz<\/li>\n<li>La t\u00e9l\u00e9commande solaire, un produit \u00e9coresponsable<\/li>\n<li>Il est certifi\u00e9 Pantone, pour une grande fid\u00e9lit\u00e9 des couleurs<\/li>\n<\/ul>\n<p>Lors de son lancement, ce TV Samsung 55S90F \u00e9tait \u00e0 1 799 euros. Sur Darty, il est affich\u00e9 \u00e0 999 euros, puis passe <a href=\"https:\/\/shop.frandroid.com\/f9augjdz\" target=\"_blank\" rel=\"noreferrer noopener affiliate nofollow\" data-gtm=\"{&quot;event&quot;:&quot;afficlic&quot;,&quot;nom_marchand&quot;:&quot;darty&quot;,&quot;nom_produit&quot;:&quot;inconnu&quot;,&quot;categorie_produit&quot;:&quot;inconnu&quot;,&quot;module_produit&quot;:&quot;editolink&quot;,&quot;position_marchand&quot;:0,&quot;texte&quot;:&quot;a-829-euros&quot;,&quot;offer_url&quot;:&quot;https:\/\/shop.frandroid.com\/f9augjdz&quot;,&quot;zone&quot;:&quot;contenu-page&quot;}\">\u00e0 899 euros<\/a> avec l\u2019<a href=\"https:\/\/www.darty.com\/res3\/pdf\/EGP\/2025\/Samsung-octobre.pdf\" target=\"_blank\" rel=\"noreferrer noopener nofollow\">offre de remboursement de 100 euros<\/a>.<\/p>\n<p><a href=\"https:\/\/www.frandroid.com\/marques\/honor\/2470288_test-honor-magic-7-pro-une-douce-continuite-dans-lexcellence\" target=\"_blank\" rel=\"noopener\">Le Magic 7 Pro<\/a> est un smartphone haut de gamme, aux finitions premium. La fiche technique est aussi parmi les meilleures du march\u00e9, offrant des prestations attractives. Surtout, il se distingue par une qualit\u00e9 photo irr\u00e9prochable quelles que soient les circonstances.<\/p>\n<p><a href=\"https:\/\/images.frandroid.com\/wp-content\/uploads\/2025\/11\/honor-magic-7-pro-frandroid-solo.jpg\" target=\"_blank\" class=\"article-content__figure\" rel=\"noopener\"><img loading=\"lazy\" decoding=\"async\" width=\"1200\" height=\"675\" src=\"https:\/\/www.europesays.com\/fr\/wp-content\/uploads\/2025\/11\/1763397572_671_honor-magic-7-pro-frandroid-solo-1200x675.jpg\" alt=\"\" class=\"wp-image-2863803 wp-image\"  \/><\/a><\/p>\n<ul class=\"wp-block-list\">\n<li>Une superbe qualit\u00e9 de construction<\/li>\n<li>Les performances et la ma\u00eetrise de la chauffe<\/li>\n<li>La qualit\u00e9 des photos en toutes circonstances<\/li>\n<\/ul>\n<p><a href=\"https:\/\/shop.frandroid.com\/8s9tozqg\" data-type=\"link\" data-id=\"https:\/\/fr.aliexpress.com\/item\/1005010084813062.html\" target=\"_blank\" rel=\"noreferrer noopener affiliate nofollow\" data-gtm=\"{&quot;event&quot;:&quot;afficlic&quot;,&quot;nom_marchand&quot;:&quot;aliexpress&quot;,&quot;nom_produit&quot;:&quot;inconnu&quot;,&quot;categorie_produit&quot;:&quot;inconnu&quot;,&quot;module_produit&quot;:&quot;editolink&quot;,&quot;position_marchand&quot;:0,&quot;texte&quot;:&quot;ce-honor-magic-7-pro-degringole-en-ce-moment-a-638-99-euros&quot;,&quot;offer_url&quot;:&quot;https:\/\/shop.frandroid.com\/8s9tozqg&quot;,&quot;zone&quot;:&quot;contenu-page&quot;}\">Ce Honor Magic 7 Pro d\u00e9gringole en ce moment \u00e0 638,99 euros<\/a> avec le code <strong>S11FR85<\/strong>, alors que son prix de vente au lancement \u00e9tait de 1 199 euros.<\/p>\n<p>Les cartes SanDisk Ultra sont en gage de qualit\u00e9 pour n\u2019importe quel appareil disposant d\u2019un port microSD. Ce n\u2019est pas les meilleures pour l\u2019enregistrement de vid\u00e9os en 4K, par contre. <\/p>\n<p><a href=\"https:\/\/images.frandroid.com\/wp-content\/uploads\/2025\/11\/sandisk-ultra-256-go-single-day-2025.jpg\" target=\"_blank\" class=\"article-content__figure\" rel=\"noopener\"><img loading=\"lazy\" decoding=\"async\" width=\"1200\" height=\"675\" src=\"https:\/\/www.europesays.com\/fr\/wp-content\/uploads\/2025\/11\/1763397575_827_sandisk-ultra-256-go-single-day-2025-1200x675.jpg\" alt=\"\" class=\"wp-image-2866063 wp-image\"  \/><\/a><\/p>\n<ul class=\"wp-block-list\">\n<li>A1, classe 10 \/ UHS\u00a01<\/li>\n<li>Grosse capacit\u00e9 de stockage<\/li>\n<li>Conception robuste et garantie 10 ans<\/li>\n<\/ul>\n<p>La microSD SanDisk Ultra 256\u00a0Go est actuellement disponible\u00a0<a href=\"https:\/\/shop.frandroid.com\/yri4lzxs\" data-type=\"link\" data-id=\"https:\/\/fr.aliexpress.com\/item\/1005006890923631.html\" target=\"_blank\" rel=\"noreferrer noopener affiliate nofollow\" data-gtm=\"{&quot;event&quot;:&quot;afficlic&quot;,&quot;nom_marchand&quot;:&quot;aliexpress&quot;,&quot;nom_produit&quot;:&quot;inconnu&quot;,&quot;categorie_produit&quot;:&quot;inconnu&quot;,&quot;module_produit&quot;:&quot;editolink&quot;,&quot;position_marchand&quot;:0,&quot;texte&quot;:&quot;a-19-99-euros-sur-ali-express&quot;,&quot;offer_url&quot;:&quot;https:\/\/shop.frandroid.com\/yri4lzxs&quot;,&quot;zone&quot;:&quot;contenu-page&quot;}\">\u00e0 21,99 euros sur AliExpress<\/a> gr\u00e2ce au code promo <strong>S11FR03<\/strong>. Les autres capacit\u00e9s de stockage sont \u00e9galement en promotion !<\/p>\n<p>Cette version exclusivement portable de <a href=\"https:\/\/www.frandroid.com\/produits\/consoles\/nintendo\/587378-nintendo-switch\" target=\"_blank\" rel=\"noreferrer noopener\">la premi\u00e8re Switch<\/a>, plus compacte, l\u00e9g\u00e8re et avec une meilleure autonomie, est encore d\u2019actualit\u00e9. D\u2019autant qu\u2019elle b\u00e9n\u00e9ficie de la tr\u00e8s large ludoth\u00e8que de Nintendo, de quoi s\u2019amuser de longues heures sans se ruiner.<\/p>\n<p><a href=\"https:\/\/images.frandroid.com\/wp-content\/uploads\/2025\/11\/nintendo-switch-lite-singles-day-2025.jpg\" target=\"_blank\" class=\"article-content__figure\" rel=\"noopener\"><img loading=\"lazy\" decoding=\"async\" width=\"1200\" height=\"675\" src=\"https:\/\/www.europesays.com\/fr\/wp-content\/uploads\/2025\/11\/1763397577_780_nintendo-switch-lite-singles-day-2025-1200x675.jpg\" alt=\"\" class=\"wp-image-2865483 wp-image\"  \/><\/a><\/p>\n<ul class=\"wp-block-list\">\n<li>Une autonomie revue \u00e0 la hausse<\/li>\n<li>Son format plus compact<\/li>\n<li>Les quatre boutons remplac\u00e9s par la croix directionnelle<\/li>\n<\/ul>\n<p>La Nintendo Switch Lite est une console qui se monnaye d\u2019habitude 199 euros. Sur AliExpress, elle est affich\u00e9e \u00e0 144,14 euros et avec <strong>le code promo S11FR20<\/strong>, <a href=\"https:\/\/shop.frandroid.com\/pr7b9keg\" target=\"_blank\" rel=\"noreferrer noopener affiliate nofollow\" data-gtm=\"{&quot;event&quot;:&quot;afficlic&quot;,&quot;nom_marchand&quot;:&quot;aliexpress&quot;,&quot;nom_produit&quot;:&quot;inconnu&quot;,&quot;categorie_produit&quot;:&quot;inconnu&quot;,&quot;module_produit&quot;:&quot;editolink&quot;,&quot;position_marchand&quot;:0,&quot;texte&quot;:&quot;elle-passe-a-124-14-euros&quot;,&quot;offer_url&quot;:&quot;https:\/\/shop.frandroid.com\/pr7b9keg&quot;,&quot;zone&quot;:&quot;contenu-page&quot;}\">elle passe \u00e0 124,14 euros<\/a> avec livraison gratuite.<\/p>\n<p>La guerre des consoles portables fait rage cette ann\u00e9e, marqu\u00e9e par les sorties de la Nintendo Switch 2 et de la Asus ROG Xbox Ally. M\u00eame Lenovo y a mis son grain de sel avec la Legion Go S. Sous ses airs sages, la b\u00eate embarque un Ryzen Z2 Go taill\u00e9 pour les AAA, afin de trimballer toute votre ludoth\u00e8que sans faire de sacrifices. Son \u00e9cran 8 pouces WUXGA \u00e0\u00a0120 Hz\u00a0assure des sessions nerveuses et nettes, tandis que la Radeon int\u00e9gr\u00e9e balance des graphismes de haute vol\u00e9e.\u00a0<\/p>\n<p><a href=\"https:\/\/images.frandroid.com\/wp-content\/uploads\/2025\/10\/lenovo-legion-go-s-2.jpg\" target=\"_blank\" class=\"article-content__figure\" rel=\"noopener\"><img loading=\"lazy\" decoding=\"async\" width=\"1200\" height=\"675\" src=\"https:\/\/www.europesays.com\/fr\/wp-content\/uploads\/2025\/11\/1763397579_854_lenovo-legion-go-s-2-1200x675.jpg\" alt=\"\" class=\"wp-image-2851507 wp-image\"  \/><\/a><\/p>\n<ul class=\"wp-block-list\">\n<li>Une dalle IPS-LCD grande, lumineuse et \u00e0 120 Hz<\/li>\n<li>Une prise en main r\u00e9ellement confortable<\/li>\n<li>Les g\u00e2chettes double mode analogique\/num\u00e9rique, bien pens\u00e9es<\/li>\n<\/ul>\n<p>Au lieu de 629,99 euros, la Lenovo Legion Go S est aujourd\u2019hui disponible <a href=\"https:\/\/shop.frandroid.com\/t33vj7wl\" data-type=\"link\" data-id=\"https:\/\/www.amazon.fr\/dp\/B0DT9ZLH6Z\" target=\"_blank\" rel=\"noreferrer noopener affiliate nofollow\" data-gtm=\"{&quot;event&quot;:&quot;afficlic&quot;,&quot;nom_marchand&quot;:&quot;amazon_fr&quot;,&quot;nom_produit&quot;:&quot;inconnu&quot;,&quot;categorie_produit&quot;:&quot;inconnu&quot;,&quot;module_produit&quot;:&quot;editolink&quot;,&quot;position_marchand&quot;:0,&quot;texte&quot;:&quot;en-promotion-a-449-99-euros&quot;,&quot;offer_url&quot;:&quot;https:\/\/shop.frandroid.com\/t33vj7wl&quot;,&quot;zone&quot;:&quot;contenu-page&quot;}\">en promotion \u00e0 438,99 euros<\/a> sur Amazon ainsi que chez Boulanger.<\/p>\n<p>135 grammes, du 4K bien cal\u00e9, une vraie stabilisation et un look pens\u00e9 pour tous les profils. Le DJI Neo ne cherche pas \u00e0 concurrencer les gros drones pros, il joue la carte de l\u2019accessibilit\u00e9 et de la fluidit\u00e9.<\/p>\n<p><a href=\"https:\/\/images.frandroid.com\/wp-content\/uploads\/2025\/11\/dji-neo-single-day-2025.jpg\" target=\"_blank\" class=\"article-content__figure\" rel=\"noopener\"><img loading=\"lazy\" decoding=\"async\" width=\"1200\" height=\"675\" src=\"https:\/\/www.europesays.com\/fr\/wp-content\/uploads\/2025\/11\/1763397581_6_dji-neo-single-day-2025-1200x675.jpg\" alt=\"\" class=\"wp-image-2865511 wp-image\"  \/><\/a><\/p>\n<ul class=\"wp-block-list\">\n<li>Ultra-l\u00e9ger (135 g), pas besoin d\u2019enregistrement ni de formation, il reste dans les clous des r\u00e9glementations loisirs.<\/li>\n<li>Vid\u00e9o 4K stabilis\u00e9e avec 30 FPS<\/li>\n<li>Protections int\u00e9gr\u00e9es, il est pr\u00eat \u00e0 voler en int\u00e9rieur comme en ext\u00e9rieur<\/li>\n<\/ul>\n<p>Au lieu de 199,99 euros, le DJI Neo est <a href=\"https:\/\/shop.frandroid.com\/jrpuh88y\" data-type=\"link\" data-id=\"https:\/\/shop.frandroid.com\/jrpuh88y\" target=\"_blank\" rel=\"noreferrer noopener affiliate nofollow\" data-gtm=\"{&quot;event&quot;:&quot;afficlic&quot;,&quot;nom_marchand&quot;:&quot;aliexpress&quot;,&quot;nom_produit&quot;:&quot;inconnu&quot;,&quot;categorie_produit&quot;:&quot;inconnu&quot;,&quot;module_produit&quot;:&quot;editolink&quot;,&quot;position_marchand&quot;:0,&quot;texte&quot;:&quot;aujourd-hui-disponible-en-promotion-a-148-90-euros-sur-ali-express&quot;,&quot;offer_url&quot;:&quot;https:\/\/shop.frandroid.com\/jrpuh88y&quot;,&quot;zone&quot;:&quot;contenu-page&quot;}\">aujourd\u2019hui disponible en promotion \u00e0 149 euros sur AliExpress<\/a> avec le code promo <strong>S11FR20<\/strong>.<\/p>\n<p>Le Lenovo IdeaPad Slim 5 16AKP10 est un PC portable con\u00e7u pour la bureautique avanc\u00e9e. Son \u00e9cran OLED fait de lui le candidat id\u00e9al pour tout ce qui est travail sur l\u2019image et la vid\u00e9o, gr\u00e2ce \u00e0 une restitution naturelle des couleurs. En plus, sa grande taille fait que vous pouvez avoir un bon point de vue sur les d\u00e9tails, pour du travail de pr\u00e9cision. <\/p>\n<p><a href=\"https:\/\/images.frandroid.com\/wp-content\/uploads\/2025\/11\/lenovo-ideapad-slim-5-16akp10-oled-pre-black-friday-2025.jpg\" target=\"_blank\" class=\"article-content__figure\" rel=\"noopener\"><img loading=\"lazy\" decoding=\"async\" width=\"1200\" height=\"675\" src=\"https:\/\/www.europesays.com\/fr\/wp-content\/uploads\/2025\/11\/1763397583_383_lenovo-ideapad-slim-5-16akp10-oled-pre-black-friday-2025-1200x675.jpg\" alt=\"\" class=\"wp-image-2865135 wp-image\"  \/><\/a><\/p>\n<ul class=\"wp-block-list\">\n<li>Sa dalle OLED de 16 pouce<\/li>\n<li>Le Ryzen AI 7 350 est optimis\u00e9 pour l\u2019IA<\/li>\n<li>Une autonomie pouss\u00e9e jusqu\u2019\u00e0 11 h en usage r\u00e9el<\/li>\n<\/ul>\n<p>Avant le pr\u00e9-Black Friday, ce Lenovo IdeaPad Slim 5 \u00e9tait propos\u00e9 \u00e0 1 199,99 euros. Mais en ce moment sur Boulanger, <a href=\"https:\/\/shop.frandroid.com\/0ivgfjdg\" target=\"_blank\" rel=\"noreferrer noopener affiliate nofollow\" data-gtm=\"{&quot;event&quot;:&quot;afficlic&quot;,&quot;nom_marchand&quot;:&quot;boulanger&quot;,&quot;nom_produit&quot;:&quot;inconnu&quot;,&quot;categorie_produit&quot;:&quot;inconnu&quot;,&quot;module_produit&quot;:&quot;editolink&quot;,&quot;position_marchand&quot;:0,&quot;texte&quot;:&quot;il-est-affiche-a-799-99-euros&quot;,&quot;offer_url&quot;:&quot;https:\/\/shop.frandroid.com\/0ivgfjdg&quot;,&quot;zone&quot;:&quot;contenu-page&quot;}\">il est affich\u00e9 \u00e0 799,99 euros<\/a>, un sacr\u00e9 prix pour de l\u2019OLED.<\/p>\n<p>Le smartphone le plus fin, l\u00e9ger comme l\u2019Air, un plaisir coupable \u00e0 plus de 1 200 euros. L\u2019iPhone Air n\u2019est pas le smartphone le plus recommandable <a href=\"https:\/\/www.frandroid.com\/marques\/apple\/2806875_test-de-liphone-air-liphone-que-je-ne-veux-pas-quitter-mais-que-je-ne-vous-recommanderai-jamais\" data-type=\"link\" data-id=\"https:\/\/www.frandroid.com\/marques\/apple\/2806875_test-de-liphone-air-liphone-que-je-ne-veux-pas-quitter-mais-que-je-ne-vous-recommanderai-jamais\" target=\"_blank\" rel=\"noopener\">dans nos colonnes<\/a>, mais on craque vraiment pour le design et la prise en main. Il n\u2019en a pas l\u2019air mais son ch\u00e2ssis est \u00e9galement robuste. Bref, si une exp\u00e9rience incompl\u00e8te ne vous fait pas peur, vous pouvez profiter de sa r\u00e9duction de 400 euros. N\u2019oubliez pas qu\u2019il fonctionne uniquement avec une eSIM !<\/p>\n<p><a href=\"https:\/\/images.frandroid.com\/wp-content\/uploads\/2025\/11\/apple-iphone-air.jpg\" target=\"_blank\" class=\"article-content__figure\" rel=\"noopener\"><img loading=\"lazy\" decoding=\"async\" width=\"1200\" height=\"675\" src=\"https:\/\/www.europesays.com\/fr\/wp-content\/uploads\/2025\/11\/1763397585_677_apple-iphone-air-1200x675.jpg\" alt=\"\" class=\"wp-image-2865207 wp-image\"  \/><\/a><\/p>\n<ul class=\"wp-block-list\">\n<li>Une prise en main tr\u00e8s agr\u00e9able et le ch\u00e2ssis robuste<\/li>\n<li>L\u2019\u00e9cran lumineux<\/li>\n<li>Quasi les performances d\u2019un iPhone Pro<\/li>\n<\/ul>\n<p>Au lieu de 1 229 euros, l\u2019Apple iPhone Air (256 Go) est aujourd\u2019hui disponible <a href=\"https:\/\/shop.frandroid.com\/dvcqlspi\" data-type=\"link\" data-id=\"https:\/\/fr.shopping.rakuten.com\/mfp\/13838724\/apple-iphone-air?pid=13530507213&amp;t=3590029&amp;eff_cpt=13087834&amp;eff_sub1=Pmgwi2SGaEobvlv63uIBYg&amp;eff_sub2=19116&amp;bbaid=16671824886\" target=\"_blank\" rel=\"noreferrer noopener affiliate nofollow\" data-gtm=\"{&quot;event&quot;:&quot;afficlic&quot;,&quot;nom_marchand&quot;:&quot;rakuten&quot;,&quot;nom_produit&quot;:&quot;inconnu&quot;,&quot;categorie_produit&quot;:&quot;inconnu&quot;,&quot;module_produit&quot;:&quot;editolink&quot;,&quot;position_marchand&quot;:0,&quot;texte&quot;:&quot;en-promotion-a-819-99-euros-sur-rakuten&quot;,&quot;offer_url&quot;:&quot;https:\/\/shop.frandroid.com\/dvcqlspi&quot;,&quot;zone&quot;:&quot;contenu-page&quot;}\">en promotion \u00e0 819,99 euros sur Rakuten<\/a>. Il s\u2019agit l\u00e0 d\u2019une version am\u00e9ricaine, mais cela ne devrait pas poser de soucis \u00e0 l\u2019usage.<\/p>\n<p>Avec cet aspirateur robot Vacuum X20 Plus, qui dispose aussi d\u2019une serpill\u00e8re pour laver les sols, a cr\u00e9\u00e9 la surprise lors de sa sortie en avril 2024. Parce que sur le papier, le placement est une entr\u00e9e de gamme, mais quand on voit ses performances, on aurait tendance \u00e0 vouloir le classer au-dessus. Il n\u2019est pas exempt de d\u00e9fauts, bien s\u00fbr, mais avec <a href=\"https:\/\/shop.frandroid.com\/5yg4tsag\" target=\"_blank\" rel=\"noreferrer noopener affiliate nofollow\" data-gtm=\"{&quot;event&quot;:&quot;afficlic&quot;,&quot;nom_marchand&quot;:&quot;aliexpress&quot;,&quot;nom_produit&quot;:&quot;inconnu&quot;,&quot;categorie_produit&quot;:&quot;inconnu&quot;,&quot;module_produit&quot;:&quot;editolink&quot;,&quot;position_marchand&quot;:0,&quot;texte&quot;:&quot;146-euros-de-reduction&quot;,&quot;offer_url&quot;:&quot;https:\/\/shop.frandroid.com\/5yg4tsag&quot;,&quot;zone&quot;:&quot;contenu-page&quot;}\">146 euros de r\u00e9duction<\/a> c\u2019est bien plus acceptable !<\/p>\n<p><a href=\"https:\/\/images.frandroid.com\/wp-content\/uploads\/2025\/11\/xiaomi-robot-vacuum-x20-plus-singles-day-2025.jpg\" target=\"_blank\" class=\"article-content__figure\" rel=\"noopener\"><img loading=\"lazy\" decoding=\"async\" width=\"1200\" height=\"675\" src=\"https:\/\/www.europesays.com\/fr\/wp-content\/uploads\/2025\/11\/1763397587_234_xiaomi-robot-vacuum-x20-plus-singles-day-2025-1200x675.jpg\" alt=\"\" class=\"wp-image-2864653 wp-image\"  \/><\/a><\/p>\n<ul class=\"wp-block-list\">\n<li>Un rapport qualit\u00e9\/prix ind\u00e9niable<\/li>\n<li>Sa base de rechargement est polyvalente<\/li>\n<li>Une autonomie jusqu\u2019\u00e0 3h20 en mode normal<\/li>\n<\/ul>\n<p>Sur le site de Xiaomi, le Robot Vacuum X20 Plus co\u00fbte 399,99 euros. Mais avec <strong>le code promo S11FR40<\/strong> sur AliExpress, vous pouvez <a href=\"https:\/\/shop.frandroid.com\/5yg4tsag\" target=\"_blank\" rel=\"noreferrer noopener affiliate nofollow\" data-gtm=\"{&quot;event&quot;:&quot;afficlic&quot;,&quot;nom_marchand&quot;:&quot;aliexpress&quot;,&quot;nom_produit&quot;:&quot;inconnu&quot;,&quot;categorie_produit&quot;:&quot;inconnu&quot;,&quot;module_produit&quot;:&quot;editolink&quot;,&quot;position_marchand&quot;:0,&quot;texte&quot;:&quot;le-faire-passer-a-253-99-euros&quot;,&quot;offer_url&quot;:&quot;https:\/\/shop.frandroid.com\/5yg4tsag&quot;,&quot;zone&quot;:&quot;contenu-page&quot;}\">le faire passer \u00e0 253,99 euros<\/a>.<\/p>\n<p>La Switch 2 est la nouvelle console hybride de Nintendo et on sent la volont\u00e9 du constructeur nippon de vouloir la mettre sous la majorit\u00e9 des sapins de No\u00ebl cette ann\u00e9e gr\u00e2ce aux nombreuses offres. <\/p>\n<p><a href=\"https:\/\/images.frandroid.com\/wp-content\/uploads\/2025\/11\/nintendo-switch-2-black-friday-2025.jpg\" target=\"_blank\" class=\"article-content__figure\" rel=\"noopener\"><img loading=\"lazy\" decoding=\"async\" width=\"1200\" height=\"675\" src=\"https:\/\/www.europesays.com\/fr\/wp-content\/uploads\/2025\/11\/1763397589_568_nintendo-switch-2-black-friday-2025-1200x675.jpg\" alt=\"\" class=\"wp-image-2864817 wp-image\"  \/><\/a><\/p>\n<ul class=\"wp-block-list\">\n<li>Un nouvel \u00e9cran de 8,4 pouces, compatible HDR et 120 Hz<\/li>\n<li>Un syst\u00e8me de dock repens\u00e9 et des Joy-con magn\u00e9tiques<\/li>\n<li>Une puce Nvidia surboost\u00e9e<\/li>\n<\/ul>\n<p>En ce moment, Cdiscount propose un pack comprenant la console avec Mario Kart World et une microSD Express de 256 Go <a href=\"https:\/\/shop.frandroid.com\/tfpz1zmj\" target=\"_blank\" rel=\"noreferrer noopener affiliate nofollow\" data-gtm=\"{&quot;event&quot;:&quot;afficlic&quot;,&quot;nom_marchand&quot;:&quot;cdiscount&quot;,&quot;nom_produit&quot;:&quot;inconnu&quot;,&quot;categorie_produit&quot;:&quot;inconnu&quot;,&quot;module_produit&quot;:&quot;editolink&quot;,&quot;position_marchand&quot;:0,&quot;texte&quot;:&quot;pour-454-99-euros-seulement&quot;,&quot;offer_url&quot;:&quot;https:\/\/shop.frandroid.com\/tfpz1zmj&quot;,&quot;zone&quot;:&quot;contenu-page&quot;}\">pour 454,99 euros seulement<\/a>. <\/p>\n<p>Viser le segment entre l\u2019entr\u00e9e et le milieu de gamme avec un rapport qualit\u00e9-prix agressif, on commence \u00e0 conna\u00eetre les Redmi Note de Xiaomi par c\u0153ur. Cette version 4G (avec un processeur MediaTek) <a href=\"https:\/\/www.frandroid.com\/marques\/xiaomi\/2505261_test-du-redmi-note-14-4g-un-smartphone-pas-cher-equilibre-et-efficace\" data-type=\"link\" data-id=\"https:\/\/www.frandroid.com\/marques\/xiaomi\/2505261_test-du-redmi-note-14-4g-un-smartphone-pas-cher-equilibre-et-efficace\" target=\"_blank\" rel=\"noopener\">a re\u00e7u la note de 7\/10<\/a>. Ce smartphone est bon un peu partout, sans \u00eatre excellent, mais il compense bien ses lacunes avec son prix rabot\u00e9 le plus possible.<\/p>\n<p><a href=\"https:\/\/images.frandroid.com\/wp-content\/uploads\/2025\/10\/xiaomi-redmi-note-14-4g.jpg\" target=\"_blank\" class=\"article-content__figure\" rel=\"noopener\"><img loading=\"lazy\" decoding=\"async\" width=\"1200\" height=\"675\" src=\"https:\/\/www.europesays.com\/fr\/wp-content\/uploads\/2025\/11\/1763397592_139_xiaomi-redmi-note-14-4g-1200x675.jpg\" alt=\"\" class=\"wp-image-2849253 wp-image\"  \/><\/a><\/p>\n<ul class=\"wp-block-list\">\n<li>Un \u00e9cran AMOLED de qualit\u00e9 et bien calibr\u00e9<\/li>\n<li>Le MediaTek Helio G99 suffit \u00e0 ce prix-l\u00e0<\/li>\n<li>Une autonomie correcte avec la batterie de 5 500 mAh<\/li>\n<\/ul>\n<p>Au lieu de 249,99 euros, le Xiaomi Redmi Note 14 4G (256 Go) est aujourd\u2019hui disponible en promotion <a href=\"https:\/\/shop.frandroid.com\/ij6r0ghs\" data-type=\"link\" data-id=\"https:\/\/www.boulanger.com\/ref\/1216848\" target=\"_blank\" rel=\"noreferrer noopener affiliate nofollow\" data-gtm=\"{&quot;event&quot;:&quot;afficlic&quot;,&quot;nom_marchand&quot;:&quot;boulanger&quot;,&quot;nom_produit&quot;:&quot;inconnu&quot;,&quot;categorie_produit&quot;:&quot;inconnu&quot;,&quot;module_produit&quot;:&quot;editolink&quot;,&quot;position_marchand&quot;:0,&quot;texte&quot;:&quot;a-169-99-euros-sur-boulanger&quot;,&quot;offer_url&quot;:&quot;https:\/\/shop.frandroid.com\/ij6r0ghs&quot;,&quot;zone&quot;:&quot;contenu-page&quot;}\">\u00e0 169,99 euros sur Boulanger<\/a>. <\/p>\n<p>En introduisant son nouveau\u00a0<a href=\"https:\/\/www.frandroid.com\/marques\/samsung\/2758797_samsung-pris-de-court-voici-plein-dimages-du-galaxy-s25-fe\" target=\"_blank\" rel=\"noopener\">Galaxy S25 FE<\/a>, Samsung rend cette \u00ab Fan Edition \u00bb encore plus proche des mod\u00e8les premium. Il poss\u00e8de un design similaire au S25+, ajoute les 7 ans de mises \u00e0 jour et l\u2019int\u00e9gralit\u00e9 des fonctions Galaxy AI.<\/p>\n<p><a href=\"https:\/\/images.frandroid.com\/wp-content\/uploads\/2025\/10\/samsung-galaxy-s25-fe-black-friday-2025.jpg\" target=\"_blank\" class=\"article-content__figure\" rel=\"noopener\"><img loading=\"lazy\" decoding=\"async\" width=\"1200\" height=\"675\" src=\"https:\/\/www.europesays.com\/fr\/wp-content\/uploads\/2025\/11\/1763397594_678_samsung-galaxy-s25-fe-black-friday-2025-1200x675.jpg\" alt=\"\" class=\"wp-image-2849783 wp-image\"  \/><\/a><\/p>\n<ul class=\"wp-block-list\">\n<li>Un design quasiment identique au S25+ <\/li>\n<li>Bonnes performances\u00a0<\/li>\n<li>7 ans de mises \u00e0 jours + OneUI 8 et l\u2019int\u00e9gralit\u00e9 des fonctions Galaxy AI<\/li>\n<\/ul>\n<p>Disponible \u00e0 sa sortie \u00e0 749 euros dans sa version 8 + 128 Go, le Samsung Galaxy S25 FE <a href=\"https:\/\/shop.frandroid.com\/qy1hw3ce\" data-type=\"link\" data-id=\"https:\/\/www.boulanger.com\/ref\/1231556\" target=\"_blank\" rel=\"noreferrer noopener affiliate nofollow\" data-gtm=\"{&quot;event&quot;:&quot;afficlic&quot;,&quot;nom_marchand&quot;:&quot;boulanger&quot;,&quot;nom_produit&quot;:&quot;inconnu&quot;,&quot;categorie_produit&quot;:&quot;inconnu&quot;,&quot;module_produit&quot;:&quot;editolink&quot;,&quot;position_marchand&quot;:0,&quot;texte&quot;:&quot;revient-a-599-euros-chez-boulanger&quot;,&quot;offer_url&quot;:&quot;https:\/\/shop.frandroid.com\/qy1hw3ce&quot;,&quot;zone&quot;:&quot;contenu-page&quot;}\">revient \u00e0 599 euros chez Boulanger<\/a>, dans sa version Entreprise Edition.<\/p>\n<p>Le MacBook Air <a href=\"https:\/\/www.frandroid.com\/produits\/pc-portables\/apple\/1357363-apple-macbook-air-2022-m2\" target=\"_blank\" rel=\"noopener\">dans sa version M2<\/a> a \u00e9t\u00e9 remplac\u00e9 depuis, mais l\u2019ancien processeur en a encore dans le ch\u00e2ssis pour plusieurs ann\u00e9es. Et si vous souhaitez un bon laptop pour la rentr\u00e9e ce dernier fera tr\u00e8s bien l\u2019affaire, surtout maintenant qu\u2019il co\u00fbte moins de 800 euros.<\/p>\n<p><a href=\"https:\/\/images.frandroid.com\/wp-content\/uploads\/2025\/10\/apple-macbook-air-13-m2.jpg\" target=\"_blank\" class=\"article-content__figure\" rel=\"noopener\"><img loading=\"lazy\" decoding=\"async\" width=\"1200\" height=\"675\" src=\"https:\/\/www.europesays.com\/fr\/wp-content\/uploads\/2025\/11\/1763397596_344_apple-macbook-air-13-m2-1200x675.jpg\" alt=\"\" class=\"wp-image-2850541 wp-image\"  \/><\/a><\/p>\n<ul class=\"wp-block-list\">\n<li>Sa dalle Liquid Retina 13,6 pouces<\/li>\n<li>Sa puce M2, toujours aussi v\u00e9loce<\/li>\n<li>16 Go de RAM &amp; 256 Go en SSD<\/li>\n<\/ul>\n<p>Au lieu de 1 199 euros au lancement, le MacBook Air M2 est aujourd\u2019hui disponible\u00a0<a href=\"https:\/\/shop.frandroid.com\/tgvqurx2\" data-type=\"link\" data-id=\"https:\/\/shop.frandroid.com\/tgvqurx2\" target=\"_blank\" rel=\"noreferrer noopener affiliate nofollow\" data-gtm=\"{&quot;event&quot;:&quot;afficlic&quot;,&quot;nom_marchand&quot;:&quot;boulanger&quot;,&quot;nom_produit&quot;:&quot;inconnu&quot;,&quot;categorie_produit&quot;:&quot;inconnu&quot;,&quot;module_produit&quot;:&quot;editolink&quot;,&quot;position_marchand&quot;:0,&quot;texte&quot;:&quot;en-promotion-a-773-euros-chez-cdiscount&quot;,&quot;offer_url&quot;:&quot;https:\/\/shop.frandroid.com\/y3gc8w2g&quot;,&quot;zone&quot;:&quot;contenu-page&quot;}\">en promotion \u00e0 773 euros chez Cdiscount<\/a> avec le code promo <strong>POMME25<\/strong>.<\/p>\n<p>Si vous souhaitez renouveler vos \u00e9couteurs, ou \u00eates simplement r\u00e9ticent au format intra, les AirPods 4 pourraient bien vous plaire. D\u2019ailleurs, le mod\u00e8le sans ANC est en ce moment la r\u00e9f\u00e9rence la plus abordable pour des \u00e9couteurs de la marque \u00e0 la Pomme.\u00a0Ils chutent aujourd\u2019hui \u00e0 moins de 120 euros.<\/p>\n<p><a href=\"https:\/\/images.frandroid.com\/wp-content\/uploads\/2025\/10\/apple-airpods-4-pre-black-firday.jpg\" target=\"_blank\" class=\"article-content__figure\" rel=\"noopener\"><img loading=\"lazy\" decoding=\"async\" width=\"1200\" height=\"675\" src=\"https:\/\/www.europesays.com\/fr\/wp-content\/uploads\/2025\/11\/1763397598_479_apple-airpods-4-pre-black-firday-1200x675.jpg\" alt=\"\" class=\"wp-image-2850117 wp-image\"  \/><\/a><\/p>\n<ul class=\"wp-block-list\">\n<li>Un bo\u00eetier compact et des \u00e9couteurs confortables<\/li>\n<li>L\u2019audio spatial avec suivi dynamique des mouvements de la t\u00eate<\/li>\n<li>La d\u00e9tection des conversations<\/li>\n<\/ul>\n<p>Les AirPods 4 d\u2019Apple, sans r\u00e9duction de bruit, sont vendus \u00e0 149 euros, mais\u00a0lors du pr\u00e9-Black Friday, on les retrouve <a href=\"https:\/\/shop.frandroid.com\/s5x9y2o6\" target=\"_blank\" rel=\"noreferrer noopener affiliate nofollow\" data-gtm=\"{&quot;event&quot;:&quot;afficlic&quot;,&quot;nom_marchand&quot;:&quot;cdiscount&quot;,&quot;nom_produit&quot;:&quot;inconnu&quot;,&quot;categorie_produit&quot;:&quot;inconnu&quot;,&quot;module_produit&quot;:&quot;editolink&quot;,&quot;position_marchand&quot;:0,&quot;texte&quot;:&quot;en-promotion-a-119-euros-sur-cdiscount&quot;,&quot;offer_url&quot;:&quot;https:\/\/shop.frandroid.com\/s5x9y2o6&quot;,&quot;zone&quot;:&quot;contenu-page&quot;}\">en promotion \u00e0 119 euros sur Cdiscount<\/a>. Amazon s\u2019est align\u00e9 et propose lui aussi les <a href=\"https:\/\/shop.frandroid.com\/e4b71zbx\" target=\"_blank\" rel=\"noreferrer noopener affiliate nofollow\">AirPods 4 au m\u00eame prix<\/a>. <\/p>\n<p>Tout le monde n\u2019a ni la place, ni les comp\u00e9tences n\u00e9cessaires pour manipuler un t\u00e9lescope classique. Les novices de l\u2019observation des \u00e9toiles peuvent heureusement se tourner vers des mod\u00e8les connect\u00e9s, capables d\u2019offrir rapidement des images \u00e9poustouflantes, y compris en pleine ville. C\u2019est par exemple le cas de l\u2019Odyssey Pro, un t\u00e9lescope connect\u00e9 ultra-compact con\u00e7u par la jeune entreprise marseillaise Unistellar et qui est aujourd\u2019hui en promotion. <\/p>\n<p><a href=\"https:\/\/images.frandroid.com\/wp-content\/uploads\/2025\/11\/unistellar-odyssey-pro-black-friday-2025.jpg\" target=\"_blank\" class=\"article-content__figure\" rel=\"noopener\"><img loading=\"lazy\" decoding=\"async\" width=\"1200\" height=\"675\" src=\"https:\/\/www.europesays.com\/fr\/wp-content\/uploads\/2025\/11\/1763397600_126_unistellar-odyssey-pro-black-friday-2025-1200x675.jpg\" alt=\"\" class=\"wp-image-2852569 wp-image\"  \/><\/a><\/p>\n<ul class=\"wp-block-list\">\n<li>C\u2019est un t\u00e9lescope connect\u00e9 tr\u00e8s compact (4 kg)<\/li>\n<li>Avec un oculaire pour observer les astres en temps r\u00e9el<\/li>\n<li>Et une base de donn\u00e9es de 5 000 objets c\u00e9lestes<\/li>\n<\/ul>\n<p>Auparavant affich\u00e9 \u00e0 3 999 euros, l\u2019Unistellar Odyssey Pro est aujourd\u2019hui <a href=\"https:\/\/shop.frandroid.com\/6lia57we\" target=\"_blank\" rel=\"noreferrer noopener affiliate nofollow\" data-gtm=\"{&quot;event&quot;:&quot;afficlic&quot;,&quot;nom_marchand&quot;:&quot;unistellar&quot;,&quot;nom_produit&quot;:&quot;inconnu&quot;,&quot;categorie_produit&quot;:&quot;inconnu&quot;,&quot;module_produit&quot;:&quot;editolink&quot;,&quot;position_marchand&quot;:0,&quot;texte&quot;:&quot;disponible-en-promotion-a-3-199-euros-sur-le-site-officiel-d-unistellar&quot;,&quot;offer_url&quot;:&quot;https:\/\/shop.frandroid.com\/6lia57we&quot;,&quot;zone&quot;:&quot;contenu-page&quot;}\">disponible en promotion \u00e0 3 199 euros sur le site officiel d\u2019Unistellar<\/a>. La version classique sans oculaire est quant \u00e0 elle <a href=\"https:\/\/shop.frandroid.com\/qtw9sk0w\" target=\"_blank\" rel=\"noreferrer noopener affiliate nofollow\" data-gtm=\"{&quot;event&quot;:&quot;afficlic&quot;,&quot;nom_marchand&quot;:&quot;unistellar&quot;,&quot;nom_produit&quot;:&quot;inconnu&quot;,&quot;categorie_produit&quot;:&quot;inconnu&quot;,&quot;module_produit&quot;:&quot;editolink&quot;,&quot;position_marchand&quot;:0,&quot;texte&quot;:&quot;proposee-a-1-839-euros-au-lieu-de-2-299-euros&quot;,&quot;offer_url&quot;:&quot;https:\/\/shop.frandroid.com\/qtw9sk0w&quot;,&quot;zone&quot;:&quot;contenu-page&quot;}\">propos\u00e9e \u00e0 1 839 euros au lieu de 2 299 euros<\/a>.<\/p>\n<p>La Lenovo Idea Tab Pro est une <a href=\"https:\/\/www.frandroid.com\/guide-dachat\/guide-tablettes\/320702_guide-dachat-tablette-choisir-noel\" target=\"_blank\" rel=\"noopener\">tablette<\/a> Android boost\u00e9e \u00e0 l\u2019IA avec une fiche technique muscl\u00e9e avec un SoC v\u00e9loce, un \u00e9cran fluide et des accessoires la transformant en un v\u00e9ritable laptop. Lors du pr\u00e9-Black Friday on la retrouve avec 45 % de r\u00e9duction.<\/p>\n<p><a href=\"https:\/\/images.frandroid.com\/wp-content\/uploads\/2025\/11\/lenovo-idea-tab-pro-pre-black-friday.jpg\" target=\"_blank\" class=\"article-content__figure\" rel=\"noopener\"><img loading=\"lazy\" decoding=\"async\" width=\"1200\" height=\"675\" src=\"https:\/\/www.europesays.com\/fr\/wp-content\/uploads\/2025\/11\/1763397603_841_lenovo-idea-tab-pro-pre-black-friday-1200x675.jpg\" alt=\"\" class=\"wp-image-2853295 wp-image\"  \/><\/a><\/p>\n<ul class=\"wp-block-list\">\n<li>Une dalle 12,7 pouces 3K\u00a0\u00e0 144 Hz<\/li>\n<li>Une puce MediaTek performante<\/li>\n<li>La prise en charge de Google Gemini\u00a0et de la charge rapide<\/li>\n<\/ul>\n<p>La Lenovo Idea Tab Pro (avec stylet et clavier inclus) est disponible <a href=\"https:\/\/shop.frandroid.com\/h4o2q8oi\" target=\"_blank\" rel=\"noreferrer noopener affiliate nofollow\" data-gtm=\"{&quot;event&quot;:&quot;afficlic&quot;,&quot;nom_marchand&quot;:&quot;fnac&quot;,&quot;nom_produit&quot;:&quot;inconnu&quot;,&quot;categorie_produit&quot;:&quot;inconnu&quot;,&quot;module_produit&quot;:&quot;editolink&quot;,&quot;position_marchand&quot;:0,&quot;texte&quot;:&quot;au-prix-de-299-euros-au-lieu-de-549-euros-sur-le-site-de-la-fnac&quot;,&quot;offer_url&quot;:&quot;https:\/\/shop.frandroid.com\/h4o2q8oi&quot;,&quot;zone&quot;:&quot;contenu-page&quot;}\">au prix de 299 euros au lieu de 549 euros sur le site de la Fnac<\/a> et <a href=\"https:\/\/shop.frandroid.com\/v7caadfu\" target=\"_blank\" rel=\"noreferrer noopener affiliate nofollow\" data-gtm=\"{&quot;event&quot;:&quot;afficlic&quot;,&quot;nom_marchand&quot;:&quot;darty&quot;,&quot;nom_produit&quot;:&quot;inconnu&quot;,&quot;categorie_produit&quot;:&quot;inconnu&quot;,&quot;module_produit&quot;:&quot;editolink&quot;,&quot;position_marchand&quot;:0,&quot;texte&quot;:&quot;darty&quot;,&quot;offer_url&quot;:&quot;https:\/\/shop.frandroid.com\/v7caadfu&quot;,&quot;zone&quot;:&quot;contenu-page&quot;}\">Darty<\/a>. <\/p>\n<p>Philips est un des leaders sur les dalles Oled 4K, qui plus est avec le fameux Ambilight (ici sur trois c\u00f4t\u00e9s), qui ajoute une dose bienvenue d\u2019immersion. On notera aussi la barre de son int\u00e9gr\u00e9e sign\u00e9e Bowers &amp; Wilkins 5.1.2, parfait pour profiter du Dolby Atmos. La TV sera aussi parfaitement adapt\u00e9e pour le gaming avec toutes les compatibilit\u00e9s n\u00e9cessaire.<\/p>\n<p><a href=\"https:\/\/images.frandroid.com\/wp-content\/uploads\/2025\/10\/image-102-1.jpg\" target=\"_blank\" class=\"article-content__figure\" rel=\"noopener\"><img loading=\"lazy\" decoding=\"async\" width=\"1200\" height=\"675\" src=\"https:\/\/www.europesays.com\/fr\/wp-content\/uploads\/2025\/11\/1763397607_673_image-102-1-1200x675.jpg\" alt=\"\" class=\"wp-image-2854549 wp-image\"  \/><\/a><\/p>\n<ul class=\"wp-block-list\">\n<li>Dalle OLED Meta 2.0 et processeur P5 AI Dual<\/li>\n<\/ul>\n<ul class=\"wp-block-list\">\n<li>Technologie Ambilight XL sur 3 c\u00f4t\u00e9s\u00a0pour l\u2019immersion<\/li>\n<\/ul>\n<ul class=\"wp-block-list\">\n<li>4 ports HDMI, dont 2 ports HDMI 2.1 compatibles 4K 120 Hz<\/li>\n<\/ul>\n<p>Son-video.com n\u2019a pas rigol\u00e9 sur la promotion : la Philips 65OLED959 profite de 50 % de r\u00e9duction et\u00a0<a href=\"https:\/\/shop.frandroid.com\/t23tgi7k\" target=\"_blank\" rel=\"noreferrer noopener affiliate nofollow\" data-gtm=\"{&quot;event&quot;:&quot;afficlic&quot;,&quot;nom_marchand&quot;:&quot;son_video&quot;,&quot;nom_produit&quot;:&quot;inconnu&quot;,&quot;categorie_produit&quot;:&quot;inconnu&quot;,&quot;module_produit&quot;:&quot;editolink&quot;,&quot;position_marchand&quot;:0,&quot;texte&quot;:&quot;tombe-a-1990-euros&quot;,&quot;offer_url&quot;:&quot;https:\/\/shop.frandroid.com\/t23tgi7k&quot;,&quot;zone&quot;:&quot;contenu-page&quot;}\">tombe \u00e0 1990 euros<\/a>\u00a0au lieu de 3999 euros, un record.<\/p>\n<p>Jouer \u00e0 une Game Boy sous st\u00e9ro\u00efde en 2025, c\u2019est ce que propose l\u2019Anbernic RG35XX, probablement l\u2019un des meilleurs \u00e9mulateurs \u00e0 l\u2019heure actuelle avec les autres consoles de la marque ainsi que les Ayaneo. La RG35XX propose entre autres un \u00e9cran couleur, des g\u00e2chettes suppl\u00e9mentaires et assez de puissance pour faire tourner les jeux Game Boy, Dreamcast et PlayStation One.<\/p>\n<p><a href=\"https:\/\/www.europesays.com\/fr\/wp-content\/uploads\/2025\/11\/1763397612_247_image-102-2.jpg\" target=\"_blank\" class=\"article-content__figure\"><img loading=\"lazy\" decoding=\"async\" width=\"768\" height=\"432\" src=\"https:\/\/www.europesays.com\/fr\/wp-content\/uploads\/2025\/11\/1763397612_247_image-102-2.jpg\" alt=\"\" class=\"wp-image-2855521 wp-image\"  \/><\/a><\/p>\n<ul class=\"wp-block-list\">\n<li>Une dalle IPS-LCD de 480p<\/li>\n<li>Elle supporte plus de 30 \u00e9mulateurs, y compris la PSP, la Dreamcast, la GBA, les jeux d\u2019arcade, la NES, etc.<\/li>\n<li>Une autonomie entre 6h et 7h pour replonger dans les ann\u00e9es 80 et 90<\/li>\n<\/ul>\n<p>Au lieu de 49,99 euros, l\u2019Anbernic RG35XX (64 Go) est aujourd\u2019hui disponible\u00a0<a href=\"https:\/\/shop.frandroid.com\/htncg5x3\" target=\"_blank\" rel=\"noreferrer noopener affiliate nofollow\" data-gtm=\"{&quot;event&quot;:&quot;afficlic&quot;,&quot;nom_marchand&quot;:&quot;pc_componentes&quot;,&quot;nom_produit&quot;:&quot;inconnu&quot;,&quot;categorie_produit&quot;:&quot;inconnu&quot;,&quot;module_produit&quot;:&quot;editolink&quot;,&quot;position_marchand&quot;:0,&quot;texte&quot;:&quot;en-promotion-a-41-72-euros-sur-pc-componentes&quot;,&quot;offer_url&quot;:&quot;https:\/\/shop.frandroid.com\/htncg5x3&quot;,&quot;zone&quot;:&quot;contenu-page&quot;}\">en promotion \u00e0 41,72 euros\u00a0sur PcComponentes<\/a>.<\/p>\n<p>La Nuki Smart Lock Pro 5\u1d49 g\u00e9n\u00e9ration se met en bundle avec son clavier, et c\u2019est peut-\u00eatre le bon moment pour faire le saut. Son prix se d\u00e9verrouille pour le pr\u00e9-Black Friday. <\/p>\n<p><a href=\"https:\/\/images.frandroid.com\/wp-content\/uploads\/2025\/09\/nuki-smart-lock-pro-5e-gen-black-friday-2025.jpg\" target=\"_blank\" class=\"article-content__figure\" rel=\"noopener\"><img loading=\"lazy\" decoding=\"async\" width=\"1200\" height=\"675\" src=\"https:\/\/www.europesays.com\/fr\/wp-content\/uploads\/2025\/11\/1763397616_92_nuki-smart-lock-pro-5e-gen-black-friday-2025-1200x675.jpg\" alt=\"\" class=\"wp-image-2859849 wp-image\"  \/><\/a><\/p>\n<ul class=\"wp-block-list\">\n<li>Pratique : fini les doubles de cl\u00e9s \u00e0 distribuer, un code ou une appli suffisent<\/li>\n<li>S\u00e9curis\u00e9 : cryptage avanc\u00e9, autorisations temporaires ou permanentes<\/li>\n<li>Compatible avec Google Home, Apple HomeKit, Alexa et Matter<\/li>\n<\/ul>\n<p>Au lieu de 359,99 euros, le pack Nuki Smart Lock Pro 5e Gen + KeyPad est <a href=\"https:\/\/shop.frandroid.com\/0aaxpjrf\" target=\"_blank\" rel=\"noreferrer noopener affiliate nofollow\">aujourd\u2019hui disponible en promotion \u00e0 266,78 euros sur PC Componentes<\/a>.<\/p>\n<p>Cet HP Victus 15-fb3003nf est une machine que l\u2019on peut qualifier de milieu de gamme. Elle a pour elle d\u2019\u00eatre r\u00e9cente puisqu\u2019elle est sortie en 2025 et est certifi\u00e9e <a href=\"https:\/\/www.frandroid.com\/marques\/microsoft\/2847111_accomplir-vos-taches-dans-windows-en-un-clin-doeil-voici-ce-que-promet-microsoft-avec-ces-nouveaux-agents-copilot\" target=\"_blank\" rel=\"noreferrer noopener\">Copilot+<\/a>. C\u2019est-\u00e0-dire que ce laptop, gaming qui plus est, embarque quelques fonctions utilisant l\u2019intelligence artificielle pour vous aider dans vos t\u00e2ches quotidiennes. <\/p>\n<p><a href=\"https:\/\/images.frandroid.com\/wp-content\/uploads\/2025\/11\/hp-victus-15-fb3003nf-pre-black-friday.jpg\" target=\"_blank\" class=\"article-content__figure\" rel=\"noopener\"><img loading=\"lazy\" decoding=\"async\" width=\"1200\" height=\"675\" src=\"https:\/\/www.europesays.com\/fr\/wp-content\/uploads\/2025\/11\/1763397620_979_hp-victus-15-fb3003nf-pre-black-friday-1200x675.jpg\" alt=\"\" class=\"wp-image-2860317 wp-image\"  \/><\/a><\/p>\n<ul class=\"wp-block-list\">\n<li>Un \u00e9cran Full HD de 15,6 pouces rafra\u00eechi \u00e0 144 Hz<\/li>\n<li>Le combo Ryzen AI 5 340 + RTX 5060 fonctionne bien<\/li>\n<li>Le syst\u00e8me de refroidissement est bien efficace<\/li>\n<\/ul>\n<p>Hors promotion, le HP Victus 15-fb3003nf co\u00fbte 1 399,99 euros. Mais avec le pr\u00e9-Black Friday qui frappe un peu partout, vous pouvez l\u2019avoir <a href=\"https:\/\/shop.frandroid.com\/f9kd62tk\" target=\"_blank\" rel=\"noreferrer noopener affiliate nofollow\" data-gtm=\"{&quot;event&quot;:&quot;afficlic&quot;,&quot;nom_marchand&quot;:&quot;boulanger&quot;,&quot;nom_produit&quot;:&quot;inconnu&quot;,&quot;categorie_produit&quot;:&quot;inconnu&quot;,&quot;module_produit&quot;:&quot;editolink&quot;,&quot;position_marchand&quot;:0,&quot;texte&quot;:&quot;sur-boulanger-pour-899-99-euros&quot;,&quot;offer_url&quot;:&quot;https:\/\/shop.frandroid.com\/f9kd62tk&quot;,&quot;zone&quot;:&quot;contenu-page&quot;}\">sur Boulanger pour 899,99 euros<\/a>. On le trouve aussi <a href=\"https:\/\/shop.frandroid.com\/j9iz70j3\" target=\"_blank\" rel=\"noreferrer noopener affiliate nofollow\" data-gtm=\"{&quot;event&quot;:&quot;afficlic&quot;,&quot;nom_marchand&quot;:&quot;cdiscount&quot;,&quot;nom_produit&quot;:&quot;inconnu&quot;,&quot;categorie_produit&quot;:&quot;inconnu&quot;,&quot;module_produit&quot;:&quot;editolink&quot;,&quot;position_marchand&quot;:0,&quot;texte&quot;:&quot;a-799-euros-sur-cdiscount&quot;,&quot;offer_url&quot;:&quot;https:\/\/shop.frandroid.com\/j9iz70j3&quot;,&quot;zone&quot;:&quot;contenu-page&quot;}\">\u00e0 799 euros sur Cdiscount<\/a>, mais sans Windows pr\u00e9install\u00e9. <\/p>\n<p>Il p\u00e9trit, \u00e9mince, mijote et bien plus : le Moulinex Companion est l\u2019arme secr\u00e8te de celles et ceux qui n\u2019ont pas le temps de cuisiner au quotidien.<\/p>\n<p><a href=\"https:\/\/images.frandroid.com\/wp-content\/uploads\/2025\/11\/moulinex-companion-black-friday-2025.jpg\" target=\"_blank\" class=\"article-content__figure\" rel=\"noopener\"><img loading=\"lazy\" decoding=\"async\" width=\"1200\" height=\"675\" src=\"https:\/\/www.europesays.com\/fr\/wp-content\/uploads\/2025\/11\/1763397624_135_moulinex-companion-black-friday-2025-1200x675.jpg\" alt=\"\" class=\"wp-image-2860569 wp-image\"  \/><\/a><\/p>\n<ul class=\"wp-block-list\">\n<li>Une capacit\u00e9 de 3 L<\/li>\n<li>Plusieurs programmes automatiques et un mode manuel<\/li>\n<li>Une batterie d\u2019accessoires fournis<\/li>\n<\/ul>\n<p>Auparavant affich\u00e9 599,99 euros, le robot cuiseur Moulinex Companion est aujourd\u2019hui <a href=\"https:\/\/shop.frandroid.com\/lbr5l95o\" target=\"_blank\" rel=\"noreferrer noopener affiliate nofollow\" data-gtm=\"{&quot;event&quot;:&quot;afficlic&quot;,&quot;nom_marchand&quot;:&quot;amazon_fr&quot;,&quot;nom_produit&quot;:&quot;inconnu&quot;,&quot;categorie_produit&quot;:&quot;inconnu&quot;,&quot;module_produit&quot;:&quot;editolink&quot;,&quot;position_marchand&quot;:0,&quot;texte&quot;:&quot;disponible-en-promotion-a-449-euros-sur-amazon&quot;,&quot;offer_url&quot;:&quot;https:\/\/shop.frandroid.com\/lbr5l95o&quot;,&quot;zone&quot;:&quot;contenu-page&quot;}\">disponible en promotion \u00e0 449,99 euros sur Amazon<\/a>.<\/p>\n<p>Envie d\u2019un <a href=\"https:\/\/www.frandroid.com\/guide-dachat\/1501824_velo-electrique-pas-cher-les-meilleurs-modeles-a-moins-de-1000-euros\" target=\"_blank\" rel=\"noopener\">v\u00e9lo \u00e9lectrique<\/a> endurant pour effectuer vos trajets maison-boulot ? Le Nakamura E-City 110 semble une bonne option gr\u00e2ce \u00e0 son excellente maniabilit\u00e9 mais aussi son autonomie confortable.<\/p>\n<p><a href=\"https:\/\/www.europesays.com\/fr\/wp-content\/uploads\/2025\/11\/1763397627_837_image-102-8.jpg\" target=\"_blank\" class=\"article-content__figure\"><img loading=\"lazy\" decoding=\"async\" width=\"1200\" height=\"675\" src=\"https:\/\/www.europesays.com\/fr\/wp-content\/uploads\/2025\/11\/1763397627_837_image-102-8.jpg\" alt=\"\" class=\"wp-image-2861187 wp-image\"  \/><\/a><\/p>\n<ul class=\"wp-block-list\">\n<li>Son excellente autonomie en ville<\/li>\n<li>Simple \u00e0 prendre en selle<\/li>\n<li>Un \u00e9cran clair et \u00e9clair\u00e9 de nuit<\/li>\n<\/ul>\n<p>Au lieu de son prix de d\u00e9part \u00e0 1199 euros, le VAE est en promotion sur Intersport.\u00a0<a href=\"https:\/\/shop.frandroid.com\/nwfppnww\" target=\"_blank\" rel=\"noreferrer noopener affiliate nofollow\" data-gtm=\"{&quot;event&quot;:&quot;afficlic&quot;,&quot;nom_marchand&quot;:&quot;intersport&quot;,&quot;nom_produit&quot;:&quot;inconnu&quot;,&quot;categorie_produit&quot;:&quot;inconnu&quot;,&quot;module_produit&quot;:&quot;editolink&quot;,&quot;position_marchand&quot;:0,&quot;texte&quot;:&quot;le-nakamura-e-city-110-est-a-949-euros&quot;,&quot;offer_url&quot;:&quot;https:\/\/shop.frandroid.com\/nwfppnww&quot;,&quot;zone&quot;:&quot;contenu-page&quot;}\">Le Nakamura E-City 110 est \u00e0 949 euros.<\/a><\/p>\n<p>La Xiaomi Redmi Pad 2 est une tablette tactile r\u00e9cente, disponible depuis le mois de juin 2025. La marque propose l\u00e0 un mod\u00e8le d\u2019entr\u00e9e de gamme \u00e0 usage familial, pour du streaming, consulter ses mails et lancer quelques petits jeux. En plus elle est plut\u00f4t bien finie, proche des mod\u00e8les de gamme sup\u00e9rieure avec un bon suivi logiciel. <\/p>\n<p><a href=\"https:\/\/images.frandroid.com\/wp-content\/uploads\/2025\/11\/pack-xiaomi-redmi-pad-2-pre-black-friday-2025.jpg\" target=\"_blank\" class=\"article-content__figure\" rel=\"noopener\"><img loading=\"lazy\" decoding=\"async\" width=\"1200\" height=\"675\" src=\"https:\/\/www.europesays.com\/fr\/wp-content\/uploads\/2025\/11\/1763397630_280_pack-xiaomi-redmi-pad-2-pre-black-friday-2025-1200x675.jpg\" alt=\"\" class=\"wp-image-2861701 wp-image\"  \/><\/a><\/p>\n<ul class=\"wp-block-list\">\n<li>Une qualit\u00e9 sonore agr\u00e9ablement surprenante<\/li>\n<li>Une autonomie pouss\u00e9e avec la batterie de 9 000 mAh<\/li>\n<li>Jusqu\u2019\u00e0 7 ans de suivi pour les MAJ de s\u00e9curit\u00e9<\/li>\n<\/ul>\n<p>Le prix de base affich\u00e9 pour la Redmi Pad 2 11\u2033 128 Go avec son \u00e9tui, son clavier Bluetooth et son stylet est de 329,99 euros. <a href=\"https:\/\/shop.frandroid.com\/e9ncz1ot\" target=\"_blank\" rel=\"noreferrer noopener affiliate nofollow\" data-gtm=\"{&quot;event&quot;:&quot;afficlic&quot;,&quot;nom_marchand&quot;:&quot;fnac&quot;,&quot;nom_produit&quot;:&quot;inconnu&quot;,&quot;categorie_produit&quot;:&quot;inconnu&quot;,&quot;module_produit&quot;:&quot;editolink&quot;,&quot;position_marchand&quot;:0,&quot;texte&quot;:&quot;il-passe-a-199-99-euros&quot;,&quot;offer_url&quot;:&quot;https:\/\/shop.frandroid.com\/e9ncz1ot&quot;,&quot;zone&quot;:&quot;contenu-page&quot;}\">Il passe \u00e0 199,99 euros<\/a> pour le pr\u00e9-Black Friday, ce qui est le prix de la tablette seule. <strong>Il y a aussi 3 mois offerts \u00e0 Deezer Premium !<\/strong><\/p>\n<p>Quels sont les codes promos utilisables en ce moment ?<\/p>\n<p>AliExpress<\/p>\n<ul class=\"wp-block-list\">\n<li>3 euros de remise d\u00e8s 15 euros d\u2019achat avec le code <strong>S11FR03<\/strong><\/li>\n<li>5 euros de remise d\u00e8s 29 euros d\u2019achat avec le code <strong>S11FR05<\/strong><\/li>\n<li>12 euros de remise d\u00e8s 69 euros d\u2019achat avec le code <strong>S11FR12<\/strong><\/li>\n<li>20 euros de remise d\u00e8s 129 euros d\u2019achat avec le code <strong>S11FR20<\/strong><\/li>\n<li>40 euros de remise d\u00e8s 249 euros d\u2019achat avec le code <strong>S11FR40<\/strong><\/li>\n<li>60 euros de remise d\u00e8s 369 euros d\u2019achat avec le code <strong>S11FR60<\/strong><\/li>\n<li>75 euros de remise d\u00e8s 469 euros d\u2019achat avec le code <strong>S11FR75<\/strong><\/li>\n<li>85 euros de remise d\u00e8s 549 euros d\u2019achat avec le code <strong>S11FR85<\/strong><\/li>\n<\/ul>\n<p>Les dates du Black Friday en France<\/p>\n<p>Aux \u00c9tats-Unis, les dates officielles du Black Friday sont fix\u00e9es <strong>du vendredi 28 au dimanche 30 novembre 2025 inclus<\/strong>. En France, c\u2019est un peu plus compliqu\u00e9 que \u00e7a, puisque les promotions ont commenc\u00e9 depuis le 31 octobre dernier sous le signe de l\u2019avant-premi\u00e8re.<\/p>\n<p>La traditionnelle Black Week commencera le 20 novembre, soit le lendemain de la fin du Singles Day, ou 11.11, d\u2019AliExpress. Dans tous les cas, le c\u00e9l\u00e8bre <strong><a href=\"https:\/\/www.frandroid.com\/tag\/cyber-monday\" target=\"_blank\" rel=\"noopener\">Cyber Monday<\/a><\/strong> cl\u00f4turera le tout pendant la journ\u00e9e du lundi 1\u1d49\u02b3\u00a0d\u00e9cembre.<\/p>\n<p>Quels sont les e-commer\u00e7ants participants ?<\/p>\n<p>Pr\u00e9-Black Friday et Singles Day (11.11) : pour ne rien rater des offres<\/p>\n<p>Le v\u00e9ritable Black Friday ne commencera que le 28 novembre prochain, mais les e-commer\u00e7ants ont d\u00e9j\u00e0 partag\u00e9 des offres en avance lors d\u2019une sorte d\u2019avant-premi\u00e8re du vendredi noir. En ce moment, il y a m\u00eame le Singles Day, ou 11.11, pour faire encore plus de bonnes affaires. Une aubaine si vous voulez anticiper vos achats de fin d\u2019ann\u00e9e.<\/p>\n<p>Si vous n\u2019avez pas trouv\u00e9 votre bonheur dans les s\u00e9lections pr\u00e9c\u00e9demment cit\u00e9es, voici ce qu\u2019il vous reste \u00e0 faire : <\/p>\n<ul class=\"wp-block-list\">\n<li>Suivez notre compte X\u00a0<a href=\"https:\/\/twitter.com\/FrandroidPromos\" target=\"_blank\" rel=\"noreferrer noopener\">@FrandroidPromos<\/a> uniquement d\u00e9di\u00e9 aux bons plans (pensez \u00e0 activer la cloche pour recevoir les notifications en temps r\u00e9el)<\/li>\n<li><a href=\"https:\/\/whatsapp.com\/channel\/0029VabYxm5LI8YhSlD8xc05\" target=\"_blank\" rel=\"noreferrer noopener\">Rejoignez notre canal WhatsApp<\/a> pour recevoir une fois par jour un condens\u00e9 des meilleures offres<\/li>\n<li>T\u00e9l\u00e9chargez notre <a href=\"https:\/\/www.frandroid.com\/telecharger\/apps\/frandroid\" target=\"_blank\" rel=\"noreferrer noopener\">application Frandroid<\/a> (disponible sur iOS et Android) pour activer les notifications de la cat\u00e9gorie \u00ab Bons Plans \u00bb et ainsi recevoir en temps r\u00e9el les nouveaux articles li\u00e9s au Black Friday 2025 at au Singles Day (11.11)<\/li>\n<li>Abonnez-vous \u00e0 notre newsletter pour \u00eatre s\u00fbr de recevoir les offres en avant-premi\u00e8re (pas plus d\u2019un mail par jour, d\u00e9sinscription en 1 clic, aucune diffusion \u00e0 des tiers) :<\/li>\n<\/ul>\n<p class=\"newsletter-form__title is-size-6 is-size-7-mobile is-uppercase has-text-good-deals has-text-weight-semibold mb-4 px-5\">Frandroid Bons plans<\/p>\n<p class=\"has-text-centered-tablet newsletter-form__subtitle is-size-4 has-text-weight-bold has-text-primary column is-9-tablet is-10-mobile\">\n                C\u2019est enregistr\u00e9 ! Surveillez votre bo\u00eete aux lettres, vous allez entendre parler de nous\u00a0!\n            <\/p>\n<p class=\"newsletter-form__subtitle is-size-4 has-text-weight-bold has-text-gradient-pink\">Ne manquez aucun bon plan avec notre newsletter<\/p>\n<p class=\"is-size-7\">\n                Les donn\u00e9es transmises par le biais de ce formulaire sont destin\u00e9es \u00e0 Humanoid,<br \/>\n                soci\u00e9t\u00e9 \u00e9ditrice du site Frandroid en sa qualit\u00e9 de responsable de traitement.<br \/>\n                Elles ne seront en aucun cas c\u00e9d\u00e9es \u00e0 des tiers. Ces donn\u00e9es sont trait\u00e9es sous r\u00e9serve d\u2019obtention de<br \/>\n                votre consentement pour vous envoyer par e-mail des actualit\u00e9s et informations relatives aux contenus<br \/>\n                \u00e9ditoriaux publi\u00e9s sur Frandroid. Vous pouvez vous opposer \u00e0 tout moment \u00e0 ces e-mails<br \/>\n                en cliquant sur les liens de d\u00e9sinscriptions pr\u00e9sents dans chacun d\u2019eux. Pour plus d\u2019informations, vous<br \/>\n                pouvez consulter l\u2019int\u00e9gralit\u00e9 de notre <a href=\"https:\/\/www.frandroid.com\/politique-donnees-personnelles\" target=\"_blank\" rel=\"noopener\"><br \/>\n                politique de traitement de vos donn\u00e9es personnelles<\/a>.<br \/>\n                Vous disposez d\u2019un droit d\u2019acc\u00e8s, de rectification, d\u2019effacement, de limitation, de portabilit\u00e9 et<br \/>\n                d\u2019opposition pour motif l\u00e9gitime aux donn\u00e9es personnelles vous concernant. Pour exercer l\u2019un de ces droits,<br \/>\n                merci d\u2019effectuer votre demande via notre <a href=\"https:\/\/www.frandroid.com\/contact\/#RGPD\" target=\"_blank\" rel=\"noopener\">formulaire<br \/>\n                de demandes d\u2019exercices de droits d\u00e9di\u00e9<\/a>.\n            <\/p>\n<p>Envie de rejoindre une communaut\u00e9 de passionn\u00e9s ? <a href=\"https:\/\/discord.com\/invite\/frandroid-311789172149190657\" target=\"_blank\" rel=\"noopener\">Notre Discord<\/a> vous accueille, c\u2019est un lieu d\u2019entraide et de passion autour de la tech.<\/p>\n<p>            <script async src=\"https:\/\/platform.twitter.com\/widgets.js\" charset=\"utf-8\"><\/script><\/p>\n","protected":false},"excerpt":{"rendered":"\u00c0 l\u2019approche du Black Friday du 28 novembre 2025, les enseignes multiplient les promotions. Le pr\u00e9-Black Friday bat&hellip;\n","protected":false},"author":2,"featured_media":540612,"comment_status":"","ping_status":"","sticky":false,"template":"","format":"standard","meta":{"footnotes":""},"categories":[7],"tags":[62374,1011,27,43,40,41,39,64121,64572,42,44],"class_list":{"0":"post-540611","1":"post","2":"type-post","3":"status-publish","4":"format-standard","5":"has-post-thumbnail","7":"category-sciences-et-technologies","8":"tag-black-friday-2025","9":"tag-fr","10":"tag-france","11":"tag-science","12":"tag-science-and-technology","13":"tag-sciences","14":"tag-sciences-et-technologies","15":"tag-selections-black-friday","16":"tag-single-day-2025","17":"tag-technologies","18":"tag-technology"},"share_on_mastodon":{"url":"https:\/\/pubeurope.com\/@fr\/115566048360955243","error":""},"_links":{"self":[{"href":"https:\/\/www.europesays.com\/fr\/wp-json\/wp\/v2\/posts\/540611","targetHints":{"allow":["GET"]}}],"collection":[{"href":"https:\/\/www.europesays.com\/fr\/wp-json\/wp\/v2\/posts"}],"about":[{"href":"https:\/\/www.europesays.com\/fr\/wp-json\/wp\/v2\/types\/post"}],"author":[{"embeddable":true,"href":"https:\/\/www.europesays.com\/fr\/wp-json\/wp\/v2\/users\/2"}],"replies":[{"embeddable":true,"href":"https:\/\/www.europesays.com\/fr\/wp-json\/wp\/v2\/comments?post=540611"}],"version-history":[{"count":0,"href":"https:\/\/www.europesays.com\/fr\/wp-json\/wp\/v2\/posts\/540611\/revisions"}],"wp:featuredmedia":[{"embeddable":true,"href":"https:\/\/www.europesays.com\/fr\/wp-json\/wp\/v2\/media\/540612"}],"wp:attachment":[{"href":"https:\/\/www.europesays.com\/fr\/wp-json\/wp\/v2\/media?parent=540611"}],"wp:term":[{"taxonomy":"category","embeddable":true,"href":"https:\/\/www.europesays.com\/fr\/wp-json\/wp\/v2\/categories?post=540611"},{"taxonomy":"post_tag","embeddable":true,"href":"https:\/\/www.europesays.com\/fr\/wp-json\/wp\/v2\/tags?post=540611"}],"curies":[{"name":"wp","href":"https:\/\/api.w.org\/{rel}","templated":true}]}}