{"id":540617,"date":"2025-11-17T16:43:12","date_gmt":"2025-11-17T16:43:12","guid":{"rendered":"https:\/\/www.europesays.com\/fr\/540617\/"},"modified":"2025-11-17T16:43:12","modified_gmt":"2025-11-17T16:43:12","slug":"route-fermee-et-helicoptere-mobilise","status":"publish","type":"post","link":"https:\/\/www.europesays.com\/fr\/540617\/","title":{"rendered":"route ferm\u00e9e et h\u00e9licopt\u00e8re mobilis\u00e9"},"content":{"rendered":"<p>                    Par<br \/>\n        <strong><br \/>\n            <a href=\"https:\/\/actu.fr\/auteur\/redaction-pressemanche\" title=\"Consulter tous les articles de R\u00e9daction La Presse de la Manche\" rel=\"nofollow noopener\" target=\"_blank\">R\u00e9daction La Presse de la Manche<\/a><br \/>\n                    <\/strong><\/p>\n<p>        Publi\u00e9 le<\/p>\n<p>            17 nov. 2025 \u00e0 15h43        <\/p>\n<p>Une collision <b>entre un poids lourd et une voiture<\/b> s\u2019est produite \u00e0 <a href=\"https:\/\/actu.fr\/normandie\/carentan-les-marais_50099\" rel=\"nofollow noopener\" target=\"_blank\">Carentan<\/a> (Manche) en tout d\u00e9but d\u2019apr\u00e8s-midi, vers 13\u2009h\u200930, ce <b>lundi 17\u00a0novembre 2025<\/b>.<\/p>\n<p class=\" wall-content\">L\u2019accident a eu lieu sur la <b>route d\u00e9partementale 971<\/b>, qui m\u00e8ne <b>du rond-point<\/b> o\u00f9 est situ\u00e9e la concession Mercedes-Benz Alliance Automobiles <b>\u00e0 la RN13.<\/b><\/p>\n<p>    <a href=\"https:\/\/maps.google.com\/maps?q=49.305666,-1.242834&amp;z=15&amp;output=embed\" title=\"Ouvrie le lien\" rel=\"nofollow noopener\" target=\"_blank\">Cliquez ici pour visualiser le contenu<\/a><\/p>\n<p>L\u2019h\u00e9licopt\u00e8re Dragon 50 sur place<\/p>\n<p class=\" wall-content\">Notre correspondant local a pu observer la forte mobilisation des <b>gendarmes<\/b>, des <b>sapeurs-pompiers<\/b>, de <b>plusieurs ambulances<\/b> et de <b>l\u2019h\u00e9licopt\u00e8re de la s\u00e9curit\u00e9 civile<\/b>, Dragon 50, bas\u00e9 \u00e0 <a href=\"https:\/\/actu.fr\/normandie\/breville-sur-mer_50081\" rel=\"nofollow noopener\" target=\"_blank\">Br\u00e9ville-sur-Mer<\/a> pr\u00e8s de <a href=\"https:\/\/actu.fr\/normandie\/granville_50218\" rel=\"nofollow noopener\" target=\"_blank\">Granville<\/a>.<\/p>\n<p class=\" wall-content\">Aucune information n\u2019a pour l\u2019instant \u00e9t\u00e9 donn\u00e9e sur <b>d\u2019\u00e9ventuelles victimes.<\/b><\/p>\n<p>    <img   decoding=\"async\" loading=\"lazy\" class=\"size-large\" src=\"https:\/\/www.europesays.com\/fr\/wp-content\/uploads\/2025\/11\/f4ac6f533b19609ac6f533b19fcac6v-960x640.jpg\" alt=\"la route d\u00e9partementale 971, sur laquelle s'est produit l'accident ce lundi 17 novembre 2025, est ferm\u00e9e \u00e0 la circulation.\" width=\"960\" height=\"640\"\/><br \/>\n    La route d\u00e9partementale 971, sur laquelle s\u2019est produit l\u2019accident ce lundi 17 novembre 2025, est ferm\u00e9e \u00e0 la circulation. \u00a9La Presse de la Manche<\/p>\n<p class=\" wall-content\">Plus d\u2019informations \u00e0 venir.<\/p>\n<p class=\" wall-content\">Personnalisez votre actualit\u00e9 en ajoutant vos villes et m\u00e9dias en favori avec <a href=\"https:\/\/moncompte.actu.fr\" title=\"D\u00e9couvez Mon Actu\" rel=\"nofollow noopener\" data-trk=\"{&quot;cta&quot;:{&quot;action&quot;:&quot;https:\\\/\\\/moncompte.actu.fr&quot;,&quot;category&quot;:&quot;mon compte&quot;,&quot;from&quot;:&quot;article footer&quot;,&quot;name&quot;:&quot;Mon actu&quot;,&quot;type&quot;:&quot;cta&quot;}}\" target=\"_blank\">Mon Actu<\/a>.<\/p>\n","protected":false},"excerpt":{"rendered":"Par R\u00e9daction La Presse de la Manche Publi\u00e9 le 17 nov. 2025 \u00e0 15h43 Une collision entre un&hellip;\n","protected":false},"author":2,"featured_media":540618,"comment_status":"","ping_status":"","sticky":false,"template":"","format":"standard","meta":{"footnotes":""},"categories":[4],"tags":[119,11,118,1011,27,12,25],"class_list":{"0":"post-540617","1":"post","2":"type-post","3":"status-publish","4":"format-standard","5":"has-post-thumbnail","7":"category-france","8":"tag-accident","9":"tag-actualites","10":"tag-faits-divers","11":"tag-fr","12":"tag-france","13":"tag-news","14":"tag-republique-francaise"},"share_on_mastodon":{"url":"https:\/\/pubeurope.com\/@fr\/115566049001022235","error":""},"_links":{"self":[{"href":"https:\/\/www.europesays.com\/fr\/wp-json\/wp\/v2\/posts\/540617","targetHints":{"allow":["GET"]}}],"collection":[{"href":"https:\/\/www.europesays.com\/fr\/wp-json\/wp\/v2\/posts"}],"about":[{"href":"https:\/\/www.europesays.com\/fr\/wp-json\/wp\/v2\/types\/post"}],"author":[{"embeddable":true,"href":"https:\/\/www.europesays.com\/fr\/wp-json\/wp\/v2\/users\/2"}],"replies":[{"embeddable":true,"href":"https:\/\/www.europesays.com\/fr\/wp-json\/wp\/v2\/comments?post=540617"}],"version-history":[{"count":0,"href":"https:\/\/www.europesays.com\/fr\/wp-json\/wp\/v2\/posts\/540617\/revisions"}],"wp:featuredmedia":[{"embeddable":true,"href":"https:\/\/www.europesays.com\/fr\/wp-json\/wp\/v2\/media\/540618"}],"wp:attachment":[{"href":"https:\/\/www.europesays.com\/fr\/wp-json\/wp\/v2\/media?parent=540617"}],"wp:term":[{"taxonomy":"category","embeddable":true,"href":"https:\/\/www.europesays.com\/fr\/wp-json\/wp\/v2\/categories?post=540617"},{"taxonomy":"post_tag","embeddable":true,"href":"https:\/\/www.europesays.com\/fr\/wp-json\/wp\/v2\/tags?post=540617"}],"curies":[{"name":"wp","href":"https:\/\/api.w.org\/{rel}","templated":true}]}}