{"id":540621,"date":"2025-11-17T16:45:14","date_gmt":"2025-11-17T16:45:14","guid":{"rendered":"https:\/\/www.europesays.com\/fr\/540621\/"},"modified":"2025-11-17T16:45:14","modified_gmt":"2025-11-17T16:45:14","slug":"roche-la-moliere-bwd12-le-festival-de-musique-de-chambre-qui-pousse-les-murs","status":"publish","type":"post","link":"https:\/\/www.europesays.com\/fr\/540621\/","title":{"rendered":"Roche-la-Moli\u00e8re. BWd12, le festival de musique de chambre qui pousse les murs"},"content":{"rendered":"<p>Cela fait vingt ans que le festival BWd12 existe. Cette long\u00e9vit\u00e9 \u00e9tait loin d\u2019\u00eatre gagn\u00e9e au d\u00e9part mais, si l\u2019on regarde bien, tous les ingr\u00e9dients \u00e9taient r\u00e9unis pour que l\u2019aventure perdure et enfle, sans jamais renier l\u2019\u00e9tat d\u2019esprit originel.<\/p>\n<p>Les cl\u00e9s de ce succ\u00e8s\u00a0? Un lieu magique (le ch\u00e2teau de Saint-Victor-sur-Loire), une fin d\u2019\u00e9t\u00e9 (la derni\u00e8re semaine d\u2019ao\u00fbt), des b\u00e9n\u00e9voles efficaces et accueillants (buffets partag\u00e9s aves les musiciens en fin de concerts) et, surtout, des artistes incroyables, tous\/tes membres d\u2019orchestres prestigieux ou solistes de pointure internationale.<\/p>\n<p>Parmi eux, le violoncelliste Samuel Etienne, membre fondateur du festival cr\u00e9\u00e9 en 2005 et qui en est aujourd\u2019hui le directeur artistique. Gr\u00e2ce \u00e0 l\u2019\u00e9nergie g\u00e9n\u00e9r\u00e9e d\u2019embl\u00e9e, ce sont plus de 150 artistes qui se sont succ\u00e9d\u00e9, jouant les \u0153uvres les plus c\u00e9l\u00e8bres ou initiant le public aux plus novatrices, leurs explications les plus s\u00e9rieuses se m\u00ealant toujours \u00e0 de bons mots pour en faire ressortir l\u2019humanit\u00e9.<\/p>\n<p>Bref, les 20\u00a0000 auditeurs accueillis attendent impatiemment chaque fois le rendez-vous et cette ann\u00e9e, -cerise sur le g\u00e2teau- ils ont m\u00eame applaudi Richard Galliano venu pour des 20 ans d\u00e9cid\u00e9ment au top. La derni\u00e8re bougie sera souffl\u00e9e dimanche prochain \u00e0 l\u2019Opsis de Roche-la-Moli\u00e8re, o\u00f9 les musicien-nes r\u00e9p\u00e8tent depuis plusieurs jours (1).<\/p>\n<p>Il reste quelques places pour ce concert dans lequel la beaut\u00e9 des \u0153uvres se nourrira de l\u2019excellence des interpr\u00e8tes\u00a0: la violoniste C\u00e9cile Agator, l\u2019altiste Marie-Emeline Charpentier, le violoniste Firmin Ciracio (tous trois de l\u2019Orchestre Philharmonique de Radio-France), l\u2019altiste David Gaillard et le violoncelliste Samuel Etienne, tous deux \u00e9minents solistes.<\/p>\n<p class=\"note\">Dimanche 23\u00a0novembre \u00e0 17h \u00e0 l\u2019Opsis de Roche-la-Moli\u00e8re (6, rue du professeur Calmette) Tarif\u00a0: 22\u00a0euros R\u00e9duit (moins de 12 ans et RSA)\u00a0: 10\u00a0euros. Verre de l\u2019amiti\u00e9 avec les musiciens apr\u00e8s le concert.<\/p>\n","protected":false},"excerpt":{"rendered":"Cela fait vingt ans que le festival BWd12 existe. Cette long\u00e9vit\u00e9 \u00e9tait loin d\u2019\u00eatre gagn\u00e9e au d\u00e9part mais,&hellip;\n","protected":false},"author":2,"featured_media":540622,"comment_status":"","ping_status":"","sticky":false,"template":"","format":"standard","meta":{"footnotes":""},"categories":[9653],"tags":[1111,11,2430,1687,7539,1777,674,1011,27,873,12,25,4001,7538],"class_list":{"0":"post-540621","1":"post","2":"type-post","3":"status-publish","4":"format-standard","5":"has-post-thumbnail","7":"category-saint-etienne","8":"tag-actu","9":"tag-actualites","10":"tag-auvergne-rhone-alpes","11":"tag-culture-loisirs","12":"tag-edition-loire-sud","13":"tag-eu","14":"tag-europe","15":"tag-fr","16":"tag-france","17":"tag-musique","18":"tag-news","19":"tag-republique-francaise","20":"tag-saint-etienne","21":"tag-saint-etienne-ville"},"share_on_mastodon":{"url":"","error":""},"_links":{"self":[{"href":"https:\/\/www.europesays.com\/fr\/wp-json\/wp\/v2\/posts\/540621","targetHints":{"allow":["GET"]}}],"collection":[{"href":"https:\/\/www.europesays.com\/fr\/wp-json\/wp\/v2\/posts"}],"about":[{"href":"https:\/\/www.europesays.com\/fr\/wp-json\/wp\/v2\/types\/post"}],"author":[{"embeddable":true,"href":"https:\/\/www.europesays.com\/fr\/wp-json\/wp\/v2\/users\/2"}],"replies":[{"embeddable":true,"href":"https:\/\/www.europesays.com\/fr\/wp-json\/wp\/v2\/comments?post=540621"}],"version-history":[{"count":0,"href":"https:\/\/www.europesays.com\/fr\/wp-json\/wp\/v2\/posts\/540621\/revisions"}],"wp:featuredmedia":[{"embeddable":true,"href":"https:\/\/www.europesays.com\/fr\/wp-json\/wp\/v2\/media\/540622"}],"wp:attachment":[{"href":"https:\/\/www.europesays.com\/fr\/wp-json\/wp\/v2\/media?parent=540621"}],"wp:term":[{"taxonomy":"category","embeddable":true,"href":"https:\/\/www.europesays.com\/fr\/wp-json\/wp\/v2\/categories?post=540621"},{"taxonomy":"post_tag","embeddable":true,"href":"https:\/\/www.europesays.com\/fr\/wp-json\/wp\/v2\/tags?post=540621"}],"curies":[{"name":"wp","href":"https:\/\/api.w.org\/{rel}","templated":true}]}}