{"id":540623,"date":"2025-11-17T16:46:13","date_gmt":"2025-11-17T16:46:13","guid":{"rendered":"https:\/\/www.europesays.com\/fr\/540623\/"},"modified":"2025-11-17T16:46:13","modified_gmt":"2025-11-17T16:46:13","slug":"la-semaine-de-lindustrie-de-retour-dans-la-loire-pour-combattre-les-idees-recues","status":"publish","type":"post","link":"https:\/\/www.europesays.com\/fr\/540623\/","title":{"rendered":"La \u00ab Semaine de l\u2019industrie \u00bb de retour dans la Loire pour combattre les id\u00e9es re\u00e7ues"},"content":{"rendered":"<p class=\"is-style-chapo\">Du lundi 17 au vendredi 23 novembre, la Semaine de l\u2019Industrie est de retour pour une 14\u00e8me \u00e9dition dans toute la France. Dans la Loire, l\u2019IUMM et les entreprises industrielles se mobilisent pour faire d\u00e9couvrir les nombreux m\u00e9tiers du secteur et faire changer le regard sur l\u2019industrie, notamment aupr\u00e8s du jeune public.<\/p>\n<p><img fetchpriority=\"high\" decoding=\"async\" width=\"1024\" height=\"576\" src=\"https:\/\/www.europesays.com\/fr\/wp-content\/uploads\/2025\/11\/99bb29c4-aadc-4e0b-bc14-5880018e2440-1-1024x576.jpg\" alt=\"Semaine de l'industrie\" class=\"wp-image-81037\"  \/>\u00a9Pr\u00e9fecture de la Loire<\/p>\n<p>\u00ab\u00a0Cette semaine a une r\u00e9sonnance plus forte dans la Loire, car il y a une tr\u00e8s forte tradition industrielle. Mais c\u2019est \u00e0 la fois le pass\u00e9, et l\u2019avenir, puisque l\u2019industrie \u00e9volue et innove\u00a0\u00bb, a d\u00e9clar\u00e9 la pr\u00e9f\u00e8te de la Loire, Muriel Nguyen, lors de la visite de l\u2019entreprise CEPM en pr\u00e9sence d\u2019une classe de 3\u00e8me du coll\u00e8ge Puits de la Loire de Saint-Etienne, \u00e0 l\u2019occasion de la Semaine de l\u2019Industrie. Sp\u00e9cialis\u00e9e dans la conception et la r\u00e9alisation de pi\u00e8ces m\u00e9caniques de pr\u00e9cision, l\u2019entreprise, bas\u00e9e \u00e0 Saint-Priest-en-Jarez, a souhait\u00e9 faire d\u00e9couvrir aux jeunes un savoir-faire et une multitude de m\u00e9tiers.<\/p>\n<p>\u00ab\u00a0Moi, je suis m\u00e9canicien. Quand je dis cela, on pense toujours que je r\u00e9pare des voitures, a expliqu\u00e9 <a href=\"https:\/\/www.if-saint-etienne.fr\/breves\/pascal-michaud-est-le-nouveau-president-de-luimm-loire\" target=\"_blank\" rel=\"noreferrer noopener\">Pascal Michaud<\/a>, \u00e0 la fois pr\u00e9sident de l\u2019UIMM Loire et dirigeant du groupe <a href=\"https:\/\/www.cepm.fr\/\" target=\"_blank\" rel=\"noreferrer noopener\">CEPM Industrie<\/a> qui regroupe trois soci\u00e9t\u00e9s, dont deux sont bas\u00e9es dans la Loire. Ici, on fait pourtant de la m\u00e9canique. On produit des pi\u00e8ces de pr\u00e9cision en tout petit nombre, avec des pr\u00e9cisions de l\u2019ordre du centi\u00e8me de millim\u00e8tre. On travaille pour des secteurs comme l\u2019\u00e9nergie, la d\u00e9fense, l\u2019automobile ou encore l\u2019a\u00e9ronautique\u00a0\u00bb. Ainsi, parmi ses clients, CEPM compte Airbus, Michelin, Thal\u00e8s, Urgo, ou encore Framatome. Au total, plus d\u2019une vingtaine de m\u00e9tiers y sont repr\u00e9sent\u00e9s. Et c\u2019est l\u00e0 tout l\u2019int\u00e9r\u00eat de cette semaine\u2026<\/p>\n<p>Susciter des vocations<\/p>\n<p>Lorsque Pascal Michaud leur pr\u00e9cise qu\u2019il ne faut pas prendre de photos des pi\u00e8ces, puisque l\u2019entreprise travaille pour le secteur de la d\u00e9fense, un \u00e9l\u00e8ve le questionne. \u00ab\u00a0Mais on va pouvoir les voir ces pi\u00e8ces\u00a0? Elles ne sont pas secr\u00e8tes alors\u00a0!\u00a0\u00bb. Cette visite fait partie des diff\u00e9rents \u00e9v\u00e9nements organis\u00e9s sur le terrain toute la semaine, tels que des visites d\u2019entreprises pour les coll\u00e9giens, lyc\u00e9ens, demandeurs d\u2019emploi, et familles, des forums de l\u2019emploi consacr\u00e9s \u00e0 l\u2019industrie, ou encire des animations au sein de l\u2019Union des industries et m\u00e9tiers de la m\u00e9tallurgie (IUMM).<\/p>\n<p>Pour le syndicat patronal, dans le contexte actuel, l\u2019industrie offre des m\u00e9tiers qualifi\u00e9s et bien r\u00e9mun\u00e9r\u00e9s, de nombreuses opportunit\u00e9s, des solutions concr\u00e8tes aux d\u00e9fis de la transition \u00e9cologique et num\u00e9rique\u2026 pourtant, elle peine encore \u00e0 recruter. \u00ab\u00a0Pour nous, le but est de changer l\u2019image de l\u2019industrie que l\u2019on pense sombre, polluante, et n\u2019offrant que du travail \u00e0 l\u2019usine, a rappel\u00e9 la pr\u00e9f\u00e8te. C\u2019est au contraire un secteur tr\u00e8s vari\u00e9, moderne, int\u00e9ressant. Ce genre d\u2019initiative vise \u00e0 susciter des id\u00e9es, des vocations, notamment aupr\u00e8s des filles qui sont peu repr\u00e9sent\u00e9es dans ces fili\u00e8res. Puis, c\u2019est aussi un moyen de renforcer l\u2019attractivit\u00e9 de notre d\u00e9partement\u00a0\u00bb. S\u2019en est donc suivie une visite des ateliers et peut-\u00eatre quelques vocations \u00e0 la cl\u00e9.<\/p>\n<p>Des prolongations dans la Loire<\/p>\n<p>Cette ann\u00e9e, l\u2019IUMM Loire innove lors de la Semaine de l\u2019industrie. Ainsi, ce jeudi 20 novembre, elle lance Xprience Industrie. Cet \u00e9v\u00e9nement immersif a pour but de faire d\u00e9couvrir les m\u00e9tiers, mais aussi les technologies et la r\u00e9alit\u00e9 de l\u2019industrie. Deux \u00e9ditions sont organis\u00e9es aupr\u00e8s des jeunes, ainsi qu\u2019aupr\u00e8s des demandeurs d\u2019emploi.<\/p>\n<p>Par ailleurs, la Semaine de l\u2019industrie va jouer les prolongations jusqu\u2019au 7 d\u00e9cembre avec la pr\u00e9sence du P\u00f4le formation de l\u2019IUMM Loire au Salon de l\u2019\u00e9tudiant de Saint-Etienne les 22 et 23 novembre, une journ\u00e9e consacr\u00e9e \u00e0 la d\u00e9tection de potentiel chez France Travail Ch\u00e2teaucreux, ou encore un forum industrie organis\u00e9 \u00e0 la pr\u00e9fecture mercredi 26 novembre. A cette occasion, cette derni\u00e8re a mis en place un jeu concours sur son <a href=\"https:\/\/www.instagram.com\/p\/DRJmJeTjKXF\/?igsh=MW9scmQ2czJpcXIyNg%3D%3D&amp;fbclid=IwY2xjawOIKQ9leHRuA2FlbQIxMABicmlkETFCTGRCWHNyTnFGR3Zjdm8wc3J0YwZhcHBfaWQQMjIyMDM5MTc4ODIwMDg5MghjYWxsc2l0ZQEyAAEe10MDjLix7pWcwLIFB4vhmG0y0pH6ovG0rZD3TsD7a1beVyy5YfwBOIpgL1c_aem_1QyYrwsghz5X9_Bw0kU4YA\" target=\"_blank\" rel=\"noreferrer noopener\">compte Instagram<\/a>, qui permet de remporter chaque jour un produit industriel embl\u00e9matique de la Loire.<\/p>\n<p>\t\t\t<script async src=\"\/\/www.instagram.com\/embed.js\"><\/script><\/p>\n","protected":false},"excerpt":{"rendered":"Du lundi 17 au vendredi 23 novembre, la Semaine de l\u2019Industrie est de retour pour une 14\u00e8me \u00e9dition&hellip;\n","protected":false},"author":2,"featured_media":540624,"comment_status":"","ping_status":"","sticky":false,"template":"","format":"standard","meta":{"footnotes":""},"categories":[9653],"tags":[1111,11,2430,65871,1777,674,1011,27,37817,65872,42451,12,42455,25,4001,65873,65874],"class_list":{"0":"post-540623","1":"post","2":"type-post","3":"status-publish","4":"format-standard","5":"has-post-thumbnail","7":"category-saint-etienne","8":"tag-actu","9":"tag-actualites","10":"tag-auvergne-rhone-alpes","11":"tag-cepm-industrie","12":"tag-eu","13":"tag-europe","14":"tag-fr","15":"tag-france","16":"tag-informatif","17":"tag-iumm-loire","18":"tag-muriel-nguyen","19":"tag-news","20":"tag-prefete-de-la-loire","21":"tag-republique-francaise","22":"tag-saint-etienne","23":"tag-semaine-de-lindustrie","24":"tag-semaine-de-lindustrie-dans-la-loire"},"share_on_mastodon":{"url":"https:\/\/pubeurope.com\/@fr\/115566057364809437","error":""},"_links":{"self":[{"href":"https:\/\/www.europesays.com\/fr\/wp-json\/wp\/v2\/posts\/540623","targetHints":{"allow":["GET"]}}],"collection":[{"href":"https:\/\/www.europesays.com\/fr\/wp-json\/wp\/v2\/posts"}],"about":[{"href":"https:\/\/www.europesays.com\/fr\/wp-json\/wp\/v2\/types\/post"}],"author":[{"embeddable":true,"href":"https:\/\/www.europesays.com\/fr\/wp-json\/wp\/v2\/users\/2"}],"replies":[{"embeddable":true,"href":"https:\/\/www.europesays.com\/fr\/wp-json\/wp\/v2\/comments?post=540623"}],"version-history":[{"count":0,"href":"https:\/\/www.europesays.com\/fr\/wp-json\/wp\/v2\/posts\/540623\/revisions"}],"wp:featuredmedia":[{"embeddable":true,"href":"https:\/\/www.europesays.com\/fr\/wp-json\/wp\/v2\/media\/540624"}],"wp:attachment":[{"href":"https:\/\/www.europesays.com\/fr\/wp-json\/wp\/v2\/media?parent=540623"}],"wp:term":[{"taxonomy":"category","embeddable":true,"href":"https:\/\/www.europesays.com\/fr\/wp-json\/wp\/v2\/categories?post=540623"},{"taxonomy":"post_tag","embeddable":true,"href":"https:\/\/www.europesays.com\/fr\/wp-json\/wp\/v2\/tags?post=540623"}],"curies":[{"name":"wp","href":"https:\/\/api.w.org\/{rel}","templated":true}]}}