{"id":540636,"date":"2025-11-17T16:53:12","date_gmt":"2025-11-17T16:53:12","guid":{"rendered":"https:\/\/www.europesays.com\/fr\/540636\/"},"modified":"2025-11-17T16:53:12","modified_gmt":"2025-11-17T16:53:12","slug":"des-secrets-devoiles-lors-dune-conference","status":"publish","type":"post","link":"https:\/\/www.europesays.com\/fr\/540636\/","title":{"rendered":"des secrets d\u00e9voil\u00e9s lors d&rsquo;une conf\u00e9rence"},"content":{"rendered":"<p>                    Par<br \/>\n        <strong><br \/>\n            <a href=\"https:\/\/actu.fr\/auteur\/laredaction\" title=\"Consulter tous les articles de R\u00e9daction Normandie\" target=\"_blank\" rel=\"noopener\">R\u00e9daction Normandie<\/a><br \/>\n                    <\/strong><\/p>\n<p>        Publi\u00e9 le<\/p>\n<p>            17 nov. 2025 \u00e0 17h10        <\/p>\n<p><strong>L\u2019Abbaye Sainte-Catherine<\/strong> fut l\u2019une des abbayes les plus importantes de Normandie, qui a m\u00eame re\u00e7u des Rois. Son rayonnement a \u00e9t\u00e9 international. Pour en conna\u00eetre l\u2019histoire, les amateurs sont invit\u00e9s \u00e0 rejoindre l\u2019historien Claude Chaumat, le samedi 29 novembre \u00e0 15 h, au Chartil, \u00e0 <a href=\"https:\/\/actu.fr\/normandie\/bonsecours_76103\" target=\"_blank\" rel=\"noopener\">Bonsecours<\/a>, pour une conf\u00e9rence intitul\u00e9e De Bonsecours au comt\u00e9 de Nottingham (XIe \u2013 XVIe si\u00e8cle), pour un grand voyage qui suit des indications \u00e9crites et toponymiques.<\/p>\n<p>Le voyage des moines de l\u2019Abbaye Sainte-Catherine<\/p>\n<p class=\" wall-content\">\u00ab\u00a0On va partir de Bonsecours pour aller dire bonjour \u00e0 Robin des Bois [rires]. On parlera de cette l\u00e9gende. On va surtout suivre le voyage des moines de l\u2019Abbaye Sainte-Catherine qui, \u00e0 l\u2019\u00e9poque, ont comme toutes les abbayes normandes, aid\u00e9 Guillaume le Conqu\u00e9rant pour la conqu\u00eate de l\u2019Angleterre. Cela commence apr\u00e8s la bataille de Hastings et s\u2019arr\u00eatera \u00e0 la fin du XVIe si\u00e8cle\u00a0\u00bb, pr\u00e9sente l\u2019historien, qui rappelle qu\u2019en retour, le roi a attribu\u00e9 des terres, dont l\u2019Abbaye Sainte-Catherine, dans le comt\u00e9 de Nottingham et de Sheffield : \u00ab\u00a0d\u2019ailleurs, on va retrouver beaucoup de Sainte-Catherine en Angleterre. C\u2019est le toponyme qui va guider notre voyage\u00a0\u00bb.<\/p>\n<p class=\" wall-content\">L\u2019expos\u00e9 se d\u00e9clinera autour de beaucoup d\u2019illustrations, de documents que Claude Chaumat a retrouv\u00e9s et de relations qu\u2019il a cr\u00e9\u00e9es l\u00e0-bas. \u00ab On m\u2019a beaucoup aid\u00e9. Je suis aussi parti du livre du XVIIe\u00a0si\u00e8cle de Jean-Fran\u00e7ois Pommeraye sur les abbayes normandes, qui fait \u00e9tat de deux prieur\u00e9s anglais qui d\u00e9pendaient de Bonsecours. On n\u2019en retrouve aucune trace dans les archives communales et nationales, mais elles sont conserv\u00e9es outre-manche \u00bb, indique l\u2019historien qui voit l\u00e0 un signe que nous ne sommes pas si \u00e9loign\u00e9s des \u00celes Britanniques dans notre histoire.<\/p>\n<p>L\u2019important rayonnement de Bonsecours<\/p>\n<p class=\" wall-content\">\u00ab Cela montre surtout que Bonsecours a \u00e9t\u00e9, avec Rouen, une ville historiquement importante. Aucune autre commune autour de Rouen n\u2019a un tel rayonnement. Elle a \u00e9t\u00e9 occup\u00e9e depuis le n\u00e9olithique, a eu un village gallo-romain, fait partie de la l\u00e9gende de Robert le Diable par son ch\u00e2teau qui tr\u00f4nait sur le plateau des Aigles, a re\u00e7u le Roi Henry IV, etc. C\u2019est une histoire riche \u00bb, estime Claude Chaumat.<\/p>\n<p>De Bonsecours au comt\u00e9 de Nottingham, conf\u00e9rence par Claude Chaumat le samedi 29\u00a0novembre \u00e0 15 h \u00e0 la salle Mozart du Chartil, \u00e0 Bonsecours.\u00a0Entr\u00e9e libre.<\/p>\n<p class=\" wall-content\">Personnalisez votre actualit\u00e9 en ajoutant vos villes et m\u00e9dias en favori avec <a href=\"https:\/\/moncompte.actu.fr\" title=\"D\u00e9couvez Mon Actu\" rel=\"nofollow noopener\" data-trk=\"{&quot;cta&quot;:{&quot;action&quot;:&quot;https:\\\/\\\/moncompte.actu.fr&quot;,&quot;category&quot;:&quot;mon compte&quot;,&quot;from&quot;:&quot;article footer&quot;,&quot;name&quot;:&quot;Mon actu&quot;,&quot;type&quot;:&quot;cta&quot;}}\" target=\"_blank\">Mon Actu<\/a>.<\/p>\n","protected":false},"excerpt":{"rendered":"Par R\u00e9daction Normandie Publi\u00e9 le 17 nov. 2025 \u00e0 17h10 L\u2019Abbaye Sainte-Catherine fut l\u2019une des abbayes les plus&hellip;\n","protected":false},"author":2,"featured_media":540637,"comment_status":"","ping_status":"","sticky":false,"template":"","format":"standard","meta":{"footnotes":""},"categories":[9587],"tags":[1111,11,1777,674,1011,27,937,58904,12,5161,2551,25,9590],"class_list":{"0":"post-540636","1":"post","2":"type-post","3":"status-publish","4":"format-standard","5":"has-post-thumbnail","7":"category-rouen","8":"tag-actu","9":"tag-actualites","10":"tag-eu","11":"tag-europe","12":"tag-fr","13":"tag-france","14":"tag-histoire","15":"tag-histoire-patrimoine","16":"tag-news","17":"tag-normandie","18":"tag-patrimoine","19":"tag-republique-francaise","20":"tag-rouen"},"share_on_mastodon":{"url":"https:\/\/pubeurope.com\/@fr\/115566084455565935","error":""},"_links":{"self":[{"href":"https:\/\/www.europesays.com\/fr\/wp-json\/wp\/v2\/posts\/540636","targetHints":{"allow":["GET"]}}],"collection":[{"href":"https:\/\/www.europesays.com\/fr\/wp-json\/wp\/v2\/posts"}],"about":[{"href":"https:\/\/www.europesays.com\/fr\/wp-json\/wp\/v2\/types\/post"}],"author":[{"embeddable":true,"href":"https:\/\/www.europesays.com\/fr\/wp-json\/wp\/v2\/users\/2"}],"replies":[{"embeddable":true,"href":"https:\/\/www.europesays.com\/fr\/wp-json\/wp\/v2\/comments?post=540636"}],"version-history":[{"count":0,"href":"https:\/\/www.europesays.com\/fr\/wp-json\/wp\/v2\/posts\/540636\/revisions"}],"wp:featuredmedia":[{"embeddable":true,"href":"https:\/\/www.europesays.com\/fr\/wp-json\/wp\/v2\/media\/540637"}],"wp:attachment":[{"href":"https:\/\/www.europesays.com\/fr\/wp-json\/wp\/v2\/media?parent=540636"}],"wp:term":[{"taxonomy":"category","embeddable":true,"href":"https:\/\/www.europesays.com\/fr\/wp-json\/wp\/v2\/categories?post=540636"},{"taxonomy":"post_tag","embeddable":true,"href":"https:\/\/www.europesays.com\/fr\/wp-json\/wp\/v2\/tags?post=540636"}],"curies":[{"name":"wp","href":"https:\/\/api.w.org\/{rel}","templated":true}]}}