{"id":540638,"date":"2025-11-17T16:54:25","date_gmt":"2025-11-17T16:54:25","guid":{"rendered":"https:\/\/www.europesays.com\/fr\/540638\/"},"modified":"2025-11-17T16:54:25","modified_gmt":"2025-11-17T16:54:25","slug":"service-public-un-nouveau-parcourscycliste-du-centre-ville-aux-hauts-de-rouen","status":"publish","type":"post","link":"https:\/\/www.europesays.com\/fr\/540638\/","title":{"rendered":"Service public. Un nouveau parcourscycliste du centre-ville aux Hauts de Rouen"},"content":{"rendered":"<p melodystyle=\"texte\">Un parcours cycliste fl\u00e9ch\u00e9 a \u00e9t\u00e9\u00a0mis en place\u00a0par la Ville de Rouen pour faciliter l&rsquo;acc\u00e8s du centre-ville aux Hauts de Rouen, <a href=\"https:\/\/www.tendanceouest.com\/actualite-432938-bon-plan-vous-courez-ou-pedalez-la-nuit-voici-ou-recuperer-gratuitement-votre-equipement-de-securite-en-normandie\" target=\"_blank\" rel=\"nofollow noopener\">avec une pente plus douce et en toute s\u00e9curit\u00e9<\/a>.\u00a0Une initiative laur\u00e9ate du <a href=\"https:\/\/www.tendanceouest.com\/actualite-422841-rouen-mur-vegetal-banc-insolite-terrain-de-petanque-a-vos-votes\" target=\"_blank\" rel=\"nofollow noopener\">Budget Participatif citoyen<\/a> 2023.<\/p>\n<p melodystyle=\"texte\">Deux points de d\u00e9part du centre-ville de Rouen sont propos\u00e9s. L&rsquo;un depuis la place Saint-Marc via la voie de TEOR et l&rsquo;autre depuis la place Saint-Vivien par la rue Saint-Hilaire. Les deux itin\u00e9raires se dirigent tous les deux rue des Petites Eaux de Robec,<a href=\"https:\/\/www.tendanceouest.com\/actualite-430914-bonne-table-a-rouen-des-specialites-italiennes-chez-bambini\" target=\"_blank\" rel=\"nofollow noopener\"> tout en longeant le Robec<\/a>, pour rejoindre\u00a0la rue Grieu et l&rsquo;avenue des 4 Cantons dans les Hauts de Rouen. Le trajet se termine sur l&rsquo;avenue de la Grand&rsquo;Mare, qui sera r\u00e9am\u00e9nag\u00e9e pour inclure une piste cyclable.<\/p>\n","protected":false},"excerpt":{"rendered":"Un parcours cycliste fl\u00e9ch\u00e9 a \u00e9t\u00e9\u00a0mis en place\u00a0par la Ville de Rouen pour faciliter l&rsquo;acc\u00e8s du centre-ville aux&hellip;\n","protected":false},"author":2,"featured_media":540639,"comment_status":"","ping_status":"","sticky":false,"template":"","format":"standard","meta":{"footnotes":""},"categories":[9587],"tags":[1111,11,1777,674,1011,27,12,5161,25,9590],"class_list":{"0":"post-540638","1":"post","2":"type-post","3":"status-publish","4":"format-standard","5":"has-post-thumbnail","7":"category-rouen","8":"tag-actu","9":"tag-actualites","10":"tag-eu","11":"tag-europe","12":"tag-fr","13":"tag-france","14":"tag-news","15":"tag-normandie","16":"tag-republique-francaise","17":"tag-rouen"},"share_on_mastodon":{"url":"https:\/\/pubeurope.com\/@fr\/115566088321208698","error":""},"_links":{"self":[{"href":"https:\/\/www.europesays.com\/fr\/wp-json\/wp\/v2\/posts\/540638","targetHints":{"allow":["GET"]}}],"collection":[{"href":"https:\/\/www.europesays.com\/fr\/wp-json\/wp\/v2\/posts"}],"about":[{"href":"https:\/\/www.europesays.com\/fr\/wp-json\/wp\/v2\/types\/post"}],"author":[{"embeddable":true,"href":"https:\/\/www.europesays.com\/fr\/wp-json\/wp\/v2\/users\/2"}],"replies":[{"embeddable":true,"href":"https:\/\/www.europesays.com\/fr\/wp-json\/wp\/v2\/comments?post=540638"}],"version-history":[{"count":0,"href":"https:\/\/www.europesays.com\/fr\/wp-json\/wp\/v2\/posts\/540638\/revisions"}],"wp:featuredmedia":[{"embeddable":true,"href":"https:\/\/www.europesays.com\/fr\/wp-json\/wp\/v2\/media\/540639"}],"wp:attachment":[{"href":"https:\/\/www.europesays.com\/fr\/wp-json\/wp\/v2\/media?parent=540638"}],"wp:term":[{"taxonomy":"category","embeddable":true,"href":"https:\/\/www.europesays.com\/fr\/wp-json\/wp\/v2\/categories?post=540638"},{"taxonomy":"post_tag","embeddable":true,"href":"https:\/\/www.europesays.com\/fr\/wp-json\/wp\/v2\/tags?post=540638"}],"curies":[{"name":"wp","href":"https:\/\/api.w.org\/{rel}","templated":true}]}}