{"id":540640,"date":"2025-11-17T16:55:13","date_gmt":"2025-11-17T16:55:13","guid":{"rendered":"https:\/\/www.europesays.com\/fr\/540640\/"},"modified":"2025-11-17T16:55:13","modified_gmt":"2025-11-17T16:55:13","slug":"saint-martin-dheres-un-hommage-a-mahamat-saleh-abdellatif-etudiant-disparu","status":"publish","type":"post","link":"https:\/\/www.europesays.com\/fr\/540640\/","title":{"rendered":"Saint-Martin-d&rsquo;H\u00e8res. Un hommage \u00e0 Mahamat Saleh Abdellatif, \u00e9tudiant disparu"},"content":{"rendered":"<p>Jeudi, un silence dense a envelopp\u00e9 la place centrale du campus de Saint-Martin-d\u2019H\u00e8res. Pr\u00e8s de soixante personnes \u2013 enseignants, \u00e9tudiants, personnels de l\u2019Universit\u00e9 Grenoble Alpes, amis et repr\u00e9sentants associatifs \u2013 se sont r\u00e9unies pour rendre hommage \u00e0 Mahamat Saleh Abdellatif, \u00e9tudiant tchadien inscrit \u00e0 l\u2019UFR des humanit\u00e9s (ARSH), disparu en septembre dernier. Cet hommage collectif \u00e9tait voulu par les \u00e9tudiants, les enseignants et la pr\u00e9sidence de l\u2019UGA.<\/p>\n<p>La c\u00e9r\u00e9monie, sobre et digne, a \u00e9t\u00e9 ouverte par plusieurs prises de parole \u00e9voquant la m\u00e9moire d\u2019un jeune homme calme, curieux, profond\u00e9ment spirituel et respect\u00e9 de tous.<\/p>\n","protected":false},"excerpt":{"rendered":"Jeudi, un silence dense a envelopp\u00e9 la place centrale du campus de Saint-Martin-d\u2019H\u00e8res. Pr\u00e8s de soixante personnes \u2013&hellip;\n","protected":false},"author":2,"featured_media":540641,"comment_status":"","ping_status":"","sticky":false,"template":"","format":"standard","meta":{"footnotes":""},"categories":[9566],"tags":[1111,11,2430,112,1777,674,274,1011,27,2731,108,12,25,9448,11264,104],"class_list":{"0":"post-540640","1":"post","2":"type-post","3":"status-publish","4":"format-standard","5":"has-post-thumbnail","7":"category-grenoble","8":"tag-actu","9":"tag-actualites","10":"tag-auvergne-rhone-alpes","11":"tag-edition-grenoble-agglomeration","12":"tag-eu","13":"tag-europe","14":"tag-faits-divers-justice","15":"tag-fr","16":"tag-france","17":"tag-grenoble","18":"tag-isere","19":"tag-news","20":"tag-republique-francaise","21":"tag-saint-martin-dheres","22":"tag-saint-martin-dheres-bassin","23":"tag-societe"},"share_on_mastodon":{"url":"https:\/\/pubeurope.com\/@fr\/115566092370191463","error":""},"_links":{"self":[{"href":"https:\/\/www.europesays.com\/fr\/wp-json\/wp\/v2\/posts\/540640","targetHints":{"allow":["GET"]}}],"collection":[{"href":"https:\/\/www.europesays.com\/fr\/wp-json\/wp\/v2\/posts"}],"about":[{"href":"https:\/\/www.europesays.com\/fr\/wp-json\/wp\/v2\/types\/post"}],"author":[{"embeddable":true,"href":"https:\/\/www.europesays.com\/fr\/wp-json\/wp\/v2\/users\/2"}],"replies":[{"embeddable":true,"href":"https:\/\/www.europesays.com\/fr\/wp-json\/wp\/v2\/comments?post=540640"}],"version-history":[{"count":0,"href":"https:\/\/www.europesays.com\/fr\/wp-json\/wp\/v2\/posts\/540640\/revisions"}],"wp:featuredmedia":[{"embeddable":true,"href":"https:\/\/www.europesays.com\/fr\/wp-json\/wp\/v2\/media\/540641"}],"wp:attachment":[{"href":"https:\/\/www.europesays.com\/fr\/wp-json\/wp\/v2\/media?parent=540640"}],"wp:term":[{"taxonomy":"category","embeddable":true,"href":"https:\/\/www.europesays.com\/fr\/wp-json\/wp\/v2\/categories?post=540640"},{"taxonomy":"post_tag","embeddable":true,"href":"https:\/\/www.europesays.com\/fr\/wp-json\/wp\/v2\/tags?post=540640"}],"curies":[{"name":"wp","href":"https:\/\/api.w.org\/{rel}","templated":true}]}}