{"id":540654,"date":"2025-11-17T17:03:16","date_gmt":"2025-11-17T17:03:16","guid":{"rendered":"https:\/\/www.europesays.com\/fr\/540654\/"},"modified":"2025-11-17T17:03:16","modified_gmt":"2025-11-17T17:03:16","slug":"dans-des-aeroports-les-restos-du-coeur-recuperent-les-denrees-refusees-a-la-securite-liberation","status":"publish","type":"post","link":"https:\/\/www.europesays.com\/fr\/540654\/","title":{"rendered":"dans des a\u00e9roports, les Restos du c\u0153ur r\u00e9cup\u00e8rent les denr\u00e9es refus\u00e9es \u00e0 la s\u00e9curit\u00e9 \u2013 Lib\u00e9ration"},"content":{"rendered":"<p class=\"sc-cPiKLX AiZTS text-element\">Le chariot \u00e0 bagages glisse docilement jusqu\u2019\u00e0 la porte d\u2019embarquement. Il est lest et l\u00e9ger. Car c\u2019est sans valise, ni billet que Jo\u00ebl Martello arrive dans le hall du terminal 2 de l\u2019a\u00e9roport de Nice. Ce vendredi de novembre, le b\u00e9n\u00e9vole aux Restos du c\u0153ur r\u00e9cup\u00e8re les produits intercept\u00e9s lors des fouilles au corps et des filtrages aux rayons X. Ces bouteilles d\u2019eau et ces flacons de parfum, ces huiles d\u2019olive et ces shampoings, sont interdits en cabine. Au lieu de jeter, les passagers peuvent donner. C\u2019est \u00e0 Nice C\u00f4te d\u2019Azur, troisi\u00e8me a\u00e9roport de France, que cette initiative a \u00e9t\u00e9 lanc\u00e9e en 2022, d\u00e9sormais suivie par ceux de Paris. Chaque ann\u00e9e, 120 000 objets sont r\u00e9cup\u00e9r\u00e9s \u00e0 Nice par les Restos du c\u0153ur, qui lancent leur campagne nationale de collecte hivernale ce mardi 18 novembre.<\/p>\n<p class=\"sc-cPiKLX AiZTS text-element\">Cinq grosses caisses alourdissent le chariot. Jo\u00ebl Martello est all\u00e9 les chercher dans \u00ables coulisses de l\u2019a\u00e9roport\u00bb. A l\u2019int\u00e9rieur, on trouve une eau de toilette Jean Paul Gaultier, un d\u00e9odorant pour les pieds, du crabe en bo\u00eete, du pesto en pot, du gel pour les cheveux, de la confiture, des cr\u00e8mes. \u00abC\u2019est une petite r\u00e9colte, expose le pr\u00e9sident d\u00e9partemental des Restos du c\u0153ur, Fran\u00e7ois Chantrait. Comme on est en basse saison, on collecte 700 kilos par semaine.\u00bb Ces dons \u00abtomb\u00e9s du ciel\u00bb montent \u00e0 une tonne en haute saison, entre le Festival de Cannes en mai et l\u2019arriv\u00e9e de l\u2019automne en septembre.<\/p>\n<p class=\"sc-cPiKLX AiZTS text-element\">Car certains passagers ont, avant m\u00eame de d\u00e9coller, un peu la t\u00eate <\/p>\n","protected":false},"excerpt":{"rendered":"Le chariot \u00e0 bagages glisse docilement jusqu\u2019\u00e0 la porte d\u2019embarquement. Il est lest et l\u00e9ger. Car c\u2019est sans&hellip;\n","protected":false},"author":2,"featured_media":540655,"comment_status":"","ping_status":"","sticky":false,"template":"","format":"standard","meta":{"footnotes":""},"categories":[2819],"tags":[1111,11,413,1777,674,1011,27,12,2401,882,25],"class_list":{"0":"post-540654","1":"post","2":"type-post","3":"status-publish","4":"format-standard","5":"has-post-thumbnail","7":"category-nice","8":"tag-actu","9":"tag-actualites","10":"tag-ca-va-mieux-lisant","11":"tag-eu","12":"tag-europe","13":"tag-fr","14":"tag-france","15":"tag-news","16":"tag-nice","17":"tag-provence-alpes-cote-dazur","18":"tag-republique-francaise"},"share_on_mastodon":{"url":"https:\/\/pubeurope.com\/@fr\/115566123766868816","error":""},"_links":{"self":[{"href":"https:\/\/www.europesays.com\/fr\/wp-json\/wp\/v2\/posts\/540654","targetHints":{"allow":["GET"]}}],"collection":[{"href":"https:\/\/www.europesays.com\/fr\/wp-json\/wp\/v2\/posts"}],"about":[{"href":"https:\/\/www.europesays.com\/fr\/wp-json\/wp\/v2\/types\/post"}],"author":[{"embeddable":true,"href":"https:\/\/www.europesays.com\/fr\/wp-json\/wp\/v2\/users\/2"}],"replies":[{"embeddable":true,"href":"https:\/\/www.europesays.com\/fr\/wp-json\/wp\/v2\/comments?post=540654"}],"version-history":[{"count":0,"href":"https:\/\/www.europesays.com\/fr\/wp-json\/wp\/v2\/posts\/540654\/revisions"}],"wp:featuredmedia":[{"embeddable":true,"href":"https:\/\/www.europesays.com\/fr\/wp-json\/wp\/v2\/media\/540655"}],"wp:attachment":[{"href":"https:\/\/www.europesays.com\/fr\/wp-json\/wp\/v2\/media?parent=540654"}],"wp:term":[{"taxonomy":"category","embeddable":true,"href":"https:\/\/www.europesays.com\/fr\/wp-json\/wp\/v2\/categories?post=540654"},{"taxonomy":"post_tag","embeddable":true,"href":"https:\/\/www.europesays.com\/fr\/wp-json\/wp\/v2\/tags?post=540654"}],"curies":[{"name":"wp","href":"https:\/\/api.w.org\/{rel}","templated":true}]}}