{"id":540667,"date":"2025-11-17T17:10:14","date_gmt":"2025-11-17T17:10:14","guid":{"rendered":"https:\/\/www.europesays.com\/fr\/540667\/"},"modified":"2025-11-17T17:10:14","modified_gmt":"2025-11-17T17:10:14","slug":"a-lille-les-voleurs-dune-trottinette-sont-geolocalises-dans-un-appartement-quils-squattent","status":"publish","type":"post","link":"https:\/\/www.europesays.com\/fr\/540667\/","title":{"rendered":"\u00c0 Lille, les voleurs d&rsquo;une trottinette sont g\u00e9olocalis\u00e9s dans un appartement&#8230; qu&rsquo;ils squattent"},"content":{"rendered":"<p>                    Par<br \/>\n        <strong><br \/>\n            <a href=\"https:\/\/actu.fr\/auteur\/margot-nicodeme\" title=\"Consulter tous les articles de Margot Nicod\u00e8me\" rel=\"nofollow noopener\" target=\"_blank\">Margot Nicod\u00e8me<\/a><br \/>\n                    <\/strong><\/p>\n<p>        Publi\u00e9 le<\/p>\n<p>            17 nov. 2025 \u00e0 17h41        <\/p>\n<p>La <a href=\"https:\/\/actu.fr\/tag\/police\" rel=\"nofollow noopener\" target=\"_blank\">police<\/a> de <a href=\"https:\/\/actu.fr\/hauts-de-france\/lille_59350\" rel=\"nofollow noopener\" target=\"_blank\">Lille<\/a> (Nord) est all\u00e9e de surprise en surprise, dimanche 16 novembre 2025. Contact\u00e9e par <b>la victime <a href=\"https:\/\/actu.fr\/hauts-de-france\/tourcoing_59599\/a-tourcoing-il-retrouve-sa-trottinette-volee-en-vente-sur-snap-et-vient-la-chercher-avec-les-policiers_63328265.html\" rel=\"nofollow noopener\" target=\"_blank\">d\u2019un vol de trottinette<\/a><\/b>, les fonctionnaires sont parvenus \u00e0 remonter la trace du deux-roues gr\u00e2ce \u00e0 son syst\u00e8me de g\u00e9olocalisation. Non seulement <b>il n\u2019y avait pas qu\u2019un seul voleur<\/b>, mais en plus les coupables n\u2019avaient <b>aucunement le droit d\u2019\u00eatre l\u00e0 o\u00f9 ils ont \u00e9t\u00e9 trouv\u00e9s<\/b>.<\/p>\n<p>Une trottinette d\u00e9rob\u00e9e \u00e9met un signal dans un logement de Lille\u2026 squatt\u00e9 par les auteurs du vol<\/p>\n<p class=\" wall-content\">En d\u00e9but d\u2019apr\u00e8s-midi, dimanche, les policiers sont contact\u00e9s par une victime, \u00e2g\u00e9e de 18 ans : sa trottinette \u00e9lectrique lui a \u00e9t\u00e9 vol\u00e9e dans la matin\u00e9e, et le syst\u00e8me de g\u00e9olocalisation <b>indique une adresse rue de Fontenoy<\/b> \u00e0 Lille, dans <a href=\"https:\/\/actu.fr\/hauts-de-france\/lille_59350\/a-lille-moulins-un-quartier-pollue-par-les-toxicomanes-un-dealer-ecope-dune-peine-de-prison-ferme_63188192.html\" rel=\"nofollow noopener\" target=\"_blank\">le quartier Moulins<\/a>.<\/p>\n<p>    <a href=\"https:\/\/maps.google.com\/maps?q=50.6207984,3.0689695&amp;z=15&amp;output=embed\" title=\"Ouvrie le lien\" rel=\"nofollow noopener\" target=\"_blank\">Cliquez ici pour visualiser le contenu<\/a><\/p>\n<p class=\" wall-content\">Arriv\u00e9s sur place, les agents font \u00ab\u00a0sonner\u00a0\u00bb la trottinette, et ils entendent le signal jusqu\u2019\u00e0 l\u2019ext\u00e9rieur d\u2019un logement. Ils frappent \u00e0 la porte, un homme leur ouvre. Non seulement la trottinette d\u00e9rob\u00e9e se trouve dans l\u2019appartement, mais ce n\u2019est pas le seul objet suspect : <b>une tablette est \u00e9galement saisie<\/b>.\u00a0<\/p>\n<p class=\" wall-content\">Les trois hommes pr\u00e9sents, \u00e2g\u00e9s de 42 et 37 ans, ne parviennent pas \u00e0 expliquer l\u2019origine du \u00ab\u00a0butin\u00a0\u00bb. L\u2019autre surprise, c\u2019est que le logement occup\u00e9 par les trois camarades ne leur appartient pas : <b>ils le squattent<\/b>. Ils ont \u00e9t\u00e9 interpell\u00e9s et plac\u00e9s en garde \u00e0 vue.<\/p>\n<p class=\" wall-content\">Personnalisez votre actualit\u00e9 en ajoutant vos villes et m\u00e9dias en favori avec <a href=\"https:\/\/moncompte.actu.fr\" title=\"D\u00e9couvez Mon Actu\" rel=\"nofollow noopener\" data-trk=\"{&quot;cta&quot;:{&quot;action&quot;:&quot;https:\\\/\\\/moncompte.actu.fr&quot;,&quot;category&quot;:&quot;mon compte&quot;,&quot;from&quot;:&quot;article footer&quot;,&quot;name&quot;:&quot;Mon actu&quot;,&quot;type&quot;:&quot;cta&quot;}}\" target=\"_blank\">Mon Actu<\/a>.<\/p>\n","protected":false},"excerpt":{"rendered":"Par Margot Nicod\u00e8me Publi\u00e9 le 17 nov. 2025 \u00e0 17h41 La police de Lille (Nord) est all\u00e9e de&hellip;\n","protected":false},"author":2,"featured_media":540668,"comment_status":"","ping_status":"","sticky":false,"template":"","format":"standard","meta":{"footnotes":""},"categories":[2815],"tags":[1111,11,1777,674,118,1011,27,811,1307,12,1072,25,6960],"class_list":{"0":"post-540667","1":"post","2":"type-post","3":"status-publish","4":"format-standard","5":"has-post-thumbnail","7":"category-lille","8":"tag-actu","9":"tag-actualites","10":"tag-eu","11":"tag-europe","12":"tag-faits-divers","13":"tag-fr","14":"tag-france","15":"tag-hauts-de-france","16":"tag-lille","17":"tag-news","18":"tag-police","19":"tag-republique-francaise","20":"tag-trottinette-electrique"},"share_on_mastodon":{"url":"https:\/\/pubeurope.com\/@fr\/115566151318853817","error":""},"_links":{"self":[{"href":"https:\/\/www.europesays.com\/fr\/wp-json\/wp\/v2\/posts\/540667","targetHints":{"allow":["GET"]}}],"collection":[{"href":"https:\/\/www.europesays.com\/fr\/wp-json\/wp\/v2\/posts"}],"about":[{"href":"https:\/\/www.europesays.com\/fr\/wp-json\/wp\/v2\/types\/post"}],"author":[{"embeddable":true,"href":"https:\/\/www.europesays.com\/fr\/wp-json\/wp\/v2\/users\/2"}],"replies":[{"embeddable":true,"href":"https:\/\/www.europesays.com\/fr\/wp-json\/wp\/v2\/comments?post=540667"}],"version-history":[{"count":0,"href":"https:\/\/www.europesays.com\/fr\/wp-json\/wp\/v2\/posts\/540667\/revisions"}],"wp:featuredmedia":[{"embeddable":true,"href":"https:\/\/www.europesays.com\/fr\/wp-json\/wp\/v2\/media\/540668"}],"wp:attachment":[{"href":"https:\/\/www.europesays.com\/fr\/wp-json\/wp\/v2\/media?parent=540667"}],"wp:term":[{"taxonomy":"category","embeddable":true,"href":"https:\/\/www.europesays.com\/fr\/wp-json\/wp\/v2\/categories?post=540667"},{"taxonomy":"post_tag","embeddable":true,"href":"https:\/\/www.europesays.com\/fr\/wp-json\/wp\/v2\/tags?post=540667"}],"curies":[{"name":"wp","href":"https:\/\/api.w.org\/{rel}","templated":true}]}}