{"id":540674,"date":"2025-11-17T17:14:14","date_gmt":"2025-11-17T17:14:14","guid":{"rendered":"https:\/\/www.europesays.com\/fr\/540674\/"},"modified":"2025-11-17T17:14:14","modified_gmt":"2025-11-17T17:14:14","slug":"metropole-de-lyon-logements-commerces-parcs-tout-savoir-sur-le-futur-quartier-de-la-saulaie-a-oullins-pierre-benite","status":"publish","type":"post","link":"https:\/\/www.europesays.com\/fr\/540674\/","title":{"rendered":"M\u00e9tropole de Lyon. Logements, commerces, parcs&#8230; Tout savoir sur le futur quartier de la Saulaie\u00a0\u00e0 Oullins-Pierre-B\u00e9nite"},"content":{"rendered":"<p>                            De quoi parle-t-on exactement\u00a0?<\/p>\n<p>40 hectares, dont 20 am\u00e9nag\u00e9s en ZAC sur les communes d\u2019Oullins-Pierre-B\u00e9nite et de la Mulati\u00e8re\u00a0: un projet d\u2019envergure, men\u00e9 par la M\u00e9tropole de Lyon, en grande partie sur les anciennes friches industrielles de la SNCF. Au total, on comptera 870 nouveaux logements, mais aussi des parcs, des \u00e9quipements publics, des commerces, des entreprises,\u00a0etc.<\/p>\n<p>Ce sera une ZAC avec un grand parc le long de la voie ferr\u00e9e, \u00e0 vocation sportive, un autre le long des berges, et un r\u00e9seau de petits espaces publics, venelles entre \u00eelots, places et parcs : le square Jean-Jaur\u00e8s sera requalifi\u00e9 pour recevoir des jeux pour enfants.<\/p>\n<p>Pourquoi autant de temps avant le d\u00e9but des travaux\u00a0?<\/p>\n<p>La Serl a \u00e9t\u00e9 d\u00e9sign\u00e9e comme am\u00e9nageur en 2020, les consultations ayant eu lieu en 2018.<\/p>\n<p>\u00ab\u00a0Il a fallu tout un mandat pour d\u00e9signer un architecte en chef, faire l\u2019\u00e9tude de&#8230;<\/p>\n","protected":false},"excerpt":{"rendered":"De quoi parle-t-on exactement\u00a0? 40 hectares, dont 20 am\u00e9nag\u00e9s en ZAC sur les communes d\u2019Oullins-Pierre-B\u00e9nite et de la&hellip;\n","protected":false},"author":2,"featured_media":540675,"comment_status":"","ping_status":"","sticky":false,"template":"","format":"standard","meta":{"footnotes":""},"categories":[1889],"tags":[1111,11,2430,33,2757,3154,436,1777,674,1011,27,1116,1908,2428,12,15665,15666,25,104],"class_list":{"0":"post-540674","1":"post","2":"type-post","3":"status-publish","4":"format-standard","5":"has-post-thumbnail","7":"category-lyon","8":"tag-actu","9":"tag-actualites","10":"tag-auvergne-rhone-alpes","11":"tag-economie","12":"tag-edition-lyon-villeurbanne","13":"tag-edition-sud-lyonnais","14":"tag-environnement","15":"tag-eu","16":"tag-europe","17":"tag-fr","18":"tag-france","19":"tag-immobilier","20":"tag-logement","21":"tag-lyon","22":"tag-news","23":"tag-oullins-pierre-benite","24":"tag-oullins-ville","25":"tag-republique-francaise","26":"tag-societe"},"share_on_mastodon":{"url":"https:\/\/pubeurope.com\/@fr\/115566166960641016","error":""},"_links":{"self":[{"href":"https:\/\/www.europesays.com\/fr\/wp-json\/wp\/v2\/posts\/540674","targetHints":{"allow":["GET"]}}],"collection":[{"href":"https:\/\/www.europesays.com\/fr\/wp-json\/wp\/v2\/posts"}],"about":[{"href":"https:\/\/www.europesays.com\/fr\/wp-json\/wp\/v2\/types\/post"}],"author":[{"embeddable":true,"href":"https:\/\/www.europesays.com\/fr\/wp-json\/wp\/v2\/users\/2"}],"replies":[{"embeddable":true,"href":"https:\/\/www.europesays.com\/fr\/wp-json\/wp\/v2\/comments?post=540674"}],"version-history":[{"count":0,"href":"https:\/\/www.europesays.com\/fr\/wp-json\/wp\/v2\/posts\/540674\/revisions"}],"wp:featuredmedia":[{"embeddable":true,"href":"https:\/\/www.europesays.com\/fr\/wp-json\/wp\/v2\/media\/540675"}],"wp:attachment":[{"href":"https:\/\/www.europesays.com\/fr\/wp-json\/wp\/v2\/media?parent=540674"}],"wp:term":[{"taxonomy":"category","embeddable":true,"href":"https:\/\/www.europesays.com\/fr\/wp-json\/wp\/v2\/categories?post=540674"},{"taxonomy":"post_tag","embeddable":true,"href":"https:\/\/www.europesays.com\/fr\/wp-json\/wp\/v2\/tags?post=540674"}],"curies":[{"name":"wp","href":"https:\/\/api.w.org\/{rel}","templated":true}]}}