{"id":540676,"date":"2025-11-17T17:15:22","date_gmt":"2025-11-17T17:15:22","guid":{"rendered":"https:\/\/www.europesays.com\/fr\/540676\/"},"modified":"2025-11-17T17:15:22","modified_gmt":"2025-11-17T17:15:22","slug":"ils-demandent-larret-des-travaux-mais-la-metropole-persiste-et-signe","status":"publish","type":"post","link":"https:\/\/www.europesays.com\/fr\/540676\/","title":{"rendered":"ils demandent l\u2019arr\u00eat des travaux mais la M\u00e9tropole persiste et signe"},"content":{"rendered":"<p>Fin juin, la d\u00e9cision de la M\u00e9tropole de poursuivre l\u2019exp\u00e9rimentation \u00ab\u00a0Rockefeller \u00e0 sens unique entre les boulevards Pinel et Ambroise-Par\u00e9\u00a0\u00bb avait provoqu\u00e9 col\u00e8re et incompr\u00e9hension au sein de l\u2019association J\u2019aime Montchat. Mise en place depuis 2024, cette exp\u00e9rimentation, r\u00e9alis\u00e9e dans le cadre de la cr\u00e9ation de la Voie Lyonnaise 12 (9e arrondissement\/Bron) n\u2019avait pas tard\u00e9 \u00ab\u00a0\u00e0 montrer de nombreuses failles\u00a0\u00bb, selon les membres de l\u2019association.<\/p>\n<p>Parmi elles, un cadre vie d\u00e9t\u00e9rior\u00e9 avec le report de circulation dans les petites rues adjacentes des quartiers Montchat (3 e ), Mermoz (8 e ) et celui des Essarts \u00e0 Bron\u00a0; l\u2019acc\u00e8s beaucoup moins rapide aux 9 \u00e9tablissements de soins qui jalonnent l\u2019avenue. Plus globalement, cette mise en sens unique \u00ab\u00a0p\u00e9nalise fortement les conditions d\u2019entr\u00e9e dans Lyon des&#8230;<\/p>\n","protected":false},"excerpt":{"rendered":"Fin juin, la d\u00e9cision de la M\u00e9tropole de poursuivre l\u2019exp\u00e9rimentation \u00ab\u00a0Rockefeller \u00e0 sens unique entre les boulevards Pinel&hellip;\n","protected":false},"author":2,"featured_media":540677,"comment_status":"","ping_status":"","sticky":false,"template":"","format":"standard","meta":{"footnotes":""},"categories":[1889],"tags":[1111,11,2430,3542,2757,1777,674,1011,27,2428,2756,12,25,2429,2803],"class_list":{"0":"post-540676","1":"post","2":"type-post","3":"status-publish","4":"format-standard","5":"has-post-thumbnail","7":"category-lyon","8":"tag-actu","9":"tag-actualites","10":"tag-auvergne-rhone-alpes","11":"tag-circulation","12":"tag-edition-lyon-villeurbanne","13":"tag-eu","14":"tag-europe","15":"tag-fr","16":"tag-france","17":"tag-lyon","18":"tag-lyon-bassin","19":"tag-news","20":"tag-republique-francaise","21":"tag-rhone","22":"tag-transport"},"share_on_mastodon":{"url":"https:\/\/pubeurope.com\/@fr\/115566170826983657","error":""},"_links":{"self":[{"href":"https:\/\/www.europesays.com\/fr\/wp-json\/wp\/v2\/posts\/540676","targetHints":{"allow":["GET"]}}],"collection":[{"href":"https:\/\/www.europesays.com\/fr\/wp-json\/wp\/v2\/posts"}],"about":[{"href":"https:\/\/www.europesays.com\/fr\/wp-json\/wp\/v2\/types\/post"}],"author":[{"embeddable":true,"href":"https:\/\/www.europesays.com\/fr\/wp-json\/wp\/v2\/users\/2"}],"replies":[{"embeddable":true,"href":"https:\/\/www.europesays.com\/fr\/wp-json\/wp\/v2\/comments?post=540676"}],"version-history":[{"count":0,"href":"https:\/\/www.europesays.com\/fr\/wp-json\/wp\/v2\/posts\/540676\/revisions"}],"wp:featuredmedia":[{"embeddable":true,"href":"https:\/\/www.europesays.com\/fr\/wp-json\/wp\/v2\/media\/540677"}],"wp:attachment":[{"href":"https:\/\/www.europesays.com\/fr\/wp-json\/wp\/v2\/media?parent=540676"}],"wp:term":[{"taxonomy":"category","embeddable":true,"href":"https:\/\/www.europesays.com\/fr\/wp-json\/wp\/v2\/categories?post=540676"},{"taxonomy":"post_tag","embeddable":true,"href":"https:\/\/www.europesays.com\/fr\/wp-json\/wp\/v2\/tags?post=540676"}],"curies":[{"name":"wp","href":"https:\/\/api.w.org\/{rel}","templated":true}]}}