{"id":540680,"date":"2025-11-17T17:18:14","date_gmt":"2025-11-17T17:18:14","guid":{"rendered":"https:\/\/www.europesays.com\/fr\/540680\/"},"modified":"2025-11-17T17:18:14","modified_gmt":"2025-11-17T17:18:14","slug":"une-partie-du-louvre-doit-fermer-en-urgence-pour-des-raisons-de-securite","status":"publish","type":"post","link":"https:\/\/www.europesays.com\/fr\/540680\/","title":{"rendered":"une partie du Louvre doit fermer en urgence pour des raisons de s\u00e9curit\u00e9"},"content":{"rendered":"<p>                    Par<br \/>\n        <strong><br \/>\n            <a href=\"https:\/\/actu.fr\/auteur\/thomas-rideau\" title=\"Consulter tous les articles de Thomas Rideau\" target=\"_blank\" rel=\"noopener\">Thomas Rideau<\/a><br \/>\n                    <\/strong><\/p>\n<p>        Publi\u00e9 le<\/p>\n<p>            17 nov. 2025 \u00e0 17h28        <\/p>\n<p>Le mus\u00e9e du <a href=\"https:\/\/actu.fr\/tag\/musee-du-louvre\" target=\"_blank\" rel=\"noopener\">Louvre<\/a>, \u00e0 Paris, doit \u00eatre en partie ferm\u00e9 pour des raisons de s\u00e9curit\u00e9. Apr\u00e8s les <a href=\"https:\/\/actu.fr\/ile-de-france\/paris_75056\/cambriolage-au-louvre-un-commando-de-quatre-personnes-activement-recherche-la-piste-du-grand-banditisme_63321753.html\" target=\"_blank\" rel=\"noopener\">turbulences li\u00e9es au cambriolage<\/a> du dimanche 19\u00a0octobre 2025, le plus grand mus\u00e9e de France n\u2019en a pas tout \u00e0 fait termin\u00e9 <strong>avec les ennuis<\/strong>. Ce lundi 17\u00a0novembre, il vient d\u2019annoncer par communiqu\u00e9 \u00eatre dans l\u2019obligation de fermer une aile enti\u00e8re.<\/p>\n<p>\u00ab\u2009Les planchers du deuxi\u00e8me \u00e9tage pr\u00e9sentent des faiblesses\u2009\u00bb<\/p>\n<p class=\" wall-content\">Il s\u2019agit de la galerie Campana, situ\u00e9e au premier \u00e9tage de l\u2019aile sud. Une aile dans laquelle on retrouve notamment des objets en c\u00e9ramiques. D\u00e9crite par le mus\u00e9e lui-m\u00eame comme \u00ab\u2009l\u2019univers du vase grec\u2009\u00bb, cette galerie inaugur\u00e9e en 1863 doit donc fermer au public ce jour.<\/p>\n<p class=\" wall-content\">Et c\u2019est en r\u00e9alit\u00e9 une <strong>victime collat\u00e9rale<\/strong> d\u2019une faiblesse structurelle du deuxi\u00e8me \u00e9tage de cette m\u00eame aile. \u00ab\u2009Les planchers du deuxi\u00e8me \u00e9tage de cette aile pr\u00e9sentent des faiblesses\u2009\u00bb, pr\u00e9cise le mus\u00e9e. Un \u00e9tage dans lequel se trouvent des bureaux des agents du Louvre. \u00ab\u2009Dans le contexte des cycles de diagnostics lanc\u00e9s par l\u2019\u00e9tablissement public du mus\u00e9e du Louvre (EPML) concernant particuli\u00e8rement le quadrilat\u00e8re Sully [dans lequel se trouve la galerie Campana], <strong>un nouveau rapport<\/strong> d\u2019un bureau d\u2019\u00e9tudes techniques a \u00e9t\u00e9 remis ce vendredi 14\u00a0novembre 2025\u2009\u00bb, indique le mus\u00e9e.<\/p>\n<p>Les agents vont devoir quitter les bureaux<\/p>\n<p class=\" wall-content\">\u00ab\u2009Du fait <strong>d\u2019\u00e9volutions r\u00e9centes et impr\u00e9visibles<\/strong>, ce rapport alerte l\u2019\u00e9tablissement public du mus\u00e9e du Louvre sur la particuli\u00e8re fragilit\u00e9 de certaines poutres portant les planchers du deuxi\u00e8me \u00e9tage de l\u2019aile sud.\u2009\u00bb<\/p>\n<p class=\" wall-content\">\u00ab\u2009\u00c0 la lecture de ce rapport et sur les recommandations de l\u2019architecte en chef des monuments historiques charg\u00e9 du palais du Louvre,<strong> la direction du mus\u00e9e a d\u00e9cid\u00e9 de neutraliser l\u2019acc\u00e8s<\/strong> aux bureaux du deuxi\u00e8me \u00e9tage. Soixante-cinq agents du mus\u00e9e seront donc amen\u00e9s \u00e0 quitter leur bureau au cours des trois prochains jours\u2009\u00bb, d\u00e9plore l\u2019\u00e9tablissement.<\/p>\n<p class=\" wall-content\">La dur\u00e9e de la fermeture n\u2019a pas \u00e9t\u00e9 pr\u00e9cis\u00e9e. Mais celle-ci doit durer le temps que des investigations soient men\u00e9es sur la fragilit\u00e9 de cette aile.<\/p>\n<p class=\" wall-content\">Personnalisez votre actualit\u00e9 en ajoutant vos villes et m\u00e9dias en favori avec <a href=\"https:\/\/moncompte.actu.fr\" title=\"D\u00e9couvez Mon Actu\" rel=\"nofollow noopener\" data-trk=\"{&quot;cta&quot;:{&quot;action&quot;:&quot;https:\\\/\\\/moncompte.actu.fr&quot;,&quot;category&quot;:&quot;mon compte&quot;,&quot;from&quot;:&quot;article footer&quot;,&quot;name&quot;:&quot;Mon actu&quot;,&quot;type&quot;:&quot;cta&quot;}}\" target=\"_blank\">Mon Actu<\/a>.<\/p>\n","protected":false},"excerpt":{"rendered":"Par Thomas Rideau Publi\u00e9 le 17 nov. 2025 \u00e0 17h28 Le mus\u00e9e du Louvre, \u00e0 Paris, doit \u00eatre&hellip;\n","protected":false},"author":2,"featured_media":540681,"comment_status":"","ping_status":"","sticky":false,"template":"","format":"standard","meta":{"footnotes":""},"categories":[1888],"tags":[1111,1928,11,1927,1777,674,118,1011,27,3094,12,1926,626,1925,62201,25],"class_list":{"0":"post-540680","1":"post","2":"type-post","3":"status-publish","4":"format-standard","5":"has-post-thumbnail","7":"category-paris","8":"tag-actu","9":"tag-actu-paris","10":"tag-actualites","11":"tag-actualites-paris","12":"tag-eu","13":"tag-europe","14":"tag-faits-divers","15":"tag-fr","16":"tag-france","17":"tag-musee-du-louvre","18":"tag-news","19":"tag-news-paris","20":"tag-paris","21":"tag-paris-news","22":"tag-quartier-du-louvre-rivoli","23":"tag-republique-francaise"},"share_on_mastodon":{"url":"https:\/\/pubeurope.com\/@fr\/115566182681610566","error":""},"_links":{"self":[{"href":"https:\/\/www.europesays.com\/fr\/wp-json\/wp\/v2\/posts\/540680","targetHints":{"allow":["GET"]}}],"collection":[{"href":"https:\/\/www.europesays.com\/fr\/wp-json\/wp\/v2\/posts"}],"about":[{"href":"https:\/\/www.europesays.com\/fr\/wp-json\/wp\/v2\/types\/post"}],"author":[{"embeddable":true,"href":"https:\/\/www.europesays.com\/fr\/wp-json\/wp\/v2\/users\/2"}],"replies":[{"embeddable":true,"href":"https:\/\/www.europesays.com\/fr\/wp-json\/wp\/v2\/comments?post=540680"}],"version-history":[{"count":0,"href":"https:\/\/www.europesays.com\/fr\/wp-json\/wp\/v2\/posts\/540680\/revisions"}],"wp:featuredmedia":[{"embeddable":true,"href":"https:\/\/www.europesays.com\/fr\/wp-json\/wp\/v2\/media\/540681"}],"wp:attachment":[{"href":"https:\/\/www.europesays.com\/fr\/wp-json\/wp\/v2\/media?parent=540680"}],"wp:term":[{"taxonomy":"category","embeddable":true,"href":"https:\/\/www.europesays.com\/fr\/wp-json\/wp\/v2\/categories?post=540680"},{"taxonomy":"post_tag","embeddable":true,"href":"https:\/\/www.europesays.com\/fr\/wp-json\/wp\/v2\/tags?post=540680"}],"curies":[{"name":"wp","href":"https:\/\/api.w.org\/{rel}","templated":true}]}}