{"id":540688,"date":"2025-11-17T17:22:16","date_gmt":"2025-11-17T17:22:16","guid":{"rendered":"https:\/\/www.europesays.com\/fr\/540688\/"},"modified":"2025-11-17T17:22:16","modified_gmt":"2025-11-17T17:22:16","slug":"dix-regions-plongees-dans-lombre-numerique","status":"publish","type":"post","link":"https:\/\/www.europesays.com\/fr\/540688\/","title":{"rendered":"dix r\u00e9gions plong\u00e9es dans l\u2019ombre num\u00e9rique"},"content":{"rendered":"\n<p>Quatre r\u00e9gions du district f\u00e9d\u00e9ral du Centre se sont retrouv\u00e9es priv\u00e9es d\u2019acc\u00e8s aux services de l\u2019entreprise de t\u00e9l\u00e9communication Rostelecom, <a class=\"ithalc\" data-ithal=\"lien_externe\" data-ithalc=\"[nav_article]\" target=\"_blank\" href=\"https:\/\/www.kommersant.ru\/doc\/8209789\" rel=\"nofollow noopener\">a rapport\u00e9 samedi 15\u00a0novembre le quotidien russe <strong>Kommersant<\/strong><\/a><strong>.<\/strong> Situ\u00e9s dans la partie occidentale du pays, les oblasts de Iaroslavl, Ivanovo, Kostroma et Vladimir ont ainsi constat\u00e9 \u201cdes probl\u00e8mes avec la t\u00e9l\u00e9vision\u201d \u2013\u00a0li\u00e9s, selon le service de communication de la soci\u00e9t\u00e9, \u00e0 \u201cun accident caus\u00e9 par des tiers\u201d. Dimanche matin, <a class=\"ithalc\" data-ithal=\"lien_externe\" data-ithalc=\"[nav_article]\" target=\"_blank\" href=\"https:\/\/ria.ru\/20251116\/internet-2055274935.html\" rel=\"nofollow noopener\">l\u2019agence d\u2019\u00c9tat <strong>Ria Novosti<\/strong><\/a> a publi\u00e9 une courte explication technique communiqu\u00e9e par Rostelecom et indiqu\u00e9 que \u201ctous les d\u00e9g\u00e2ts ont \u00e9t\u00e9 r\u00e9par\u00e9s\u201d.<\/p>\n<p>Dans le m\u00eame temps, <a class=\"ithalc\" data-ithal=\"lien_externe\" data-ithalc=\"[nav_article]\" target=\"_blank\" href=\"https:\/\/www.moscowtimes.ru\/2025\/11\/16\/vrossii-nachalis-pereboi-sprovodnim-internetom-a180179\" rel=\"nofollow noopener\"><strong>The Moscow Times<\/strong> indiquait<\/a> que ces suspensions concernaient en r\u00e9alit\u00e9 une dizaine de r\u00e9gions\u00a0: s\u2019appuyant sur des t\u00e9moignages recueillis \u00e0 travers le pays, ce m\u00e9dia en exil rapportait des cas similaires dans d\u2019autres r\u00e9gions de Russie occidentale, mais aussi dans les oblasts de Samara et Tcheliabinsk. Selon le Moscow Times, ces coupures de l\u2019Internet filaire interviennent \u201capr\u00e8s que le pr\u00e9sident russe, Vladimir Poutine, a tenu une r\u00e9union op\u00e9rationnelle avec les membres du Conseil de s\u00e9curit\u00e9 sur la \u2018lutte contre les crimes commis \u00e0 l\u2019aide des technologies de l\u2019information et des communications\u2019\u201d, le 14\u00a0novembre.<\/p>\n<p>La soci\u00e9t\u00e9 Rostelecom interconnecte les r\u00e9se<\/p>\n","protected":false},"excerpt":{"rendered":"Quatre r\u00e9gions du district f\u00e9d\u00e9ral du Centre se sont retrouv\u00e9es priv\u00e9es d\u2019acc\u00e8s aux services de l\u2019entreprise de t\u00e9l\u00e9communication&hellip;\n","protected":false},"author":2,"featured_media":540689,"comment_status":"","ping_status":"","sticky":false,"template":"","format":"standard","meta":{"footnotes":""},"categories":[1591],"tags":[11,674,1887,310,12,1885,1886,132,1857,65882],"class_list":{"0":"post-540688","1":"post","2":"type-post","3":"status-publish","4":"format-standard","5":"has-post-thumbnail","7":"category-russie","8":"tag-actualites","9":"tag-europe","10":"tag-federation-de-russie","11":"tag-internet","12":"tag-news","13":"tag-russia","14":"tag-russian-federation","15":"tag-russie","16":"tag-sociu00e9tu00e9","17":"tag-tu00e9lu00e9communications"},"share_on_mastodon":{"url":"https:\/\/pubeurope.com\/@fr\/115566198437483275","error":""},"_links":{"self":[{"href":"https:\/\/www.europesays.com\/fr\/wp-json\/wp\/v2\/posts\/540688","targetHints":{"allow":["GET"]}}],"collection":[{"href":"https:\/\/www.europesays.com\/fr\/wp-json\/wp\/v2\/posts"}],"about":[{"href":"https:\/\/www.europesays.com\/fr\/wp-json\/wp\/v2\/types\/post"}],"author":[{"embeddable":true,"href":"https:\/\/www.europesays.com\/fr\/wp-json\/wp\/v2\/users\/2"}],"replies":[{"embeddable":true,"href":"https:\/\/www.europesays.com\/fr\/wp-json\/wp\/v2\/comments?post=540688"}],"version-history":[{"count":0,"href":"https:\/\/www.europesays.com\/fr\/wp-json\/wp\/v2\/posts\/540688\/revisions"}],"wp:featuredmedia":[{"embeddable":true,"href":"https:\/\/www.europesays.com\/fr\/wp-json\/wp\/v2\/media\/540689"}],"wp:attachment":[{"href":"https:\/\/www.europesays.com\/fr\/wp-json\/wp\/v2\/media?parent=540688"}],"wp:term":[{"taxonomy":"category","embeddable":true,"href":"https:\/\/www.europesays.com\/fr\/wp-json\/wp\/v2\/categories?post=540688"},{"taxonomy":"post_tag","embeddable":true,"href":"https:\/\/www.europesays.com\/fr\/wp-json\/wp\/v2\/tags?post=540688"}],"curies":[{"name":"wp","href":"https:\/\/api.w.org\/{rel}","templated":true}]}}