{"id":540692,"date":"2025-11-17T17:24:17","date_gmt":"2025-11-17T17:24:17","guid":{"rendered":"https:\/\/www.europesays.com\/fr\/540692\/"},"modified":"2025-11-17T17:24:17","modified_gmt":"2025-11-17T17:24:17","slug":"usa-le-vice-president-de-la-fed-met-en-garde-contre-une-baisse-des-taux-trop-rapide","status":"publish","type":"post","link":"https:\/\/www.europesays.com\/fr\/540692\/","title":{"rendered":"USA : le vice-pr\u00e9sident de la Fed met en garde contre une baisse des taux trop rapide"},"content":{"rendered":"<p>\n     Par Nick Timiraos <\/p>\n<p>     Le risque d&rsquo;une inflation persistante et d&rsquo;un affaiblissement des conditions d&#8217;emploi aux Etats-Unis \u00ab\u00a0souligne la n\u00e9cessit\u00e9 de proc\u00e9der lentement\u00a0\u00bb en mati\u00e8re de baisse des taux, a d\u00e9clar\u00e9 lundi le vice-pr\u00e9sident de la R\u00e9serve f\u00e9d\u00e9rale, Philip Jefferson. <\/p>\n<p>     Jefferson a fait ce commentaire dans un discours pr\u00e9par\u00e9 pour une discussion \u00e0 Kansas City, dans le Missouri. Au-del\u00e0 de cette observation, ses remarques n&rsquo;ont gu\u00e8re plaid\u00e9 en faveur d&rsquo;une baisse du taux directeur lors de la prochaine r\u00e9union de la Fed, ni en faveur d&rsquo;un arr\u00eat des baisses de taux par la Fed. <\/p>\n<p>     En tant que membre de l&rsquo;\u00e9quipe de direction du pr\u00e9sident Jerome Powell, Jefferson a g\u00e9n\u00e9ralement utilis\u00e9 sa position pour se faire l&rsquo;\u00e9cho des opinions de Powell. <\/p>\n<p>     Les attentes d&rsquo;une baisse des taux par la Fed lors de sa r\u00e9union des 9 et 10 d\u00e9cembre ont diminu\u00e9 ces derni\u00e8res semaines, ce qui est inhabituel pour une p\u00e9riode sans publication d&rsquo;indicateurs \u00e9conomiques majeurs. La probabilit\u00e9 d&rsquo;une baisse du taux directeur implicite sur les march\u00e9s s&rsquo;\u00e9levait \u00e0 moins de 45% avant l&rsquo;intervention de Jefferson lundi matin, contre 60% il y a une semaine et 90% au moment de la r\u00e9union des 28 et 29 octobre, selon CME Group. <\/p>\n<p>     Jefferson a r\u00e9it\u00e9r\u00e9 ses opinions ant\u00e9rieures selon lesquelles les taux d&rsquo;int\u00e9r\u00eat se situent toujours \u00e0 un niveau \u00ab\u00a0quelque peu restrictif\u00a0\u00bb qui p\u00e8sera sur la croissance \u00e9conomique &#8211; mais que les r\u00e9centes baisses ont rapproch\u00e9 les taux d&rsquo;un niveau neutre qui ne stimule ni ne ralentit l&rsquo;activit\u00e9 \u00e9conomique. <\/p>\n<p>     Les responsables de la Fed sont divis\u00e9s sur l&rsquo;opportunit\u00e9 d&rsquo;une nouvelle baisse des taux, ce qui augmente la probabilit\u00e9 que la d\u00e9cision du mois prochain fasse l&rsquo;objet de nombreux votes dissidents. <\/p>\n<p>     Plusieurs responsables de la Fed qui avaient soutenu les baisses du taux directeur en septembre et en octobre ont signal\u00e9 la semaine derni\u00e8re qu&rsquo;ils s&rsquo;opposeraient \u00e0 de nouvelles r\u00e9ductions, sauf si des donn\u00e9es probantes montrent que le march\u00e9 de l&#8217;emploi se d\u00e9t\u00e9riore ou que l&rsquo;inflation s&rsquo;am\u00e9liore. Il n&rsquo;est pas certain que des donn\u00e9es seront disponibles avant la prochaine r\u00e9union de la Fed. <\/p>\n<p>     \u00ab\u00a0J&rsquo;adopte toujours une approche r\u00e9union par r\u00e9union. C&rsquo;est une approche particuli\u00e8rement prudente en ce moment\u00a0\u00bb, a d\u00e9clar\u00e9 Jefferson. <\/p>\n<p>     Cet article fait partie de l&rsquo;actualit\u00e9 couverte en direct par le Wall Street Journal. Vous pouvez acc\u00e9der au flux d&rsquo;information complet en recherchant P\/WSJL (WSJ Live Coverage). <\/p>\n<p>     Cet article a \u00e9t\u00e9 traduit automatiquement de l&rsquo;anglais vers le fran\u00e7ais par une technologie d&rsquo;intelligence artificielle. La version anglaise doit \u00eatre consid\u00e9r\u00e9e comme la version officielle de cet article. Veuillez envoyer un courriel \u00e0 service@dowjones.com si vous avez des commentaires sur cette traduction. <\/p>\n<p>     DNCO20251117004943 <\/p>\n<p>     (END) Dow Jones Newswires <\/p>\n<p>     November 17, 2025 09:31 ET (14:31 GMT) <\/p>\n<p>\n  (END) Dow Jones Newswires<\/p>\n<p>  November 17, 2025 11:32 ET (16:32 GMT)<\/p>\n","protected":false},"excerpt":{"rendered":"Par Nick Timiraos Le risque d&rsquo;une inflation persistante et d&rsquo;un affaiblissement des conditions d&#8217;emploi aux Etats-Unis \u00ab\u00a0souligne la&hellip;\n","protected":false},"author":2,"featured_media":2490,"comment_status":"","ping_status":"","sticky":false,"template":"","format":"standard","meta":{"footnotes":""},"categories":[1589],"tags":[11,340,73,1866,12,1864,1865,1863,308],"class_list":{"0":"post-540692","1":"post","2":"type-post","3":"status-publish","4":"format-standard","5":"has-post-thumbnail","7":"category-etats-unis","8":"tag-actualites","9":"tag-bourse","10":"tag-etats-unis","11":"tag-etats-unis-damerique","12":"tag-news","13":"tag-united-states","14":"tag-united-states-of-america","15":"tag-us","16":"tag-usa"},"share_on_mastodon":{"url":"https:\/\/pubeurope.com\/@fr\/115566206611430467","error":""},"_links":{"self":[{"href":"https:\/\/www.europesays.com\/fr\/wp-json\/wp\/v2\/posts\/540692","targetHints":{"allow":["GET"]}}],"collection":[{"href":"https:\/\/www.europesays.com\/fr\/wp-json\/wp\/v2\/posts"}],"about":[{"href":"https:\/\/www.europesays.com\/fr\/wp-json\/wp\/v2\/types\/post"}],"author":[{"embeddable":true,"href":"https:\/\/www.europesays.com\/fr\/wp-json\/wp\/v2\/users\/2"}],"replies":[{"embeddable":true,"href":"https:\/\/www.europesays.com\/fr\/wp-json\/wp\/v2\/comments?post=540692"}],"version-history":[{"count":0,"href":"https:\/\/www.europesays.com\/fr\/wp-json\/wp\/v2\/posts\/540692\/revisions"}],"wp:featuredmedia":[{"embeddable":true,"href":"https:\/\/www.europesays.com\/fr\/wp-json\/wp\/v2\/media\/2490"}],"wp:attachment":[{"href":"https:\/\/www.europesays.com\/fr\/wp-json\/wp\/v2\/media?parent=540692"}],"wp:term":[{"taxonomy":"category","embeddable":true,"href":"https:\/\/www.europesays.com\/fr\/wp-json\/wp\/v2\/categories?post=540692"},{"taxonomy":"post_tag","embeddable":true,"href":"https:\/\/www.europesays.com\/fr\/wp-json\/wp\/v2\/tags?post=540692"}],"curies":[{"name":"wp","href":"https:\/\/api.w.org\/{rel}","templated":true}]}}