{"id":540694,"date":"2025-11-17T17:26:17","date_gmt":"2025-11-17T17:26:17","guid":{"rendered":"https:\/\/www.europesays.com\/fr\/540694\/"},"modified":"2025-11-17T17:26:17","modified_gmt":"2025-11-17T17:26:17","slug":"allemagne-slovaquie-sur-quelle-chaine-voir-le-match","status":"publish","type":"post","link":"https:\/\/www.europesays.com\/fr\/540694\/","title":{"rendered":"Allemagne-Slovaquie, sur quelle chaine voir le match\u00a0?"},"content":{"rendered":"<p><strong>L&rsquo;Allemagne accueille la<br \/>\nSlovaquie lundi soir, lors des \u00e9liminatoires de la Coupe du monde<br \/>\n2026. Un match \u00e0 suivre en direct \u00e0 20h45.<\/strong><\/p>\n<p>Le groupe A des \u00e9liminatoires de la zone Europe rend son verdict<br \/>\nlundi, avec ce qui s\u2019apparente \u00e0 une \u00ab\u00a0finale\u00a0\u00bb entre<br \/>\nl\u2019Allemagne et la Slovaquie. Assur\u00e9es de terminer premi\u00e8re et<br \/>\ndeuxi\u00e8me, ces deux \u00e9quipes poss\u00e8dent 12 points chacune avant de<br \/>\ns\u2019affronter ce soir \u00e0 Leipzig, la Mannschaft ayant une meilleure<br \/>\ndiff\u00e9rence de buts (+7 contre +4).<\/p>\n<p>Une victoire ou un match nul qualifiera directement les joueurs<br \/>\nde Julian Nagelsmann pour la <a href=\"https:\/\/www.football.fr\/coupe-du-monde-2026\" rel=\"nofollow noopener\" target=\"_blank\">Coupe du monde<br \/>\n2026<\/a>. En cas de d\u00e9faite, les Allemands devront en revanche<br \/>\nrejoindre l\u2019Italie en barrages. La pression est donc clairement sur<br \/>\nleurs \u00e9paules avant d\u2019affronter des Slovaques qui les avaient<br \/>\nbattus d\u00e9but septembre, \u00e0 Bratislava (2-0).<\/p>\n<blockquote class=\"twitter-tweet\"><p><a class=\"twitter-link\" rel=\"noindex, nofollow noopener\" href=\"https:\/\/twitter.com\/DFB_Team_EN\/status\/1990359325760528739\" target=\"_blank\"><\/p><\/blockquote>\n<p>Allemagne-Slovaquie, comment voir le match en direct et en<br \/>\nstreaming\u00a0?<\/p>\n<p>Le coup d\u2019envoi du match entre l\u2019Allemagne et la Slovaquie,<br \/>\ncomptant pour la derni\u00e8re journ\u00e9e des \u00e9liminatoires de la Coupe du<br \/>\nmonde 2026, sera donn\u00e9 ce lundi 17 novembre 2025 \u00e0 20h45. La<br \/>\nrencontre, qui aura lieu \u00e0 la Red Bull Arena de Leipzig (48 000<br \/>\nplaces), sera \u00e0 suivre en direct sur la plateforme de streaming<br \/>\nL\u2019Equipe Live Foot, pour les abonn\u00e9s.<\/p>\n<p><script async src=\"https:\/\/platform.twitter.com\/widgets.js\" charset=\"utf-8\"><\/script><\/p>\n","protected":false},"excerpt":{"rendered":"L&rsquo;Allemagne accueille la Slovaquie lundi soir, lors des \u00e9liminatoires de la Coupe du monde 2026. Un match \u00e0&hellip;\n","protected":false},"author":2,"featured_media":540695,"comment_status":"","ping_status":"","sticky":false,"template":"","format":"standard","meta":{"footnotes":""},"categories":[1587],"tags":[11,672,1804,1805,1803,1777,674,1801,12,1802],"class_list":{"0":"post-540694","1":"post","2":"type-post","3":"status-publish","4":"format-standard","5":"has-post-thumbnail","7":"category-allemagne","8":"tag-actualites","9":"tag-allemagne","10":"tag-bundesrepublik-deutschland","11":"tag-de","12":"tag-deutschland","13":"tag-eu","14":"tag-europe","15":"tag-germany","16":"tag-news","17":"tag-republique-federale-dallemagne"},"share_on_mastodon":{"url":"https:\/\/pubeurope.com\/@fr\/115566214139112523","error":""},"_links":{"self":[{"href":"https:\/\/www.europesays.com\/fr\/wp-json\/wp\/v2\/posts\/540694","targetHints":{"allow":["GET"]}}],"collection":[{"href":"https:\/\/www.europesays.com\/fr\/wp-json\/wp\/v2\/posts"}],"about":[{"href":"https:\/\/www.europesays.com\/fr\/wp-json\/wp\/v2\/types\/post"}],"author":[{"embeddable":true,"href":"https:\/\/www.europesays.com\/fr\/wp-json\/wp\/v2\/users\/2"}],"replies":[{"embeddable":true,"href":"https:\/\/www.europesays.com\/fr\/wp-json\/wp\/v2\/comments?post=540694"}],"version-history":[{"count":0,"href":"https:\/\/www.europesays.com\/fr\/wp-json\/wp\/v2\/posts\/540694\/revisions"}],"wp:featuredmedia":[{"embeddable":true,"href":"https:\/\/www.europesays.com\/fr\/wp-json\/wp\/v2\/media\/540695"}],"wp:attachment":[{"href":"https:\/\/www.europesays.com\/fr\/wp-json\/wp\/v2\/media?parent=540694"}],"wp:term":[{"taxonomy":"category","embeddable":true,"href":"https:\/\/www.europesays.com\/fr\/wp-json\/wp\/v2\/categories?post=540694"},{"taxonomy":"post_tag","embeddable":true,"href":"https:\/\/www.europesays.com\/fr\/wp-json\/wp\/v2\/tags?post=540694"}],"curies":[{"name":"wp","href":"https:\/\/api.w.org\/{rel}","templated":true}]}}