{"id":540710,"date":"2025-11-17T17:35:17","date_gmt":"2025-11-17T17:35:17","guid":{"rendered":"https:\/\/www.europesays.com\/fr\/540710\/"},"modified":"2025-11-17T17:35:17","modified_gmt":"2025-11-17T17:35:17","slug":"un-nouvel-accord-avec-les-clubs-a-letude-le-stade-toulousain-ou-lubb-leses","status":"publish","type":"post","link":"https:\/\/www.europesays.com\/fr\/540710\/","title":{"rendered":"un nouvel accord avec les clubs \u00e0 l\u2019\u00e9tude, le Stade Toulousain ou l\u2019UBB l\u00e9s\u00e9s ?"},"content":{"rendered":"<p>C\u2019est un d\u00e9bat r\u00e9current dans le monde du rugby fran\u00e7ais. Alors que le XV de France vient d\u2019encha\u00eener quatre d\u00e9faites de rang, une premi\u00e8re dans l\u2019\u00e8re Galthi\u00e9, avant de se reprendre face aux Fidji, la question du temps de jeu des internationaux se pose. Les joueurs premiums sont largement les plus utilis\u00e9s sur la sc\u00e8ne mondiale et doivent se sortir de saisons \u00e0 rallonge, entre Top 14, Champions Cup et matchs internationaux.<\/p>\n<p>Si le XV de France dispose de conditions bien moins avantageuses que ses concurrents, le staff en place a pu b\u00e9n\u00e9ficier de mesures prises en concord avec la LNR. Jamais dans l\u2019histoire un s\u00e9lectionneur n\u2019avait pu obtenir autant de garanties et de compromis de la part des clubs. N\u00e9anmoins, le sujet reste sur la table et des n\u00e9gociations sont en cours entre les diff\u00e9rentes parties pour permettre \u00e0 plus de joueurs premiums de s\u2019envoler pour les tourn\u00e9es d\u2019\u00e9t\u00e9.<\/p>\n<p>Plus de finalistes rel\u00e2ch\u00e9s pour la tourn\u00e9e estivale\u00a0?<\/p>\n<p>Ce sujet est d\u2019autant plus br\u00fblant qu\u2019une nouvelle comp\u00e9tition va voir le jour pour remplacer ces tourn\u00e9es, \u00e0 savoir la Nations Cup. Alors que les Bleus d\u00e9fieront l\u2019\u00e9t\u00e9 prochain <a href=\"https:\/\/www.quinzemondial.com\/xv-de-france\/xv-de-france-les-bleus-deboutes-par-world-rugby-un-choc-face-a-la-nouvelle-zelande-gache-820496\" target=\"_blank\" rel=\"noopener\">la Nouvelle-Z\u00e9lande seulement une semaine apr\u00e8s la finale du Top 14,<\/a> les deux clubs concern\u00e9s pourraient se voir piller des joueurs. Laurent Marti a reconnu pour <a href=\"https:\/\/www.lequipe.fr\/Rugby\/Article\/Le-top-14-plombe-t-il-les-bleus\/1609247\" target=\"_blank\" rel=\"noopener\">L\u2019Equipe<\/a> que des discussions \u00e9taient en cours.<\/p>\n<p>Le pr\u00e9sident de l\u2019UBB, finaliste des deux derniers Top 14, a par exemple vu Ga\u00ebtan Barlot, Bastien Vergnes-Taillefer ou Nicolas Depoortere rejoindre la Nouvelle-Z\u00e9lande l\u2019\u00e9t\u00e9 dernier.<\/p>\n<blockquote>\n<p>\u00ab Pour la nouvelle convention, on a l\u00e2ch\u00e9 une semaine suppl\u00e9mentaire de pr\u00e9paration pour la Nations Cup sachant qu\u2019il y aura un match suppl\u00e9mentaire, avec d\u00e9sormais quatre rencontres au lieu de trois. Le dernier d\u00e9bat concerne les finalistes du Top 14. Peuvent-ils ou pas y aller l\u2019\u00e9t\u00e9 ? L\u2019\u00e9t\u00e9 dernier, on avait n\u00e9goci\u00e9 que cinq finalistes qui n\u2019avaient pas trop jou\u00e9 puissent partir en Nouvelle-Z\u00e9lande. La F\u00e9d\u00e9 demande aujourd\u2019hui que ce soit plus ouvert, c\u2019est un d\u00e9bat. Mais je pense que l\u2019on va trouver une solution intelligente \u00bb<\/p>\n<\/blockquote>\n<p>Partagez cette info avec vos amis et vos proches en cliquant ici<br \/>Pour r\u00e9sumer<\/p>\n<p>Laurent Marti a reconnu dans les colonnes de L\u2019Equipe qu\u2019un nouvel accord entre la Ligue Nationale de Rugby et la F\u00e9d\u00e9ration fran\u00e7aise \u00e9tait \u00e0 l\u2019\u00e9tude. Les finalistes du Top 14 pourraient voir leurs joueurs encore plus sollicit\u00e9s.<\/p>\n<p> <img decoding=\"async\" width=\"76\" height=\"76\" loading=\"lazy\" src=\"https:\/\/www.europesays.com\/fr\/wp-content\/uploads\/2025\/04\/avatar-quinze.png\" alt=\"La r\u00e9daction\"\/><\/p>\n","protected":false},"excerpt":{"rendered":"C\u2019est un d\u00e9bat r\u00e9current dans le monde du rugby fran\u00e7ais. Alors que le XV de France vient d\u2019encha\u00eener&hellip;\n","protected":false},"author":2,"featured_media":540711,"comment_status":"","ping_status":"","sticky":false,"template":"","format":"standard","meta":{"footnotes":""},"categories":[1416],"tags":[1011,27,479,1468,60,476,478,513],"class_list":{"0":"post-540710","1":"post","2":"type-post","3":"status-publish","4":"format-standard","5":"has-post-thumbnail","7":"category-rugby","8":"tag-fr","9":"tag-france","10":"tag-rugby","11":"tag-rugby-football","12":"tag-sports","13":"tag-stade-toulousain","14":"tag-top-14","15":"tag-xv-de-france"},"share_on_mastodon":{"url":"https:\/\/pubeurope.com\/@fr\/115566250651656026","error":""},"_links":{"self":[{"href":"https:\/\/www.europesays.com\/fr\/wp-json\/wp\/v2\/posts\/540710","targetHints":{"allow":["GET"]}}],"collection":[{"href":"https:\/\/www.europesays.com\/fr\/wp-json\/wp\/v2\/posts"}],"about":[{"href":"https:\/\/www.europesays.com\/fr\/wp-json\/wp\/v2\/types\/post"}],"author":[{"embeddable":true,"href":"https:\/\/www.europesays.com\/fr\/wp-json\/wp\/v2\/users\/2"}],"replies":[{"embeddable":true,"href":"https:\/\/www.europesays.com\/fr\/wp-json\/wp\/v2\/comments?post=540710"}],"version-history":[{"count":0,"href":"https:\/\/www.europesays.com\/fr\/wp-json\/wp\/v2\/posts\/540710\/revisions"}],"wp:featuredmedia":[{"embeddable":true,"href":"https:\/\/www.europesays.com\/fr\/wp-json\/wp\/v2\/media\/540711"}],"wp:attachment":[{"href":"https:\/\/www.europesays.com\/fr\/wp-json\/wp\/v2\/media?parent=540710"}],"wp:term":[{"taxonomy":"category","embeddable":true,"href":"https:\/\/www.europesays.com\/fr\/wp-json\/wp\/v2\/categories?post=540710"},{"taxonomy":"post_tag","embeddable":true,"href":"https:\/\/www.europesays.com\/fr\/wp-json\/wp\/v2\/tags?post=540710"}],"curies":[{"name":"wp","href":"https:\/\/api.w.org\/{rel}","templated":true}]}}