{"id":540714,"date":"2025-11-17T17:40:22","date_gmt":"2025-11-17T17:40:22","guid":{"rendered":"https:\/\/www.europesays.com\/fr\/540714\/"},"modified":"2025-11-17T17:40:22","modified_gmt":"2025-11-17T17:40:22","slug":"cyclisme-route-valerio-piva-et-vincent-lavenu-inquiets-pour-lavenir-du-cyclisme","status":"publish","type":"post","link":"https:\/\/www.europesays.com\/fr\/540714\/","title":{"rendered":"Cyclisme. Route &#8211; Valerio Piva et Vincent Lavenu&#8230; inquiets pour l&rsquo;avenir du cyclisme ?"},"content":{"rendered":"<p>Le cyclisme est plus suivi que jamais, mais ses bases financi\u00e8res n\u2019ont jamais \u00e9t\u00e9 aussi fragiles. <strong>Valerio Piva<\/strong>, directeur sportif chez <strong><a href=\"https:\/\/www.cyclismactu.net\/..\/news-transfert-route-pascal-ackermann-rejoint-jayco-alula-jusqu-en-2027-90870.html\" target=\"_blank\" rel=\"noopener\">Jayco AlUla<\/a><\/strong>, et <strong><a href=\"https:\/\/www.cyclismactu.net\/..\/news-tour-de-france-femmes-route-vincent-lavenu-ma-petite-entreprise-un-travail-qui-dure-90729.html\" target=\"_blank\" rel=\"noopener\">Vincent Lavenu<\/a><\/strong>, ancien manager g\u00e9n\u00e9ral d&rsquo;<strong><a href=\"https:\/\/www.cyclismactu.net\/..\/news-cyclisme-route-objectif-tour-2030-vincent-lavenu-avec-ma-petite-entreprise-85893.html\" target=\"_blank\" rel=\"noopener\">AG2R La Mondiale<\/a><\/strong> et d\u00e9sormais de <strong><a href=\"https:\/\/mapetiteentreprise-equipecycliste.fr\" target=\"_blank\" rel=\"noopener\">Ma Petite Entreprise<\/a>*<\/strong>,\u00a0tirent la sonnette aupr\u00e8s de nos confr\u00e8res de\u00a0<a href=\"https:\/\/www.dhnet.be\/sports\/cyclisme\/2025\/11\/16\/faut-il-rendre-payant-lacces-aux-cols-du-tour-de-france-voici-la-reponse-daso-55DITUFG3VHIFEWNH47C6CRA2Q\/\" target=\"_blank\" rel=\"noopener\">La Derni\u00e8re Heure<\/a>, d\u00e9crivant un syst\u00e8me qu\u2019ils jugent au bord de la rupture. Leur constat est cinglant : \u00ab\u00a0Le cyclisme est le seul sport dont les acteurs ne b\u00e9n\u00e9ficient pas des retomb\u00e9es des droits TV, alors qu\u2019il est plus populaire que jamais.\u00a0\u00bb\u00a0Une situation qu\u2019ils r\u00e9sument d\u2019une m\u00eame voix comme \u201cune situation paradoxale.\u201d *<\/p>\n<p>Vid\u00e9o &#8211; Vincent Lavenu, manager g\u00e9n\u00e9ral de Ma Petite Entreprise Lire la suite de l&rsquo;article&#13;<\/p>\n<p>\u00a0<\/p>\n<p>&#13;<br \/>\n\u00ab\u00a0Le cyclisme ne b\u00e9n\u00e9ficie ni des droits TV, ni de la billetterie\u00a0\u00bb&#13;<\/p>\n<p>Pour <strong>Piva<\/strong>, l\u2019\u00e9cart entre les super-\u00e9quipes et les autres n\u2019est plus un sujet de d\u00e9bat : \u00ab\u00a0Cet \u00e9cart augmente ann\u00e9e apr\u00e8s ann\u00e9e.\u00a0\u00bb\u00a0Dans les faits, dit-il, \u00ab\u00a0quatre ou cinq grandes \u00e9quipes gagnent la plupart des courses. Les autres doivent se contenter des miettes.\u00a0\u00bb\u00a0Et lorsque tout repose sur un seul m\u00e9c\u00e8ne, la conclusion est brutale : \u201cQuand cette personne d\u00e9cide de fermer le robinet, c\u2019est fini.\u00a0\u00bb<\/p>\n<p>&#13;<\/p>\n<p><strong>Lavenu <\/strong>dresse le m\u00eame tableau. Selon lui, \u00ab\u00a0quelques \u00e9quipes soutenues par des \u00c9tats ou des multinationales ont des budgets illimit\u00e9s, et les autres se battent pour conserver des sponsors de plus en plus r\u00e9ticents \u00e0 desserrer les cordons de la bourse.\u00a0\u00bb\u00a0D\u2019autant que \u00ab\u00a0le cyclisme ne b\u00e9n\u00e9ficie ni des droits TV, ni de la billetterie.\u00a0\u00bb\u00a0L\u2019aide de l\u2019<strong>UCI <\/strong>? \u00ab\u00a0Une petite allocation de d\u00e9veloppement pour les clubs amateurs.\u00a0\u00bb<\/p>\n<p>&#13;<\/p>\n<p>\u00a0<\/p>\n<p>&#13;<br \/>\n\u00ab\u00a0Supprimer l\u2019acc\u00e8s gratuit ne me semble pas une bonne id\u00e9e\u00a0\u00bb&#13;<\/p>\n<p>Face \u00e0 l\u2019absence de revenus, certaines propositions \u00e9mergent, comme faire payer des zones du parcours. <strong>Piva <\/strong>reconna\u00eet que \u00ab\u00a0dans un monde id\u00e9al, l\u2019argent serait distribu\u00e9 selon les budgets\u00a0\u00bb, m\u00eame s\u2019il craint que \u201cles plus forts demandent une plus grosse part du g\u00e2teau.\u201d <strong>Lavenu<\/strong>, lui, refuse d\u2019y croire : \u00ab\u00a0Supprimer l\u2019acc\u00e8s gratuit ne me semble pas une bonne id\u00e9e.\u00a0\u00bb<\/p>\n<p>&#13;<\/p>\n<p>Reste l\u2019id\u00e9e d\u2019un plafonnement salarial, mais l\u00e0 encore, les limites sont \u00e9videntes : \u00ab\u00a0On pourrait envisager un salary cap\u2026 mais comment l\u2019imposer \u00e0 un sponsor \u00e9tatique comme UAE ?\u00a0\u00bb\u00a0Pour les deux hommes, le diagnostic final ne laisse aucun doute : tant que le cyclisme ne partagera pas la valeur qu\u2019il produit, il continuera d\u2019avancer avec un mod\u00e8le qui laisse trop d\u2019\u00e9quipes au bord du gouffre.<\/p>\n","protected":false},"excerpt":{"rendered":"Le cyclisme est plus suivi que jamais, mais ses bases financi\u00e8res n\u2019ont jamais \u00e9t\u00e9 aussi fragiles. Valerio Piva,&hellip;\n","protected":false},"author":2,"featured_media":540715,"comment_status":"","ping_status":"","sticky":false,"template":"","format":"standard","meta":{"footnotes":""},"categories":[1411],"tags":[1154,207,211,1011,27,209,60,210,212,208,213],"class_list":{"0":"post-540714","1":"post","2":"type-post","3":"status-publish","4":"format-standard","5":"has-post-thumbnail","7":"category-cyclisme","8":"tag-cycling","9":"tag-cyclisme","10":"tag-ffc","11":"tag-fr","12":"tag-france","13":"tag-route","14":"tag-sports","15":"tag-tour-de-france","16":"tag-uci","17":"tag-velo","18":"tag-world-tour"},"share_on_mastodon":{"url":"https:\/\/pubeurope.com\/@fr\/115566269438391303","error":""},"_links":{"self":[{"href":"https:\/\/www.europesays.com\/fr\/wp-json\/wp\/v2\/posts\/540714","targetHints":{"allow":["GET"]}}],"collection":[{"href":"https:\/\/www.europesays.com\/fr\/wp-json\/wp\/v2\/posts"}],"about":[{"href":"https:\/\/www.europesays.com\/fr\/wp-json\/wp\/v2\/types\/post"}],"author":[{"embeddable":true,"href":"https:\/\/www.europesays.com\/fr\/wp-json\/wp\/v2\/users\/2"}],"replies":[{"embeddable":true,"href":"https:\/\/www.europesays.com\/fr\/wp-json\/wp\/v2\/comments?post=540714"}],"version-history":[{"count":0,"href":"https:\/\/www.europesays.com\/fr\/wp-json\/wp\/v2\/posts\/540714\/revisions"}],"wp:featuredmedia":[{"embeddable":true,"href":"https:\/\/www.europesays.com\/fr\/wp-json\/wp\/v2\/media\/540715"}],"wp:attachment":[{"href":"https:\/\/www.europesays.com\/fr\/wp-json\/wp\/v2\/media?parent=540714"}],"wp:term":[{"taxonomy":"category","embeddable":true,"href":"https:\/\/www.europesays.com\/fr\/wp-json\/wp\/v2\/categories?post=540714"},{"taxonomy":"post_tag","embeddable":true,"href":"https:\/\/www.europesays.com\/fr\/wp-json\/wp\/v2\/tags?post=540714"}],"curies":[{"name":"wp","href":"https:\/\/api.w.org\/{rel}","templated":true}]}}