{"id":540721,"date":"2025-11-17T17:45:23","date_gmt":"2025-11-17T17:45:23","guid":{"rendered":"https:\/\/www.europesays.com\/fr\/540721\/"},"modified":"2025-11-17T17:45:23","modified_gmt":"2025-11-17T17:45:23","slug":"lassociation-pour-defendre-la-memoire-du-marechal-cette-organisation-qui-defend-la-these-du-bouclier-et-de-lepee","status":"publish","type":"post","link":"https:\/\/www.europesays.com\/fr\/540721\/","title":{"rendered":"l\u2019\u00abassociation pour d\u00e9fendre la m\u00e9moire du mar\u00e9chal\u00bb, cette organisation qui d\u00e9fend la th\u00e8se du \u00abbouclier et de l\u2019\u00e9p\u00e9e\u00bb"},"content":{"rendered":"<p>\n    Ce samedi \u00e0 Verdun, l\u2019Association pour d\u00e9fendre la m\u00e9moire du mar\u00e9chal P\u00e9tain avait organis\u00e9 une messe en son hommage. Une plainte pour des \u00abpropos r\u00e9visionnistes\u00bb tenus en marge de la c\u00e9r\u00e9monie va \u00eatre d\u00e9pos\u00e9e.<\/p>\n<p class=\"fig-paragraph\">Philippe P\u00e9tain aurait fait \u00abdon de sa personne \u00e0 la France\u00bb. C\u2019est en ces termes \u00e9logieux que l\u2019\u00abassociation pour d\u00e9fendre la m\u00e9moire du mar\u00e9chal P\u00e9tain\u00bb (ADMP) salue\u00a0<a href=\"https:\/\/marechalpetain.com\/biographie-de-philippe-petain\/\" target=\"_blank\" rel=\"sponsored noopener nofollow\" data-gtm-custom-categorie=\"navigation\" data-gtm-custom-action=\"crossclick\" data-gtm-custom-label=\"Contextuel\" data-gtm-event=\"customEventSPE\">sur son site Internet<\/a>\u00a0les actions de celui qui aurait fait, \u00e0 les entendre, tant pour \u00abg\u00e9rer le d\u00e9sastre\u00bb dans lequel \u00e9tait plong\u00e9e la France juste apr\u00e8s sa reddition face \u00e0 l\u2019Allemagne nazie.<\/p>\n<p class=\"fig-paragraph\">Cette association, qui milite depuis plus de 70 ans pour r\u00e9habiliter le \u00abh\u00e9ros de Verdun\u00bb d\u00e9chu de son grade de mar\u00e9chal apr\u00e8s la Deuxi\u00e8me Guerre mondiale, est\u00a0<a href=\"http:\/\/www.lefigaro.fr\/actualite-france\/messe-en-hommage-a-petain-une-enquete-ouverte-a-verdun-pour-contestation-de-crime-contre-l-humanite-20251117\" data-fig-type=\"NewsFlash\" data-gtm-custom-categorie=\"navigation\" data-gtm-custom-action=\"crossclick\" data-gtm-custom-label=\"Contextuel\" data-gtm-event=\"customEventSPE\" data-fig-domain=\"LEFIGARO\" rel=\"nofollow noopener\" target=\"_blank\">vis\u00e9e depuis ce week-end<\/a>\u00a0par une enqu\u00eate pour contestation de crime contre l\u2019humanit\u00e9 \u00e0 l\u2019encontre du pr\u00e9sident de l\u2019organisation, Jacques Boncompain.<\/p>\n<p class=\"fig-paragraph\">Ce dernier avait d\u00e9clar\u00e9 ce samedi en marge d\u2019une messe organis\u00e9e pour la m\u00e9moire du mar\u00e9chal, frapp\u00e9 d\u2019indignit\u00e9 nationale pour sa collaboration avec le r\u00e9gime nazi, que ce dernier \u00e9tait\u00a0<a href=\"http:\/\/www.lefigaro.fr\/actualite-france\/verdun-la-justice-autorise-une-messe-en-hommage-au-marechal-petain-et-a-ses-soldats-20251114\" data-fig-type=\"NewsFlash\" data-gtm-custom-categorie=\"navigation\" data-gtm-custom-action=\"crossclick\" data-gtm-custom-label=\"Contextuel\" data-gtm-event=\"customEventSPE\" data-fig-domain=\"LEFIGARO\" rel=\"nofollow noopener\" target=\"_blank\">\u00able premier r\u00e9sistant de France\u00bb<\/a> . \u00abIl a sauv\u00e9, devant t\u00e9moins je peux le dire, au moins 700.000 juifs\u00bb, avait-il ajout\u00e9. Une autre plainte vise\u2026<\/p>\n<p class=\"fig-premium-paywall__infos\">\n        Cet article est r\u00e9serv\u00e9 aux abonn\u00e9s.        Il vous reste 86% \u00e0 d\u00e9couvrir.\n    <\/p>\n<p>                <img  data- alt=\"Le Figaro\" class=\"fig-img--complete fig-img\"\/><\/p>\n<p class=\"fig-premium-paywall__title\">Black Friday<\/p>\n<p class=\"fig-premium-paywall__subtitle\">-70% sur l&rsquo;abonnement num\u00e9rique<\/p>\n<p class=\"fig-premium-paywall__connect\">\n                D\u00e9j\u00e0 abonn\u00e9\u00a0?                <a class=\"fig-premium-paywall__connect-link\" href=\"https:\/\/connect.lefigaro.fr\/login?client=horizon_web&amp;type=main&amp;redirect_uri=https%3A%2F%2Fwww.lefigaro.fr%2Factualite-france%2Fmesse-pour-petain-l-association-de-defense-de-la-memoire-du-marechal-cette-organisation-qui-defend-la-these-du-bouclier-et-de-l-epee-20251117\" data-js-gtm=\"{&quot;customCategorie&quot;: &quot;conversion&quot;, &quot;customAction&quot;: &quot;before_Landing_Connexion_paywall_auto&quot;, &quot;customLabel&quot;: &quot;bGVmaWdhcm8uZnJfXzFmMGMzYzAxLTQzZGQtNjVhOC05NjIxLTBiMjJkNjAwMTUxMV9fQXJ0aWNsZQ==_Messe pour P\u00e9tain\u00a0: l\u2019\u00abassociation pour d\u00e9fendre la m\u00e9moire du mar\u00e9chal\u00bb, cette organisation qui d\u00e9fend la th\u00e8se du \u00abbouclier et de l\u2019\u00e9p\u00e9e\u00bb_330&quot;, &quot;customIDSPE&quot;: &quot;bGVmaWdhcm8uZnJfXzFmMGMzYzAxLTQzZGQtNjVhOC05NjIxLTBiMjJkNjAwMTUxMV9fQXJ0aWNsZQ==&quot;, &quot;event&quot;: &quot;customEventSPE&quot;}\" rel=\"nofollow noopener\" target=\"_blank\"><br \/>\n                    Connectez-vous<br \/>\n                <\/a>\n            <\/p>\n","protected":false},"excerpt":{"rendered":"Ce samedi \u00e0 Verdun, l\u2019Association pour d\u00e9fendre la m\u00e9moire du mar\u00e9chal P\u00e9tain avait organis\u00e9 une messe en son&hellip;\n","protected":false},"author":2,"featured_media":540722,"comment_status":"","ping_status":"","sticky":false,"template":"","format":"standard","meta":{"footnotes":""},"categories":[1356],"tags":[58,59,1011,27,65838,252,1364,10172],"class_list":{"0":"post-540721","1":"post","2":"type-post","3":"status-publish","4":"format-standard","5":"has-post-thumbnail","7":"category-television","8":"tag-divertissement","9":"tag-entertainment","10":"tag-fr","11":"tag-france","12":"tag-philippe-petain","13":"tag-television","14":"tag-tv","15":"tag-verdun"},"share_on_mastodon":{"url":"https:\/\/pubeurope.com\/@fr\/115566288879850299","error":""},"_links":{"self":[{"href":"https:\/\/www.europesays.com\/fr\/wp-json\/wp\/v2\/posts\/540721","targetHints":{"allow":["GET"]}}],"collection":[{"href":"https:\/\/www.europesays.com\/fr\/wp-json\/wp\/v2\/posts"}],"about":[{"href":"https:\/\/www.europesays.com\/fr\/wp-json\/wp\/v2\/types\/post"}],"author":[{"embeddable":true,"href":"https:\/\/www.europesays.com\/fr\/wp-json\/wp\/v2\/users\/2"}],"replies":[{"embeddable":true,"href":"https:\/\/www.europesays.com\/fr\/wp-json\/wp\/v2\/comments?post=540721"}],"version-history":[{"count":0,"href":"https:\/\/www.europesays.com\/fr\/wp-json\/wp\/v2\/posts\/540721\/revisions"}],"wp:featuredmedia":[{"embeddable":true,"href":"https:\/\/www.europesays.com\/fr\/wp-json\/wp\/v2\/media\/540722"}],"wp:attachment":[{"href":"https:\/\/www.europesays.com\/fr\/wp-json\/wp\/v2\/media?parent=540721"}],"wp:term":[{"taxonomy":"category","embeddable":true,"href":"https:\/\/www.europesays.com\/fr\/wp-json\/wp\/v2\/categories?post=540721"},{"taxonomy":"post_tag","embeddable":true,"href":"https:\/\/www.europesays.com\/fr\/wp-json\/wp\/v2\/tags?post=540721"}],"curies":[{"name":"wp","href":"https:\/\/api.w.org\/{rel}","templated":true}]}}