{"id":540723,"date":"2025-11-17T17:46:13","date_gmt":"2025-11-17T17:46:13","guid":{"rendered":"https:\/\/www.europesays.com\/fr\/540723\/"},"modified":"2025-11-17T17:46:13","modified_gmt":"2025-11-17T17:46:13","slug":"britney-spears-a-passe-une-super-soiree-avec-les-adorables-kim-et-khloe-kardashian","status":"publish","type":"post","link":"https:\/\/www.europesays.com\/fr\/540723\/","title":{"rendered":"Britney Spears a pass\u00e9 une super soir\u00e9e avec les \u00ab\u00a0adorables\u00a0\u00bb Kim et Khlo\u00e9 Kardashian"},"content":{"rendered":"<p>Britney Spears a pass\u00e9 du bon temps aupr\u00e8s de la \u00ab\u00a0chaleureuse, magnifique et adorable famille\u00a0\u00bb Kardashian. La chanteuse de Baby One More Time, qui avait r\u00e9cemment supprim\u00e9 son compte Instagram en marge des accusations de son ex-mari, Kevin Federline, dans ses <a href=\"https:\/\/www.20minutes.fr\/arts-stars\/people\/4183191-20251103-britney-spears-pourquoi-compte-instagram-star-pop-supprime\" target=\"_blank\" class=\"c-link c-link--is-underlined\" rel=\"noopener\">nouveaux m\u00e9moires<\/a>, a fait son grand retour sur la plateforme avec Kim et Khlo\u00e9 Kardashian.<\/p>\n<p>Les deux stars de t\u00e9l\u00e9r\u00e9alit\u00e9 apparaissent <a href=\"https:\/\/www.instagram.com\/p\/DRGtq16gKAa\/\" rel=\"nofollow noopener\" target=\"_blank\" class=\"c-link c-link--is-underlined\">dans une vid\u00e9o<\/a> de la pop star r\u00e9v\u00e9lant quelques images de leur soir\u00e9e pass\u00e9e ensemble. Britney Spears est allong\u00e9e dans un lit \u00e0 c\u00f4t\u00e9 des deux femmes d\u2019affaires, d\u00e9posant un baiser sur la joue de Kim K avant de d\u00e9clarer\u00a0: \u00ab\u00a0On se relaxe, c\u2019est tout\u00a0\u00bb, \u00ab\u00a0dans notre lit m\u00e9dicalis\u00e9\u00a0\u00bb, a encha\u00een\u00e9 Khlo\u00e9 Kardashian, avant que le lit en question ne se mette \u00e0 vibrer, provoquant l\u2019\u00e9tonnement et une expression choqu\u00e9e sur le visage de Britney Spears.<\/p>\n<p>Surprises et danse<\/p>\n<p><a href=\"https:\/\/www.20minutes.fr\/arts-stars\/people\/4182888-20251031-paris-hilton-honore-reine-halloween-heidi-klum-partage-enthousiasme-avant-fete\" target=\"_blank\" class=\"c-link c-link--is-underlined\" rel=\"noopener\">La chanteuse<\/a> de Oops\u00a0!\u2026. I did it again a aussi profit\u00e9 de moments de complicit\u00e9 avec la fille de Khlo\u00e9 Kardashian, True Thompson, neuf ans, et l\u2019une des filles de la fondatrice de SKIMS, Chicago, sept ans. L\u2019on peut voir les deux fillettes, v\u00eatues d\u2019un pyjama, effectuer des pas de danse sous l\u2019\u0153il minutieux de la star de 43 ans, qui s\u2019amuse elle aussi souvent \u00e0 poster des vid\u00e9os de danse aussi surprenantes que loufoques sur ses r\u00e9seaux sociaux.<\/p>\n<p>Dans la l\u00e9gende de sa vid\u00e9o, <a href=\"https:\/\/www.20minutes.fr\/arts-stars\/people\/4185131-20251112-nikos-aliagas-devoile-drole-exigence-pop-star-star-academy\" target=\"_blank\" class=\"c-link c-link--is-underlined\" rel=\"noopener\">Britney Spears<\/a> se r\u00e9jouit de l\u2019accueil qu\u2019elle a re\u00e7u. \u00ab\u00a0Une famille si chaleureuse, si magnifique, si adorable\u2026 Merci de m\u2019avoir permis de jouer avec vos enfants et de partager votre d\u00eener\u00a0!!!\u00a0\u00bb, peut-on lire. \u00ab\u00a0Ce fut un honneur de passer du temps avec vous\u00a0!! Joyeuses f\u00eates\u00a0!\u00a0\u00bb<\/p>\n<p>Khlo\u00e9 et Kim Kardashian ont \u00e9galement partag\u00e9 des images de la soir\u00e9e dans leurs Stories Instagram, <a href=\"https:\/\/www.20minutes.fr\/arts-stars\/people\/4181218-20251023-kim-kardashian-dit-avoir-souffert-sorte-syndrome-stockholm-envers-kanye-west\" target=\"_blank\" class=\"c-link c-link--is-underlined\" rel=\"noopener\">l\u2019ex-\u00e9pouse de Kanye West<\/a> r\u00e9v\u00e9lant notamment que le d\u00eener s\u2019\u00e9tait d\u00e9roul\u00e9 \u00e0 Calabasas, en Californie, et que le manager de la chanteuse de Toxic, Cade Hudon, avait \u00e9t\u00e9 de la partie, comme l\u2019a rapport\u00e9 <a href=\"https:\/\/people.com\/britney-spears-shares-glimpse-into-sleepover-kim-kardashian-khloe-11850391\" rel=\"nofollow noopener\" target=\"_blank\" class=\"c-link c-link--is-underlined\">People<\/a>. Alors, meilleures amies pour la vie\u00a0?<\/p>\n<p><script async src=\"\/\/www.instagram.com\/embed.js\"><\/script><\/p>\n","protected":false},"excerpt":{"rendered":"Britney Spears a pass\u00e9 du bon temps aupr\u00e8s de la \u00ab\u00a0chaleureuse, magnifique et adorable famille\u00a0\u00bb Kardashian. La chanteuse&hellip;\n","protected":false},"author":2,"featured_media":540724,"comment_status":"","ping_status":"","sticky":false,"template":"","format":"standard","meta":{"footnotes":""},"categories":[1355],"tags":[8719,2139,17005,58,59,1011,27,2440,7361,35378,8932,1361,873,973],"class_list":{"0":"post-540723","1":"post","2":"type-post","3":"status-publish","4":"format-standard","5":"has-post-thumbnail","7":"category-musique","8":"tag-britney-spears","9":"tag-californie","10":"tag-chicago","11":"tag-divertissement","12":"tag-entertainment","13":"tag-fr","14":"tag-france","15":"tag-instagram","16":"tag-kanye-west","17":"tag-khloe-kardashian","18":"tag-kim-kardashian","19":"tag-music","20":"tag-musique","21":"tag-people"},"share_on_mastodon":{"url":"https:\/\/pubeurope.com\/@fr\/115566292860952417","error":""},"_links":{"self":[{"href":"https:\/\/www.europesays.com\/fr\/wp-json\/wp\/v2\/posts\/540723","targetHints":{"allow":["GET"]}}],"collection":[{"href":"https:\/\/www.europesays.com\/fr\/wp-json\/wp\/v2\/posts"}],"about":[{"href":"https:\/\/www.europesays.com\/fr\/wp-json\/wp\/v2\/types\/post"}],"author":[{"embeddable":true,"href":"https:\/\/www.europesays.com\/fr\/wp-json\/wp\/v2\/users\/2"}],"replies":[{"embeddable":true,"href":"https:\/\/www.europesays.com\/fr\/wp-json\/wp\/v2\/comments?post=540723"}],"version-history":[{"count":0,"href":"https:\/\/www.europesays.com\/fr\/wp-json\/wp\/v2\/posts\/540723\/revisions"}],"wp:featuredmedia":[{"embeddable":true,"href":"https:\/\/www.europesays.com\/fr\/wp-json\/wp\/v2\/media\/540724"}],"wp:attachment":[{"href":"https:\/\/www.europesays.com\/fr\/wp-json\/wp\/v2\/media?parent=540723"}],"wp:term":[{"taxonomy":"category","embeddable":true,"href":"https:\/\/www.europesays.com\/fr\/wp-json\/wp\/v2\/categories?post=540723"},{"taxonomy":"post_tag","embeddable":true,"href":"https:\/\/www.europesays.com\/fr\/wp-json\/wp\/v2\/tags?post=540723"}],"curies":[{"name":"wp","href":"https:\/\/api.w.org\/{rel}","templated":true}]}}