{"id":540725,"date":"2025-11-17T17:47:19","date_gmt":"2025-11-17T17:47:19","guid":{"rendered":"https:\/\/www.europesays.com\/fr\/540725\/"},"modified":"2025-11-17T17:47:19","modified_gmt":"2025-11-17T17:47:19","slug":"la-saga-est-de-retour-gratuitement-en-streaming-en-decembre-voici-ou-vous-pourrez-la-regarder","status":"publish","type":"post","link":"https:\/\/www.europesays.com\/fr\/540725\/","title":{"rendered":"La saga est de retour gratuitement en streaming en d\u00e9cembre, voici o\u00f9 vous pourrez la regarder"},"content":{"rendered":"<p>Voil\u00e0 une bonne nouvelle pour les fans de Twilight : les cinq films de la saga seront prochainement disponible gratuitement en streaming, et seront en ligne d\u00e8s le mois de d\u00e9cembre 2025.<\/p>\n<p>Il y a des films qui, en plus de ne pas vieillir, ont marqu\u00e9 toute une g\u00e9n\u00e9ration. C&rsquo;est incontestablement le cas de la saga Twilight qui a d\u00e9but\u00e9 en 2008 et qui s&rsquo;est termin\u00e9e quatre ans plus tard, en 2012. Depuis la sortie, il y a d\u00e9bat entre la Team Edward ou la Team Jacob et r\u00e9cemment, <a href=\"https:\/\/www.programme-tv.net\/news\/cinema\/387853-twilight-team-edward-ou-team-jacob-lautrice-stephenie-meyer-relance-le-debat\/\" data-api-deeplink=\"teleloisirs:\/\/news\/387853\" target=\"_blank\" rel=\"noopener\">l&rsquo;autrice Stephenie Meyer a relanc\u00e9 le sujet.<\/a> \u00c7a tombe bien, puisqu&rsquo;elle a \u00e9galement tenu des propos qui ont fait plaisir aux fans de Twilight, <a href=\"https:\/\/www.programme-tv.net\/news\/cinema\/388130-une-suite-de-twilight-ces-propos-de-stephenie-meyer-qui-vont-faire-plaisir-aux-fans\/\" data-api-deeplink=\"teleloisirs:\/\/news\/388130\" target=\"_blank\" rel=\"noopener\">laissant sous-entendre qu&rsquo;une suite pourrait \u00eatre envisag\u00e9e.<\/a> Apr\u00e8s avoir \u00e9t\u00e9 ajout\u00e9s sur Youtube le temps de quelques jours, les cinq films Twilight seront ajout\u00e9s sur la plateforme de streaming M6+ le 1er d\u00e9cembre prochain, pour le plus grand plaisir des fans qui pourront donc les revoir gratuitement, sans aucun abonnement !<\/p>\n<p>                        Pourquoi le physique de Robert Pattinson n&rsquo;a-t-il pas tout de suite convaincu les producteurs de Twilight ?<\/p>\n<p>Cette saga a lanc\u00e9 la carri\u00e8re de Kristen Stewart, mais \u00e9galement celle de Robert Pattinson. Et pourtant, \u00e0 l&rsquo;origine, les producteurs n&rsquo;\u00e9taient pas franchement convaincus par son physique pour incarner Edward Cullen. \u00ab\u00a0J\u2019ai tout envoy\u00e9 aux producteurs. Ils m\u2019ont appel\u00e9e directement et demand\u00e9 : &lsquo;Est-ce que vous croyez que vous pouvez le rendre beau ?&rsquo; Et je leur ai dit qu\u2019on allait tout faire pour. On va lui refaire les cheveux et tout, il va commencer \u00e0 faire de l&rsquo;exercice et il va \u00eatre magnifique. Mais au d\u00e9but, ils n&rsquo;y ont pas cru. Il est venu l\u00e0-bas avec une chemise tach\u00e9e ou quelque chose comme \u00e7a. C&rsquo;\u00e9tait Rob\u00a0\u00bb, a racont\u00e9 la r\u00e9alisatrice Catherine Hardwicke dans le podcast Happy Sad Confused de Josh Horowitz. Robert Pattinson a obtenu le r\u00f4le, mais les gal\u00e8res ne se sont pas arr\u00eat\u00e9es l\u00e0, puisqu&rsquo;<a href=\"https:\/\/www.programme-tv.net\/news\/cinema\/371341-twilight-cette-scene-du-premier-film-a-ete-une-vraie-galere-a-tourner-pour-robert-pattinson\/\" data-api-deeplink=\"teleloisirs:\/\/news\/371341\" target=\"_blank\" rel=\"noopener\">il a eu des difficult\u00e9s \u00e0 tourner la premi\u00e8re sc\u00e8ne du film.<\/a><\/p>\n<p>            Cet acteur de la saga Twilight a refus\u00e9 de passer le casting pour jouer Edward Cullen<\/p>\n<p>Au moment du casting pour Edward Cullen, un autre com\u00e9dien \u00e9tait envisag\u00e9 en plus de Robert Pattinson. Il s&rsquo;agit de <a href=\"https:\/\/www.programme-tv.net\/biographie\/107949-lutz-kellan\/\" data-link-people=\"4876ee10-e22e-4769-a54f-36910c7ce82e\" target=\"_blank\" rel=\"noopener\">Kellan Lutz<\/a>, qui a refus\u00e9 de passer l&rsquo;audition comme il l&rsquo;a r\u00e9v\u00e9l\u00e9 \u00e0 la Fan Expo de Chicago : \u00ab\u00a0Je tournais Generation Kill en Afrique depuis sept mois, c&rsquo;\u00e9tait donc quelque chose de tr\u00e8s sensible, avec beaucoup de morts, beaucoup de destructions et loin de ma famille. Quand cette audition est arriv\u00e9e et que je l&rsquo;ai lue, je n&rsquo;\u00e9tais tout simplement pas dans cet \u00e9tat d&rsquo;esprit.\u00a0\u00bb <\/p>\n<p>L&rsquo;acteur a finalement jou\u00e9 Emmett dans la franchise !<\/p>\n<p>Article \u00e9crit avec la collaboration de 6m\u00e9dias.<\/p>\n","protected":false},"excerpt":{"rendered":"Voil\u00e0 une bonne nouvelle pour les fans de Twilight : les cinq films de la saga seront prochainement&hellip;\n","protected":false},"author":2,"featured_media":540726,"comment_status":"","ping_status":"","sticky":false,"template":"","format":"standard","meta":{"footnotes":""},"categories":[1354],"tags":[5635,65885,244,58,59,1346,1011,27,65883,22142,1360,10395,22562,129,38622,65884,12910],"class_list":{"0":"post-540725","1":"post","2":"type-post","3":"status-publish","4":"format-standard","5":"has-post-thumbnail","7":"category-films","8":"tag-6play","9":"tag-chapitre-1-fascination","10":"tag-commentaire","11":"tag-divertissement","12":"tag-entertainment","13":"tag-films","14":"tag-fr","15":"tag-france","16":"tag-guid_5482203675001","17":"tag-kristen-stewart","18":"tag-movies","19":"tag-pub-streaming","20":"tag-robert-pattinson","21":"tag-svod","22":"tag-twilight","23":"tag-uuid_3bfeeb18-ab50-409f-9dc1-ec37d354c774","24":"tag-we-tv"},"share_on_mastodon":{"url":"https:\/\/pubeurope.com\/@fr\/115566296830512751","error":""},"_links":{"self":[{"href":"https:\/\/www.europesays.com\/fr\/wp-json\/wp\/v2\/posts\/540725","targetHints":{"allow":["GET"]}}],"collection":[{"href":"https:\/\/www.europesays.com\/fr\/wp-json\/wp\/v2\/posts"}],"about":[{"href":"https:\/\/www.europesays.com\/fr\/wp-json\/wp\/v2\/types\/post"}],"author":[{"embeddable":true,"href":"https:\/\/www.europesays.com\/fr\/wp-json\/wp\/v2\/users\/2"}],"replies":[{"embeddable":true,"href":"https:\/\/www.europesays.com\/fr\/wp-json\/wp\/v2\/comments?post=540725"}],"version-history":[{"count":0,"href":"https:\/\/www.europesays.com\/fr\/wp-json\/wp\/v2\/posts\/540725\/revisions"}],"wp:featuredmedia":[{"embeddable":true,"href":"https:\/\/www.europesays.com\/fr\/wp-json\/wp\/v2\/media\/540726"}],"wp:attachment":[{"href":"https:\/\/www.europesays.com\/fr\/wp-json\/wp\/v2\/media?parent=540725"}],"wp:term":[{"taxonomy":"category","embeddable":true,"href":"https:\/\/www.europesays.com\/fr\/wp-json\/wp\/v2\/categories?post=540725"},{"taxonomy":"post_tag","embeddable":true,"href":"https:\/\/www.europesays.com\/fr\/wp-json\/wp\/v2\/tags?post=540725"}],"curies":[{"name":"wp","href":"https:\/\/api.w.org\/{rel}","templated":true}]}}