{"id":540739,"date":"2025-11-17T17:54:13","date_gmt":"2025-11-17T17:54:13","guid":{"rendered":"https:\/\/www.europesays.com\/fr\/540739\/"},"modified":"2025-11-17T17:54:13","modified_gmt":"2025-11-17T17:54:13","slug":"deux-hommes-interpelles-a-dijon","status":"publish","type":"post","link":"https:\/\/www.europesays.com\/fr\/540739\/","title":{"rendered":"deux hommes interpell\u00e9s \u00e0 Dijon"},"content":{"rendered":"<p>Le parking du magasin Lidl d&rsquo;Autun, en Sa\u00f4ne-et-Loire, avait \u00e9t\u00e9 le th\u00e9\u00e2tre d&rsquo;une\u00a0tentative de meurtre en bande organis\u00e9e, lundi 29 septembre.<\/p>\n<p>D&rsquo;apr\u00e8s <a href=\"https:\/\/www.lejsl.com\/faits-divers-justice\/2025\/09\/30\/fusillade-d-autun-le-deroule-des-faits-par-le-procureur-de-la-republique\" target=\"_blank\" rel=\"noopener\">les informations du Journal de Sa\u00f4ne-et-Loire<\/a>, trois individus\u00a0encagoul\u00e9s \u00e9taient arriv\u00e9s en voiture, avant d&rsquo;ouvrir le feu sur la victime. Celle-ci avait \u00e9t\u00e9 bless\u00e9e \u00ab\u00a0\u00e0 la jambe par le v\u00e9hicule et \u00e0 l\u2019aisselle par un projectile\u00a0\u00bb. Apr\u00e8s une course poursuite avec les gendarmes, deux des trois mis en cause avaient r\u00e9ussi \u00e0 prendre la fuite.<\/p>\n<p>Arr\u00eat\u00e9s par le GIGN<\/p>\n<p>Toujours d&rsquo;apr\u00e8s nos confr\u00e8res,\u00a0deux des trois personnes en fuite <a href=\"https:\/\/www.lejsl.com\/faits-divers-justice\/2025\/11\/17\/coups-de-feu-devant-lidl-les-deux-fuyards-ont-ete-arretes\" target=\"_blank\" rel=\"noopener\">ont \u00e9t\u00e9 arr\u00eat\u00e9es en fin de semaine derni\u00e8re<\/a>, a priori mercredi 12 novembre, par une antenne du GIGN (Groupe d&rsquo;intervention de la gendarmerie nationale) \u00e0 Dijon. Une information confirm\u00e9e par le parquet de Chalon-sur-Sa\u00f4ne.<\/p>\n<p>Les deux individus, un mineur et un jeune majeur, ont \u00e9t\u00e9\u00a0plac\u00e9s en garde \u00e0 vue puis incarc\u00e9r\u00e9s.<\/p>\n","protected":false},"excerpt":{"rendered":"Le parking du magasin Lidl d&rsquo;Autun, en Sa\u00f4ne-et-Loire, avait \u00e9t\u00e9 le th\u00e9\u00e2tre d&rsquo;une\u00a0tentative de meurtre en bande organis\u00e9e,&hellip;\n","protected":false},"author":2,"featured_media":540740,"comment_status":"","ping_status":"","sticky":false,"template":"","format":"standard","meta":{"footnotes":""},"categories":[4],"tags":[11,2931,271,272,8588,11743,274,107,1011,27,329,12,25],"class_list":{"0":"post-540739","1":"post","2":"type-post","3":"status-publish","4":"format-standard","5":"has-post-thumbnail","7":"category-france","8":"tag-actualites","9":"tag-cote-dor","10":"tag-crime","11":"tag-delit-et-contravention","12":"tag-edition-dijon-et-son-agglomeration","13":"tag-edition-haute-cote-dor","14":"tag-faits-divers-justice","15":"tag-fil-info","16":"tag-fr","17":"tag-france","18":"tag-france-monde","19":"tag-news","20":"tag-republique-francaise"},"share_on_mastodon":{"url":"https:\/\/pubeurope.com\/@fr\/115566324267053633","error":""},"_links":{"self":[{"href":"https:\/\/www.europesays.com\/fr\/wp-json\/wp\/v2\/posts\/540739","targetHints":{"allow":["GET"]}}],"collection":[{"href":"https:\/\/www.europesays.com\/fr\/wp-json\/wp\/v2\/posts"}],"about":[{"href":"https:\/\/www.europesays.com\/fr\/wp-json\/wp\/v2\/types\/post"}],"author":[{"embeddable":true,"href":"https:\/\/www.europesays.com\/fr\/wp-json\/wp\/v2\/users\/2"}],"replies":[{"embeddable":true,"href":"https:\/\/www.europesays.com\/fr\/wp-json\/wp\/v2\/comments?post=540739"}],"version-history":[{"count":0,"href":"https:\/\/www.europesays.com\/fr\/wp-json\/wp\/v2\/posts\/540739\/revisions"}],"wp:featuredmedia":[{"embeddable":true,"href":"https:\/\/www.europesays.com\/fr\/wp-json\/wp\/v2\/media\/540740"}],"wp:attachment":[{"href":"https:\/\/www.europesays.com\/fr\/wp-json\/wp\/v2\/media?parent=540739"}],"wp:term":[{"taxonomy":"category","embeddable":true,"href":"https:\/\/www.europesays.com\/fr\/wp-json\/wp\/v2\/categories?post=540739"},{"taxonomy":"post_tag","embeddable":true,"href":"https:\/\/www.europesays.com\/fr\/wp-json\/wp\/v2\/tags?post=540739"}],"curies":[{"name":"wp","href":"https:\/\/api.w.org\/{rel}","templated":true}]}}