{"id":540743,"date":"2025-11-17T17:56:18","date_gmt":"2025-11-17T17:56:18","guid":{"rendered":"https:\/\/www.europesays.com\/fr\/540743\/"},"modified":"2025-11-17T17:56:18","modified_gmt":"2025-11-17T17:56:18","slug":"economie-clap-de-fin-pour-novasco-saint-etienne-ex-ascometal-lusine-va-etre-liquidee","status":"publish","type":"post","link":"https:\/\/www.europesays.com\/fr\/540743\/","title":{"rendered":"\u00c9conomie. Clap de fin pour NovAsco Saint-\u00c9tienne, ex-Ascom\u00e9tal : l\u2019usine va \u00eatre liquid\u00e9e"},"content":{"rendered":"<p>Les d\u00e9s \u00e9taient quasiment jet\u00e9s depuis mercredi dernier. Devant les faiblesses identifi\u00e9es \u00e0 l\u2019audience concernant l\u2019offre pr\u00e9sent\u00e9e par Europlasma, le tribunal de commerce de Strasbourg a retenu la proposition du consortium pilot\u00e9 par l\u2019industriel fran\u00e7ais M\u00e9tal Blanc. Celui-ci ne reprend que l\u2019usine de Leffrinckoucke, pr\u00e8s de Dunkerque et sauve 150 emplois sur les 700 que compte actuellement NovAsco en France. Trois des quatre sites de l\u2019aci\u00e9riste vont donc \u00eatre liquid\u00e9s, pr\u00e8s de 550 salari\u00e9s vont perdre leur emploi.<\/p>\n<p>  37 salari\u00e9s perdent leur emploi \u00e0 Saint-Etienne<\/p>\n<p>Parmi eux, les 37 salari\u00e9s st\u00e9phanois de NovAsco le Marais. Avant cet ultime \u00e9pisode, ils avaient d\u00e9j\u00e0 v\u00e9cu trois redressements judiciaires en 10 ans. Et s\u2019ils avaient esp\u00e9r\u00e9 un moment que leur entreprise serait une nouvelle fois sauv\u00e9e, ils avaient d\u00fb d\u00e9chanter au fil de semaines en voyant les offres de reprise se r\u00e9duire finalement \u00e0 une seule proposition concernant le site du Marais. Offre dont ils avaient bien compris, d\u00e8s la semaine derni\u00e8re, qu\u2019elle ne serait pas retenue par le tribunal de commerce.<\/p>\n<p>Ils s\u2019y \u00e9taient pr\u00e9par\u00e9s durant ce week-end qui leur a sans doute sembl\u00e9 une \u00e9ternit\u00e9, et durant toute cette journ\u00e9e de lundi o\u00f9 ils ont attendu avec impatience jusqu\u2019\u00e0 16\u00a0h\u00a030 la communication officielle du d\u00e9lib\u00e9r\u00e9 annonc\u00e9e initialement pour 9 heures\u00a0; il n\u2019emp\u00eache que la nouvelle est difficile \u00e0 encaisser pour ces travailleurs dont la plupart affiche de tr\u00e8s nombreuses ann\u00e9es d\u2019anciennet\u00e9. \u00ab\u00a0C\u2019est compliqu\u00e9 \u00e0 vivre \u00e9videmment m\u00eame si on s\u2019y \u00e9tait r\u00e9sign\u00e9 ces derniers jours\u00a0\u00bb, commente Lo\u00efc Devis, repr\u00e9sentant CFDT du CSE de NovAsco le Marais.<\/p>\n<p>  Une d\u00e9cennie de difficult\u00e9s<\/p>\n<p>Cette d\u00e9cision intervient un an apr\u00e8s la reprise d\u2019Ascom\u00e9tal par le fonds de retournement britannique Greybull. Celui-ci avait alors obtenu un pr\u00eat de l\u2019\u00c9tat de 85\u00a0M\u20ac et s\u2019\u00e9tait engag\u00e9 \u00e0 injecter 90\u00a0M\u20ac. Engagement qui n\u2019a jamais \u00e9t\u00e9 concr\u00e9tis\u00e9. Devant le non-respect de cet engagement, <a href=\"https:\/\/www.leprogres.fr\/p\/sebastien-martin\" target=\"_blank\" rel=\"nofollow noopener\">S\u00e9bastien Martin<\/a>, ministre d\u00e9l\u00e9gu\u00e9 en charge de l\u2019Industrie, a annonc\u00e9 ce matin \u00e0 l\u2019AFP qu\u2019il allait impulser une action en justice. \u00ab J\u2019estime que Greybull doit aux salari\u00e9s [\u2026] 88,5\u00a0M\u20ac. [\u2026] L\u2019impunit\u00e9 pour les fonds d\u2019investissement, c\u2019est termin\u00e9\u00a0\u00bb, a indiqu\u00e9 le ministre.<\/p>\n<p>Initiative positive mais trop tardive, estime Lo\u00efc Devis, le secr\u00e9taire du CSE de l\u2019usine st\u00e9phanoise. \u00ab D\u00e8s cet \u00e9t\u00e9, l\u2019\u00c9tat aurait d\u00fb r\u00e9agir. Je suis en col\u00e8re contre Greybull, c\u2019est un vrai g\u00e2chis\u00a0\u00bb. Les salari\u00e9s devraient recevoir leur lettre de licenciement d\u00e9but d\u00e9cembre.<\/p>\n<p>  Un tout dernier espoir<\/p>\n<p>Reste n\u00e9anmoins un petit espoir. Une toute petite flamme \u00e0 laquelle les salari\u00e9s st\u00e9phanois de NovAsco veulent se raccrocher\u00a0: celle d\u2019une \u00e9ventuelle reprise post-liquidation par un industriel qui pourrait \u00eatre int\u00e9ress\u00e9 par leur seul site.<\/p>\n<p>\u00ab\u00a0Nous discutons en ce sens avec des repr\u00e9sentants de l\u2019\u00c9tat mais il faudrait que \u00e7a aille vite. L\u2019espoir est tr\u00e8s faible mais nous allons nous y accrocher. Nous aurons le temps de baisser les bras quand il n\u2019y aura plus aucune lumi\u00e8re\u00a0\u00bb.<\/p>\n","protected":false},"excerpt":{"rendered":"Les d\u00e9s \u00e9taient quasiment jet\u00e9s depuis mercredi dernier. Devant les faiblesses identifi\u00e9es \u00e0 l\u2019audience concernant l\u2019offre pr\u00e9sent\u00e9e par&hellip;\n","protected":false},"author":2,"featured_media":540744,"comment_status":"","ping_status":"","sticky":false,"template":"","format":"standard","meta":{"footnotes":""},"categories":[9653],"tags":[1111,11,2430,33,7539,1777,674,1011,27,693,3367,12,25,4001,7538],"class_list":{"0":"post-540743","1":"post","2":"type-post","3":"status-publish","4":"format-standard","5":"has-post-thumbnail","7":"category-saint-etienne","8":"tag-actu","9":"tag-actualites","10":"tag-auvergne-rhone-alpes","11":"tag-economie","12":"tag-edition-loire-sud","13":"tag-eu","14":"tag-europe","15":"tag-fr","16":"tag-france","17":"tag-industrie","18":"tag-loire","19":"tag-news","20":"tag-republique-francaise","21":"tag-saint-etienne","22":"tag-saint-etienne-ville"},"share_on_mastodon":{"url":"https:\/\/pubeurope.com\/@fr\/115566332178457502","error":""},"_links":{"self":[{"href":"https:\/\/www.europesays.com\/fr\/wp-json\/wp\/v2\/posts\/540743","targetHints":{"allow":["GET"]}}],"collection":[{"href":"https:\/\/www.europesays.com\/fr\/wp-json\/wp\/v2\/posts"}],"about":[{"href":"https:\/\/www.europesays.com\/fr\/wp-json\/wp\/v2\/types\/post"}],"author":[{"embeddable":true,"href":"https:\/\/www.europesays.com\/fr\/wp-json\/wp\/v2\/users\/2"}],"replies":[{"embeddable":true,"href":"https:\/\/www.europesays.com\/fr\/wp-json\/wp\/v2\/comments?post=540743"}],"version-history":[{"count":0,"href":"https:\/\/www.europesays.com\/fr\/wp-json\/wp\/v2\/posts\/540743\/revisions"}],"wp:featuredmedia":[{"embeddable":true,"href":"https:\/\/www.europesays.com\/fr\/wp-json\/wp\/v2\/media\/540744"}],"wp:attachment":[{"href":"https:\/\/www.europesays.com\/fr\/wp-json\/wp\/v2\/media?parent=540743"}],"wp:term":[{"taxonomy":"category","embeddable":true,"href":"https:\/\/www.europesays.com\/fr\/wp-json\/wp\/v2\/categories?post=540743"},{"taxonomy":"post_tag","embeddable":true,"href":"https:\/\/www.europesays.com\/fr\/wp-json\/wp\/v2\/tags?post=540743"}],"curies":[{"name":"wp","href":"https:\/\/api.w.org\/{rel}","templated":true}]}}