{"id":540745,"date":"2025-11-17T17:57:26","date_gmt":"2025-11-17T17:57:26","guid":{"rendered":"https:\/\/www.europesays.com\/fr\/540745\/"},"modified":"2025-11-17T17:57:26","modified_gmt":"2025-11-17T17:57:26","slug":"en-image-saint-etienne-les-remiremont-le-centre-communal-fait-valser-les-aines","status":"publish","type":"post","link":"https:\/\/www.europesays.com\/fr\/540745\/","title":{"rendered":"En image | Saint-\u00e9tienne-l\u00e8s-Remiremont. Le centre communal fait valser les a\u00een\u00e9s"},"content":{"rendered":"<p>Dimanche apr\u00e8s-midi, la salle multi-activit\u00e9s accueillait le traditionnel th\u00e9 dansant organis\u00e9 par le centre communal d\u2019action sociale (CCAS) \u00e0 l\u2019intention des St\u00e9phanois \u00e2g\u00e9s de 60 ans et plus y ayant \u00e9t\u00e9 convi\u00e9s. \u00c0 l\u2019heure du go\u00fbter, brioches et boissons chaudes ou froides et petits chocolats \u00e9taient offerts. Quatre b\u00e9n\u00e9voles du CCAS et quatre \u00e9lus ont particip\u00e9 au service aux c\u00f4t\u00e9s de Dani\u00e8le Faivre, vice-pr\u00e9sidente. L\u2019orchestre Holatrio hop\u2019sasa a mis une ambiance de folie, ne laissant personne assis sur sa chaise. Ce bel apr\u00e8s-midi a permis d\u2019oublier la grisaille du ciel.<\/p>\n","protected":false},"excerpt":{"rendered":"Dimanche apr\u00e8s-midi, la salle multi-activit\u00e9s accueillait le traditionnel th\u00e9 dansant organis\u00e9 par le centre communal d\u2019action sociale (CCAS)&hellip;\n","protected":false},"author":2,"featured_media":540746,"comment_status":"","ping_status":"","sticky":false,"template":"","format":"standard","meta":{"footnotes":""},"categories":[9653],"tags":[1111,11,2430,22455,1687,1798,1777,674,1011,27,12,25,4001,33907],"class_list":{"0":"post-540745","1":"post","2":"type-post","3":"status-publish","4":"format-standard","5":"has-post-thumbnail","7":"category-saint-etienne","8":"tag-actu","9":"tag-actualites","10":"tag-auvergne-rhone-alpes","11":"tag-cc-de-la-porte-des-vosges-meridionales-88a","12":"tag-culture-loisirs","13":"tag-edition-remiremont-gerardmer","14":"tag-eu","15":"tag-europe","16":"tag-fr","17":"tag-france","18":"tag-news","19":"tag-republique-francaise","20":"tag-saint-etienne","21":"tag-saint-etienne-les-remiremont"},"share_on_mastodon":{"url":"https:\/\/pubeurope.com\/@fr\/115566336258237611","error":""},"_links":{"self":[{"href":"https:\/\/www.europesays.com\/fr\/wp-json\/wp\/v2\/posts\/540745","targetHints":{"allow":["GET"]}}],"collection":[{"href":"https:\/\/www.europesays.com\/fr\/wp-json\/wp\/v2\/posts"}],"about":[{"href":"https:\/\/www.europesays.com\/fr\/wp-json\/wp\/v2\/types\/post"}],"author":[{"embeddable":true,"href":"https:\/\/www.europesays.com\/fr\/wp-json\/wp\/v2\/users\/2"}],"replies":[{"embeddable":true,"href":"https:\/\/www.europesays.com\/fr\/wp-json\/wp\/v2\/comments?post=540745"}],"version-history":[{"count":0,"href":"https:\/\/www.europesays.com\/fr\/wp-json\/wp\/v2\/posts\/540745\/revisions"}],"wp:featuredmedia":[{"embeddable":true,"href":"https:\/\/www.europesays.com\/fr\/wp-json\/wp\/v2\/media\/540746"}],"wp:attachment":[{"href":"https:\/\/www.europesays.com\/fr\/wp-json\/wp\/v2\/media?parent=540745"}],"wp:term":[{"taxonomy":"category","embeddable":true,"href":"https:\/\/www.europesays.com\/fr\/wp-json\/wp\/v2\/categories?post=540745"},{"taxonomy":"post_tag","embeddable":true,"href":"https:\/\/www.europesays.com\/fr\/wp-json\/wp\/v2\/tags?post=540745"}],"curies":[{"name":"wp","href":"https:\/\/api.w.org\/{rel}","templated":true}]}}