{"id":540747,"date":"2025-11-17T17:58:14","date_gmt":"2025-11-17T17:58:14","guid":{"rendered":"https:\/\/www.europesays.com\/fr\/540747\/"},"modified":"2025-11-17T17:58:14","modified_gmt":"2025-11-17T17:58:14","slug":"la-porte-de-la-citadelle-restera-fermee-aux-voitures","status":"publish","type":"post","link":"https:\/\/www.europesays.com\/fr\/540747\/","title":{"rendered":"la porte de la Citadelle restera ferm\u00e9e aux voitures"},"content":{"rendered":"<p>La porte de la Citadelle permet le passage entre la vieille ville et le quartier des Trois-Maisons. <a href=\"https:\/\/www.estrepublicain.fr\/transport\/2024\/12\/02\/la-porte-de-la-citadelle-toujours-fermee-les-travaux-decales\" target=\"_blank\" rel=\"noopener\">Ferm\u00e9e \u00e0 la circulation<\/a> automobile depuis fin octobre\u00a02024 suite \u00e0 la chute de pierres et d\u2019\u00e9l\u00e9ments de structure, elle le restera aux v\u00e9hicules motoris\u00e9s. D\u00e9finitivement.<\/p>\n<p>Ce contenu est bloqu\u00e9 car vous n&rsquo;avez pas accept\u00e9 les cookies et autres traceurs.<\/p>\n<p>En cliquant sur \u00ab J\u2019accepte \u00bb, les cookies et autres traceurs seront d\u00e9pos\u00e9s et vous pourrez visualiser les contenus  (<a href=\"\" class=\"consentModule_policy\" target=\"_blank\" title=\"Consulter la politique de protection des donn\u00e9es du fournisseur\">plus d&rsquo;informations<\/a>).<\/p>\n<p>En cliquant sur \u00ab J\u2019accepte tous les cookies \u00bb, vous autorisez des d\u00e9p\u00f4ts de cookies et autres traceurs pour le stockage de vos donn\u00e9es sur nos sites et applications \u00e0 des fins de personnalisation et de ciblage publicitaire.<\/p>\n<p class=\"consentModule_secondaryText\">Vous gardez la possibilit\u00e9 de retirer votre consentement \u00e0 tout moment en consultant notre <a href=\"https:\/\/www.estrepublicain.fr\/protection-des-donnees\" target=\"_blank\" title=\"Consulter notre politique de protection des donn\u00e9es\" rel=\"noopener\">politique de protection des donn\u00e9es<\/a>. <br \/>&#13;<br \/>\n            <a href=\"https:\/\/www.estrepublicain.fr\/transport\/2025\/11\/17\/javascript:Didomi.notice.show()\" class=\"consentModule_cmp\" target=\"_blank\" rel=\"noopener\">G\u00e9rer mes choix<\/a>&#13;\n        <\/p>\n<p>&#13;<br \/>\n                        J&rsquo;accepte&#13;<br \/>\n            J&rsquo;accepte tous les cookies&#13;\n        <\/p>\n<p>La d\u00e9cision vient en effet d\u2019\u00eatre prise par la municipalit\u00e9 et annonc\u00e9e par le maire <a href=\"https:\/\/www.estrepublicain.fr\/p\/mathieu-klein\" target=\"_blank\" rel=\"noopener\">Mathieu Klein<\/a> en pr\u00e9ambule du conseil municipal de ce lundi 17\u00a0novembre.<\/p>\n<p>\u00ab\u00a0Le constat qui a \u00e9t\u00e9 fait (N.D.L.R.\u00a0: depuis <a href=\"https:\/\/www.estrepublicain.fr\/faits-divers-justice\/2024\/10\/22\/chute-de-pierres-la-porte-de-la-citadelle-fermee-a-la-circulation\" target=\"_blank\" rel=\"noopener\"> la fermeture en octobre dernier<\/a> ) est que les riverains et usagers du secteur ont pris de\u00a0nouvelles habitudes, et que cela nous invite \u00e0 poursuivre en ce sens, dans un objectif de pr\u00e9servation et de valorisation du patrimoine d\u2019une part et d\u2019apaisement du quartier d\u2019autre part\u00a0\u00bb, a pr\u00e9cis\u00e9 Mathieu Klein.<\/p>\n<p>\u00ab\u00a0La porte restera donc ferm\u00e9e sauf pour les pi\u00e9tons et les cyclistes, l\u2019acc\u00e8s au quartier pour les voitures \u00e9tant toujours possible par la rue Sellier. Le temps est venu, dans le cadre de la r\u00e9novation du secteur de la porte d\u2019entamer une nouvelle \u00e8re\u00a0\u00bb, a conclu le maire en r\u00e9f\u00e9rence aux travaux de r\u00e9novation des b\u00e2timents jouxtant la porte, <a href=\"https:\/\/www.estrepublicain.fr\/culture-loisirs\/2025\/11\/02\/ou-en-est-le-projet-immobilier-a-plusieurs-millions-d-euros-porte-de-la-citadelle\" target=\"_blank\" rel=\"noopener\">logements sociaux et cr\u00e8che \u00e9tant pr\u00e9vus ici<\/a> (les travaux devraient bient\u00f4t d\u00e9buter).<\/p>\n","protected":false},"excerpt":{"rendered":"La porte de la Citadelle permet le passage entre la vieille ville et le quartier des Trois-Maisons. Ferm\u00e9e&hellip;\n","protected":false},"author":2,"featured_media":540748,"comment_status":"","ping_status":"","sticky":false,"template":"","format":"standard","meta":{"footnotes":""},"categories":[9635],"tags":[1111,11,3542,1704,1777,674,1011,27,775,1702,1703,12,25,2803],"class_list":{"0":"post-540747","1":"post","2":"type-post","3":"status-publish","4":"format-standard","5":"has-post-thumbnail","7":"category-nancy","8":"tag-actu","9":"tag-actualites","10":"tag-circulation","11":"tag-edition-nancy-et-agglomeration","12":"tag-eu","13":"tag-europe","14":"tag-fr","15":"tag-france","16":"tag-grand-est","17":"tag-nancy","18":"tag-nancy-ville-54b","19":"tag-news","20":"tag-republique-francaise","21":"tag-transport"},"share_on_mastodon":{"url":"https:\/\/pubeurope.com\/@fr\/115566339986370712","error":""},"_links":{"self":[{"href":"https:\/\/www.europesays.com\/fr\/wp-json\/wp\/v2\/posts\/540747","targetHints":{"allow":["GET"]}}],"collection":[{"href":"https:\/\/www.europesays.com\/fr\/wp-json\/wp\/v2\/posts"}],"about":[{"href":"https:\/\/www.europesays.com\/fr\/wp-json\/wp\/v2\/types\/post"}],"author":[{"embeddable":true,"href":"https:\/\/www.europesays.com\/fr\/wp-json\/wp\/v2\/users\/2"}],"replies":[{"embeddable":true,"href":"https:\/\/www.europesays.com\/fr\/wp-json\/wp\/v2\/comments?post=540747"}],"version-history":[{"count":0,"href":"https:\/\/www.europesays.com\/fr\/wp-json\/wp\/v2\/posts\/540747\/revisions"}],"wp:featuredmedia":[{"embeddable":true,"href":"https:\/\/www.europesays.com\/fr\/wp-json\/wp\/v2\/media\/540748"}],"wp:attachment":[{"href":"https:\/\/www.europesays.com\/fr\/wp-json\/wp\/v2\/media?parent=540747"}],"wp:term":[{"taxonomy":"category","embeddable":true,"href":"https:\/\/www.europesays.com\/fr\/wp-json\/wp\/v2\/categories?post=540747"},{"taxonomy":"post_tag","embeddable":true,"href":"https:\/\/www.europesays.com\/fr\/wp-json\/wp\/v2\/tags?post=540747"}],"curies":[{"name":"wp","href":"https:\/\/api.w.org\/{rel}","templated":true}]}}