{"id":540760,"date":"2025-11-17T18:05:13","date_gmt":"2025-11-17T18:05:13","guid":{"rendered":"https:\/\/www.europesays.com\/fr\/540760\/"},"modified":"2025-11-17T18:05:13","modified_gmt":"2025-11-17T18:05:13","slug":"une-femme-agee-de-99-ans-attend-64-heures-sur-un-brancard-aux-urgences-du-chu-de-rouen","status":"publish","type":"post","link":"https:\/\/www.europesays.com\/fr\/540760\/","title":{"rendered":"Une femme \u00e2g\u00e9e de 99 ans attend 64 heures sur un brancard aux urgences du CHU de Rouen"},"content":{"rendered":"<p>Claire, une femme \u00e2g\u00e9e de 99 ans, a attendu pendant 64 heures aux urgences du CHU de Rouen qu&rsquo;un lit d&rsquo;hospitalisation se lib\u00e8re en octobre. Sa petite-fille t\u00e9moigne, et d\u00e9nonce le manque de moyens et de personnels \u00e0 l&rsquo;h\u00f4pital public.<\/p>\n<p><strong>Soixante-quatre heures sur un brancard<\/strong>, dans un box, aux urgences du CHU de Rouen. C&rsquo;est ce qu&rsquo;a v\u00e9cu Claire, 99 ans, il y a un mois, le week-end du 18 octobre 2025. La personne \u00e2g\u00e9e avait du mal \u00e0 respirer le vendredi soir. Le SAMU l&rsquo;a emmen\u00e9e aux urgences vers 21h30, elle y est rest\u00e9e jusqu&rsquo;au lundi midi. Elle a \u00e9t\u00e9 alors transf\u00e9r\u00e9e en d\u00e9but d&rsquo;apr\u00e8s-midi dans le service soins de suite et de r\u00e9adaptation, SSR, \u00e0 Bois-Guillaume, un service du CHU de Rouen.\u00a0Claire est rest\u00e9e hospitalis\u00e9e un peu plus d&rsquo;une semaine, elle a pu rentrer chez elle le mardi 28 octobre.<\/p>\n<p>La quasi-centenaire a eu un OAP, un \u0153d\u00e8me aigu du poumon. Le diagnostic a \u00e9t\u00e9 r\u00e9alis\u00e9 assez rapidement le vendredi soir aux urgences, elle a \u00e9t\u00e9 mise sous oxyg\u00e8ne, sous perfusion. Mais le plus long, \u00e7a a \u00e9t\u00e9 <strong>l&rsquo;attente pour avoir un lit d&rsquo;hospitalisation.<\/strong>\u00a0Sa petite fille Aline a racont\u00e9 cette histoire dans une longue\u00a0<a target=\"_blank\" rel=\"nofollow noopener noreferrer\" class=\"IciLink ici-link IciArticleLink g-ici-body-regular-1 underline brand svelte-lu7k6w\" href=\"https:\/\/www.facebook.com\/aline.gougeon.3\/posts\/pfbid0fVvQHmTrf6cfBiwYf8GX4QZX3Riehi41UTpeHnqvJSzmVaiVXsayoePS6994o7NKl\">publication sur Facebook<\/a>, partag\u00e9e pr\u00e8s de 1.000 fois.<\/p>\n<p>loading<\/p>\n<p>Aline, infirmi\u00e8re de profession, et sa m\u00e8re, se sont relay\u00e9es aupr\u00e8s de la dame \u00e2g\u00e9e. Aline a m\u00eame aid\u00e9 le personnel du CHU \u00e0 changer sa grand-m\u00e8re, elle a apport\u00e9 ses repas, l&rsquo;a fait manger et lui a mass\u00e9 les jambes, car des rougeurs commen\u00e7aient \u00e0 apparaitre faute de lit adapt\u00e9 et de pouvoir bouger.<\/p>\n<p>loading<\/p>\n<p>Cette histoire, c&rsquo;est un exemple parmi tant d&rsquo;autres, ce n&rsquo;est pas un cas isol\u00e9, regrette Urielle Piedno\u00ebl, aide-soignante, repr\u00e9sentante du personnel pour le syndicat UNSA. Elle a vu la publication Facebook d&rsquo;Aline et l&rsquo;a contact\u00e9e.<\/p>\n<p>loading<\/p>\n<p>Contact\u00e9, le CHU de Rouen juge cette histoire \u00ab\u00a0regrettable\u00a0\u00bb, et explique que <strong>la situation \u00e9tait \u00ab\u00a0exceptionnellement tendue aux urgences\u00a0\u00bb<\/strong> ce week-end-l\u00e0, avec plus de 250 passages en 24 heures contre environ 200 pour 24h habituellement. Beaucoup de ces patients devaient \u00eatre hospitalis\u00e9s, mais sans place disponible, car il y avait aussi eu moins de sorties que pr\u00e9vu.<\/p>\n<p>L&rsquo;UNSA demande de son c\u00f4t\u00e9 \u00e0 l&rsquo;agence r\u00e9gionale de sant\u00e9 de Normandie plus de moyens\u00a0: plus de lits d&rsquo;hospitalisation et plus de personnels pour prendre en charge les patients. Claire, elle, est fatigu\u00e9e et se remet doucement de son hospitalisation.<\/p>\n<p> (function(w, d) {     if (w.FB &#038;&#038; w.FB.XFBML &#038;&#038; w.FB.XFBML.parse) {         if (&lsquo;undefined&rsquo; == typeof w.__fbTimeout) {             w.__fbTimeout = setTimeout(function() {                 w.FB.XFBML.parse();                 w.__fbTimeout = undefined;             }, 1000);         }     } else if (&lsquo;undefined&rsquo; == typeof w.__fbTimeout) {         if (d.querySelectorAll(&lsquo;#fb-root&rsquo;).length === 0) {             var fbRoot = d.createElement(&lsquo;div&rsquo;);             fbRoot.id = &lsquo;fb-root&rsquo;;             d.querySelector(&lsquo;body&rsquo;).append(fbRoot);         }         if (d.querySelectorAll(&lsquo;#facebook-jssdk&rsquo;).length === 0) {             var fbScript = d.createElement(&lsquo;script&rsquo;);             fbScript.id = &lsquo;facebook-jssdk&rsquo;;             fbScript.src=\u00a0\u00bb\/\/connect.facebook.net\/fr_FR\/sdk.js#xfbml=1&#038;version=v2.8&#038;appId=593991304071705&Prime;;             fbScript.async = 1;             d.querySelector(&lsquo;head&rsquo;).append(fbScript);         }     } })(window, window.document); \\u003C\/script>\\\u00a0\u00bb,\\\u00a0\u00bbprovider\\\u00a0\u00bb:\\\u00a0\u00bbfacebook\\\u00a0\u00bb,\\\u00a0\u00bbdidomiPurposes\\\u00a0\u00bb:\\\u00a0\u00bbPour afficher ce contenu Facebook, vous devez accepter les cookies \\u003Cb>R\u00e9seaux Sociaux\\u003C\/b>.\\u003Cbr>\\u003Cbr>Ces cookies permettent de partager ou r\u00e9agir directement sur les r\u00e9seaux sociaux auxquels vous \u00eates connect\u00e9s ou d&rsquo;int\u00e9grer du contenu initialement post\u00e9 sur ces r\u00e9seaux sociaux. Ils permettent aussi aux r\u00e9seaux sociaux d&rsquo;utiliser vos visites sur nos sites et applications \u00e0 des fins de personnalisation et de ciblage publicitaire.\\\u00a0\u00bb,\\\u00a0\u00bbdidomiVendorId\\\u00a0\u00bb:\\\u00a0\u00bbc:facebookc-rgacRMQm\\\u00a0\u00bb}},{\\\u00a0\u00bbtype\\\u00a0\u00bb:\\\u00a0\u00bbaudio\\\u00a0\u00bb,\\\u00a0\u00bbdata\\\u00a0\u00bb:{\\\u00a0\u00bbid\\\u00a0\u00bb:\\\u00a0\u00bb3172274a-07e0-4f74-8afc-ffbd41900f5b\\\u00a0\u00bb,\\\u00a0\u00bburl\\\u00a0\u00bb:\\\u00a0\u00bbhttps:\/\/www.francebleu.fr\/s3\/cruiser-production-eu3\/2025\/11\/3172274a-07e0-4f74-8afc-ffbd41900f5b\/urgences-chu-rouen-enrobe-net-a9624a9b-fec2-422d-949b-a30cb7e5ec11-r76a.mp3\\\u00a0\u00bb,\\\u00a0\u00bbtitle\\\u00a0\u00bb:\\\u00a0\u00bbLe reportage ici Normandie\\\u00a0\u00bb,\\\u00a0\u00bbduration\\\u00a0\u00bb:76,\\\u00a0\u00bbcopyright\\\u00a0\u00bb:\\\u00a0\u00bba19a3869-2deb-4905-a414-f23a903064ab\\\u00a0\u00bb,\\\u00a0\u00bbauthor\\\u00a0\u00bb:\\\u00a0\u00bbCharlotte Coutard\\\u00a0\u00bb,\\\u00a0\u00bbstationId\\\u00a0\u00bb:56,\\\u00a0\u00bbhtml\\\u00a0\u00bb:\\\u00a0\u00bb\\u003Ciframe src=\\\\\\\u00a0\u00bbhttps:\/\/embed.radiofrance.fr\/francebleu\/player?id_extract=3172274a-07e0-4f74-8afc-ffbd41900f5b\\\\\\\u00a0\u00bb width=\\\\\\\u00a0\u00bb100%\\\\\\\u00a0\u00bb height=\\\\\\\u00a0\u00bb100%\\\\\\\u00a0\u00bb frameBorder=\\\\\\\u00a0\u00bb0\\\\\\\u00a0\u00bb allow=\\\\\\\u00a0\u00bbautoplay; encrypted-media\\\\\\\u00a0\u00bb allowFullScreen \/>\\\u00a0\u00bb}},{\\\u00a0\u00bbtype\\\u00a0\u00bb:\\\u00a0\u00bbtext\\\u00a0\u00bb,\\\u00a0\u00bbchildren\\\u00a0\u00bb:[{\\\u00a0\u00bbtype\\\u00a0\u00bb:\\\u00a0\u00bbtext\\\u00a0\u00bb,\\\u00a0\u00bbvalue\\\u00a0\u00bb:\\\u00a0\u00bbAline, infirmi\u00e8re de profession, et sa m\u00e8re, se sont relay\u00e9es aupr\u00e8s de la dame \u00e2g\u00e9e. Aline a m\u00eame aid\u00e9 le personnel du CHU \u00e0 changer sa grand-m\u00e8re, elle a apport\u00e9 ses repas, l&rsquo;a fait manger et lui a mass\u00e9 les jambes, car des rougeurs commen\u00e7aient \u00e0 apparaitre faute de lit adapt\u00e9 et de pouvoir bouger.\\\u00a0\u00bb}]},{\\\u00a0\u00bbtype\\\u00a0\u00bb:\\\u00a0\u00bbaudio\\\u00a0\u00bb,\\\u00a0\u00bbdata\\\u00a0\u00bb:{\\\u00a0\u00bbid\\\u00a0\u00bb:\\\u00a0\u00bbb01fa208-d796-414f-ba7e-968a6b7c866f\\\u00a0\u00bb,\\\u00a0\u00bburl\\\u00a0\u00bb:\\\u00a0\u00bbhttps:\/\/www.francebleu.fr\/s3\/cruiser-production-eu3\/2025\/11\/b01fa208-d796-414f-ba7e-968a6b7c866f\/urgences-chu-rouen-son-net-948b741d-ea41-4171-93ae-33f0b6df4a13-r76a.mp3\\\u00a0\u00bb,\\\u00a0\u00bbtitle\\\u00a0\u00bb:\\\u00a0\u00bb\\\\\\\u00a0\u00bbLes soignants n&rsquo;y sont pour rien\\\\\\\u00a0\u00bb, explique Aline\\\u00a0\u00bb,\\\u00a0\u00bbduration\\\u00a0\u00bb:56,\\\u00a0\u00bbcopyright\\\u00a0\u00bb:\\\u00a0\u00bba19a3869-2deb-4905-a414-f23a903064ab\\\u00a0\u00bb,\\\u00a0\u00bbauthor\\\u00a0\u00bb:\\\u00a0\u00bbCharlotte Coutard\\\u00a0\u00bb,\\\u00a0\u00bbstationId\\\u00a0\u00bb:56,\\\u00a0\u00bbhtml\\\u00a0\u00bb:\\\u00a0\u00bb\\u003Ciframe src=\\\\\\\u00a0\u00bbhttps:\/\/embed.radiofrance.fr\/francebleu\/player?id_extract=b01fa208-d796-414f-ba7e-968a6b7c866f\\\\\\\u00a0\u00bb width=\\\\\\\u00a0\u00bb100%\\\\\\\u00a0\u00bb height=\\\\\\\u00a0\u00bb100%\\\\\\\u00a0\u00bb frameBorder=\\\\\\\u00a0\u00bb0\\\\\\\u00a0\u00bb allow=\\\\\\\u00a0\u00bbautoplay; encrypted-media\\\\\\\u00a0\u00bb allowFullScreen \/>\\\u00a0\u00bb}},{\\\u00a0\u00bbtype\\\u00a0\u00bb:\\\u00a0\u00bbtext\\\u00a0\u00bb,\\\u00a0\u00bbchildren\\\u00a0\u00bb:[{\\\u00a0\u00bbtype\\\u00a0\u00bb:\\\u00a0\u00bbtext\\\u00a0\u00bb,\\\u00a0\u00bbvalue\\\u00a0\u00bb:\\\u00a0\u00bbCette histoire, c&rsquo;est un exemple parmi tant d&rsquo;autres, ce n&rsquo;est pas un cas isol\u00e9, regrette Urielle Piedno\u00ebl, aide-soignante, repr\u00e9sentante du personnel pour le syndicat UNSA. Elle a vu la publication Facebook d&rsquo;Aline et l&rsquo;a contact\u00e9e.\\\u00a0\u00bb}]},{\\\u00a0\u00bbtype\\\u00a0\u00bb:\\\u00a0\u00bbaudio\\\u00a0\u00bb,\\\u00a0\u00bbdata\\\u00a0\u00bb:{\\\u00a0\u00bbid\\\u00a0\u00bb:\\\u00a0\u00bb1d6d85d4-e94a-48ff-ad00-7a9d8ba16700\\\u00a0\u00bb,\\\u00a0\u00bburl\\\u00a0\u00bb:\\\u00a0\u00bbhttps:\/\/www.radiofrance.fr\/s3\/cruiser-production-eu3\/2025\/11\/1d6d85d4-e94a-48ff-ad00-7a9d8ba16700\/urgences-chu-rouen-son-net-4c5d120b-d685-4df3-8535-aaeb089c0304-r76a.mp3\\\u00a0\u00bb,\\\u00a0\u00bbtitle\\\u00a0\u00bb:\\\u00a0\u00bb\\\\\\\u00a0\u00bbPlus de 200 passages aux urgences par jour\\\\\\\u00a0\u00bb, raconte une repr\u00e9sentante du personnel au CHU de Rouen.\\\u00a0\u00bb,\\\u00a0\u00bbduration\\\u00a0\u00bb:56,\\\u00a0\u00bbcopyright\\\u00a0\u00bb:\\\u00a0\u00bba19a3869-2deb-4905-a414-f23a903064ab\\\u00a0\u00bb,\\\u00a0\u00bbauthor\\\u00a0\u00bb:\\\u00a0\u00bbCharlotte Coutard\\\u00a0\u00bb,\\\u00a0\u00bbstationId\\\u00a0\u00bb:56,\\\u00a0\u00bbhtml\\\u00a0\u00bb:\\\u00a0\u00bb\\u003Ciframe src=\\\\\\\u00a0\u00bbhttps:\/\/embed.radiofrance.fr\/francebleu\/player?id_extract=1d6d85d4-e94a-48ff-ad00-7a9d8ba16700\\\\\\\u00a0\u00bb width=\\\\\\\u00a0\u00bb100%\\\\\\\u00a0\u00bb height=\\\\\\\u00a0\u00bb100%\\\\\\\u00a0\u00bb frameBorder=\\\\\\\u00a0\u00bb0\\\\\\\u00a0\u00bb allow=\\\\\\\u00a0\u00bbautoplay; encrypted-media\\\\\\\u00a0\u00bb allowFullScreen \/>\\\u00a0\u00bb}},{\\\u00a0\u00bbtype\\\u00a0\u00bb:\\\u00a0\u00bbtext\\\u00a0\u00bb,\\\u00a0\u00bbchildren\\\u00a0\u00bb:[{\\\u00a0\u00bbtype\\\u00a0\u00bb:\\\u00a0\u00bbtext\\\u00a0\u00bb,\\\u00a0\u00bbvalue\\\u00a0\u00bb:\\\u00a0\u00bbContact\u00e9, le CHU de Rouen juge cette histoire \\u003Cem>\\\\\\\u00a0\u00bbregrettable\\\\\\\u00a0\u00bb\\u003C\/em>, et explique que \\u003Cstrong>la situation \u00e9tait \\u003Cem>\\\\\\\u00a0\u00bbexceptionnellement tendue aux urgences\\\\\\\u00a0\u00bb\\u003C\/em>\\u003C\/strong> ce week-end-l\u00e0, avec plus de 250 passages en 24 heures contre environ 200 pour 24h habituellement. Beaucoup de ces patients devaient \u00eatre hospitalis\u00e9s, mais sans place disponible, car il y avait aussi eu moins de sorties que pr\u00e9vu.\\\u00a0\u00bb}]},{\\\u00a0\u00bbtype\\\u00a0\u00bb:\\\u00a0\u00bbtext\\\u00a0\u00bb,\\\u00a0\u00bbchildren\\\u00a0\u00bb:[{\\\u00a0\u00bbtype\\\u00a0\u00bb:\\\u00a0\u00bbtext\\\u00a0\u00bb,\\\u00a0\u00bbvalue\\\u00a0\u00bb:\\\u00a0\u00bbL&rsquo;UNSA demande de son c\u00f4t\u00e9 \u00e0 l&rsquo;agence r\u00e9gionale de sant\u00e9 de Normandie plus de moyens\u00a0: plus de lits d&rsquo;hospitalisation et plus de personnels pour prendre en charge les patients. Claire, elle, est fatigu\u00e9e et se remet doucement de son hospitalisation.\\\u00a0\u00bb}]}]}},\\\u00a0\u00bbdisplay\\\u00a0\u00bb:{\\\u00a0\u00bbhighBanner\\\u00a0\u00bb:true}}\u00a0\u00bb}<\/p>\n","protected":false},"excerpt":{"rendered":"Claire, une femme \u00e2g\u00e9e de 99 ans, a attendu pendant 64 heures aux urgences du CHU de Rouen&hellip;\n","protected":false},"author":2,"featured_media":540761,"comment_status":"","ping_status":"","sticky":false,"template":"","format":"standard","meta":{"footnotes":""},"categories":[9587],"tags":[1111,11,1777,674,1011,27,12,5161,25,9590],"class_list":{"0":"post-540760","1":"post","2":"type-post","3":"status-publish","4":"format-standard","5":"has-post-thumbnail","7":"category-rouen","8":"tag-actu","9":"tag-actualites","10":"tag-eu","11":"tag-europe","12":"tag-fr","13":"tag-france","14":"tag-news","15":"tag-normandie","16":"tag-republique-francaise","17":"tag-rouen"},"share_on_mastodon":{"url":"https:\/\/pubeurope.com\/@fr\/115566367512254493","error":""},"_links":{"self":[{"href":"https:\/\/www.europesays.com\/fr\/wp-json\/wp\/v2\/posts\/540760","targetHints":{"allow":["GET"]}}],"collection":[{"href":"https:\/\/www.europesays.com\/fr\/wp-json\/wp\/v2\/posts"}],"about":[{"href":"https:\/\/www.europesays.com\/fr\/wp-json\/wp\/v2\/types\/post"}],"author":[{"embeddable":true,"href":"https:\/\/www.europesays.com\/fr\/wp-json\/wp\/v2\/users\/2"}],"replies":[{"embeddable":true,"href":"https:\/\/www.europesays.com\/fr\/wp-json\/wp\/v2\/comments?post=540760"}],"version-history":[{"count":0,"href":"https:\/\/www.europesays.com\/fr\/wp-json\/wp\/v2\/posts\/540760\/revisions"}],"wp:featuredmedia":[{"embeddable":true,"href":"https:\/\/www.europesays.com\/fr\/wp-json\/wp\/v2\/media\/540761"}],"wp:attachment":[{"href":"https:\/\/www.europesays.com\/fr\/wp-json\/wp\/v2\/media?parent=540760"}],"wp:term":[{"taxonomy":"category","embeddable":true,"href":"https:\/\/www.europesays.com\/fr\/wp-json\/wp\/v2\/categories?post=540760"},{"taxonomy":"post_tag","embeddable":true,"href":"https:\/\/www.europesays.com\/fr\/wp-json\/wp\/v2\/tags?post=540760"}],"curies":[{"name":"wp","href":"https:\/\/api.w.org\/{rel}","templated":true}]}}