{"id":540770,"date":"2025-11-17T18:10:27","date_gmt":"2025-11-17T18:10:27","guid":{"rendered":"https:\/\/www.europesays.com\/fr\/540770\/"},"modified":"2025-11-17T18:10:27","modified_gmt":"2025-11-17T18:10:27","slug":"strasbourg-avec-helene-vitorge-impertinente-du-spectacle-une-mobilisation-pour-la-culture-ce-mardi-18-novembre","status":"publish","type":"post","link":"https:\/\/www.europesays.com\/fr\/540770\/","title":{"rendered":"Strasbourg. Avec H\u00e9l\u00e8ne Vitorge, \u00ab\u00a0impertinente du spectacle\u00a0\u00bb, une mobilisation pour la culture ce mardi 18\u00a0novembre"},"content":{"rendered":"<p>Seule en sc\u00e8ne, casque sur la t\u00eate, H\u00e9l\u00e8ne Vitorge se transforme en sp\u00e9l\u00e9ologue. Qu\u2019explore-t-elle\u00a0? Le trou de la S\u00e9curit\u00e9 sociale, entre autres.<\/p>\n<p>Dans la conf\u00e9rence gesticul\u00e9e, Impertinente du spectacle, t\u2019as pas la gueule de l\u2019emploi, la com\u00e9dienne s\u2019appuie sur une (mauvaise) exp\u00e9rience personnelle. Il y a quelques ann\u00e9es, P\u00f4le emploi d\u00e9clenchait contre elle une d\u00e9marche anti-fraude. Gr\u00e2ce notamment au&#8230;<\/p>\n","protected":false},"excerpt":{"rendered":"Seule en sc\u00e8ne, casque sur la t\u00eate, H\u00e9l\u00e8ne Vitorge se transforme en sp\u00e9l\u00e9ologue. Qu\u2019explore-t-elle\u00a0? Le trou de la&hellip;\n","protected":false},"author":2,"featured_media":540771,"comment_status":"","ping_status":"","sticky":false,"template":"","format":"standard","meta":{"footnotes":""},"categories":[2820],"tags":[1111,11,2389,1687,2880,1777,674,107,1011,27,775,12,25,3140,640,2879],"class_list":{"0":"post-540770","1":"post","2":"type-post","3":"status-publish","4":"format-standard","5":"has-post-thumbnail","7":"category-strasbourg","8":"tag-actu","9":"tag-actualites","10":"tag-alsace","11":"tag-culture-loisirs","12":"tag-edition-strasbourg","13":"tag-eu","14":"tag-europe","15":"tag-fil-info","16":"tag-fr","17":"tag-france","18":"tag-grand-est","19":"tag-news","20":"tag-republique-francaise","21":"tag-spectacle","22":"tag-strasbourg","23":"tag-strasbourg-ville"},"share_on_mastodon":{"url":"https:\/\/pubeurope.com\/@fr\/115566387212928065","error":""},"_links":{"self":[{"href":"https:\/\/www.europesays.com\/fr\/wp-json\/wp\/v2\/posts\/540770","targetHints":{"allow":["GET"]}}],"collection":[{"href":"https:\/\/www.europesays.com\/fr\/wp-json\/wp\/v2\/posts"}],"about":[{"href":"https:\/\/www.europesays.com\/fr\/wp-json\/wp\/v2\/types\/post"}],"author":[{"embeddable":true,"href":"https:\/\/www.europesays.com\/fr\/wp-json\/wp\/v2\/users\/2"}],"replies":[{"embeddable":true,"href":"https:\/\/www.europesays.com\/fr\/wp-json\/wp\/v2\/comments?post=540770"}],"version-history":[{"count":0,"href":"https:\/\/www.europesays.com\/fr\/wp-json\/wp\/v2\/posts\/540770\/revisions"}],"wp:featuredmedia":[{"embeddable":true,"href":"https:\/\/www.europesays.com\/fr\/wp-json\/wp\/v2\/media\/540771"}],"wp:attachment":[{"href":"https:\/\/www.europesays.com\/fr\/wp-json\/wp\/v2\/media?parent=540770"}],"wp:term":[{"taxonomy":"category","embeddable":true,"href":"https:\/\/www.europesays.com\/fr\/wp-json\/wp\/v2\/categories?post=540770"},{"taxonomy":"post_tag","embeddable":true,"href":"https:\/\/www.europesays.com\/fr\/wp-json\/wp\/v2\/tags?post=540770"}],"curies":[{"name":"wp","href":"https:\/\/api.w.org\/{rel}","templated":true}]}}