{"id":540780,"date":"2025-11-17T18:15:32","date_gmt":"2025-11-17T18:15:32","guid":{"rendered":"https:\/\/www.europesays.com\/fr\/540780\/"},"modified":"2025-11-17T18:15:32","modified_gmt":"2025-11-17T18:15:32","slug":"la-droite-et-le-centre-sallient-pour-reprendre-nantes-aux-mains-de-la-gauche-depuis-36-ans","status":"publish","type":"post","link":"https:\/\/www.europesays.com\/fr\/540780\/","title":{"rendered":"la droite et le centre s\u2019allient pour reprendre Nantes, aux mains de la gauche depuis 36 ans"},"content":{"rendered":"<p>\n    Les partis LR, Modem, Horizons et Renaissance partiront unis pour multiplier leurs chances de victoire. Cette coalition in\u00e9dite a mis du temps \u00e0 se dessiner.<\/p>\n<p class=\"fig-paragraph\"><a href=\"http:\/\/www.lefigaro.fr\/nantes\/municipales-2026-dans-un-contexte-politique-incertain-les-tractations-entre-la-droite-et-le-centre-se-poursuivent-a-nantes-20251009\" target=\"_blank\" data-fig-type=\"NewsFlash\" rel=\"noopener nofollow\" data-gtm-custom-categorie=\"navigation\" data-gtm-custom-action=\"crossclick\" data-gtm-custom-label=\"Contextuel\" data-gtm-event=\"customEventSPE\" data-fig-domain=\"LEFIGARO\">L\u2019alliance de la droite et du centre<\/a>\u00a0se concr\u00e9tise \u00e0\u00a0<a href=\"http:\/\/www.lefigaro.fr\/nantes\/a-nantes-la-lutte-contre-les-rodeos-urbains-monte-en-intensite-20251113\" target=\"_blank\" data-fig-type=\"NewsFlash\" rel=\"noopener nofollow\" data-gtm-custom-categorie=\"navigation\" data-gtm-custom-action=\"crossclick\" data-gtm-custom-label=\"Contextuel\" data-gtm-event=\"customEventSPE\" data-fig-domain=\"LEFIGARO\">Nantes<\/a>. Les deux forces politiques partiront unies pour les\u00a0<a href=\"http:\/\/www.lefigaro.fr\/nantes\/municipales-a-nantes-les-ecologistes-devoilent-leur-programme-en-attendant-une-eventuelle-union-des-gauches-20250929\" target=\"_blank\" data-fig-type=\"NewsFlash\" rel=\"noopener nofollow\" data-gtm-custom-categorie=\"navigation\" data-gtm-custom-action=\"crossclick\" data-gtm-custom-label=\"Contextuel\" data-gtm-event=\"customEventSPE\" data-fig-domain=\"LEFIGARO\">prochaines municipales<\/a>. Objectif\u00a0: r\u00e9cup\u00e9rer la ville dirig\u00e9e depuis 1989 par la gauche.\u00a0<a href=\"http:\/\/www.lefigaro.fr\/nantes\/municipales-2026-a-nantes-la-droite-et-le-centre-s-allient-pour-recuperer-la-ville-dirigee-par-la-gauche-depuis-1989-20250120\" target=\"_blank\" data-fig-type=\"NewsFlash\" rel=\"noopener nofollow\" data-gtm-custom-categorie=\"navigation\" data-gtm-custom-action=\"crossclick\" data-gtm-custom-label=\"Contextuel\" data-gtm-event=\"customEventSPE\" data-fig-domain=\"LEFIGARO\">Annonc\u00e9e en janvier<\/a>, la r\u00e9alisation de cette coalition a \u00e9t\u00e9 marqu\u00e9e par\u00a0<a href=\"http:\/\/www.lefigaro.fr\/nantes\/municipales-2026-a-nantes-la-droite-deja-divisee-apres-le-coup-de-force-d-un-aspirant-a-la-mairie-20231015\" target=\"_blank\" data-fig-type=\"Article\" rel=\"noopener nofollow\" data-gtm-custom-categorie=\"navigation\" data-gtm-custom-action=\"crossclick\" data-gtm-custom-label=\"Contextuel\" data-gtm-event=\"customEventSPE\" data-fig-domain=\"LEFIGARO\">de multiples rebondissements<\/a>. Mais c\u2019est d\u00e9sormais chose faite\u00a0: samedi, les quatre premiers noms qui circulaient depuis quelques jours ont officiellement \u00e9t\u00e9 d\u00e9voil\u00e9s dans la presse locale et sur les r\u00e9seaux sociaux. Les quatre conseillers municipaux d\u2019opposition s\u2019y affichent tout sourire.<\/p>\n<p class=\"fig-paragraph\">Sans surprise,\u00a0<a href=\"http:\/\/www.lefigaro.fr\/nantes\/qui-est-foulques-chombart-de-lauwe-nouveau-champion-de-la-droite-a-nantes-20250901\" target=\"_blank\" data-fig-type=\"NewsFlash\" rel=\"noopener nofollow\" data-gtm-custom-categorie=\"navigation\" data-gtm-custom-action=\"crossclick\" data-gtm-custom-label=\"Contextuel\" data-gtm-event=\"customEventSPE\" data-fig-domain=\"LEFIGARO\">Foulques Chombart de Lauwe<\/a>, vainqueur de la\u00a0<a href=\"http:\/\/www.lefigaro.fr\/nantes\/municipales-foulques-chombart-de-lauwe-remporte-la-primaire-lr-a-nantes-20250831\" target=\"_blank\" data-fig-type=\"NewsFlash\" rel=\"noopener nofollow\" data-gtm-custom-categorie=\"navigation\" data-gtm-custom-action=\"crossclick\" data-gtm-custom-label=\"Contextuel\" data-gtm-event=\"customEventSPE\" data-fig-domain=\"LEFIGARO\">primaire LR<\/a>, brigue la premi\u00e8re place. \u00c0 ses c\u00f4t\u00e9s, la haute-commissaire \u00e0 l\u2019Enfance\u00a0<a href=\"http:\/\/www.lefigaro.fr\/politique\/sarah-el-hairy-une-societe-qui-ne-fait-plus-d-enfant-s-appauvrit-et-laisse-son-destin-s-eteindre-a-petit-feu-20250728\" target=\"_blank\" data-fig-type=\"Article\" rel=\"noopener nofollow\" data-gtm-custom-categorie=\"navigation\" data-gtm-custom-action=\"crossclick\" data-gtm-custom-label=\"Contextuel\" data-gtm-event=\"customEventSPE\" data-fig-domain=\"LEFIGARO\">Sarah El Ha\u00efry<\/a>\u00a0(Modem), occupe la deuxi\u00e8me position sur la liste. En trois et quatre, figurent les noms de\u00a0<a href=\"http:\/\/www.lefigaro.fr\/nantes\/nantes-un-elu-d-opposition-propose-d-instaurer-une-charte-de-la-laicite-a-force-contraignante-20241209\" target=\"_blank\" data-fig-type=\"NewsFlash\" rel=\"noopener nofollow\" data-gtm-custom-categorie=\"navigation\" data-gtm-custom-action=\"crossclick\" data-gtm-custom-label=\"Contextuel\" data-gtm-event=\"customEventSPE\" data-fig-domain=\"LEFIGARO\">Guillaume Richard<\/a>, repr\u00e9sentant local d\u2019Horizons, et Val\u00e9rie Oppelt, pilote pour Renaissance aux municipales et ancienne candidate de LREM en 2020.<\/p>\n<p>                                    <a class=\"fig-a11y-skip a11y-hidden\" href=\"#fig-a11y-skip-main-inarticle\"><br \/>\n        Passer la publicit\u00e9<br \/>\n    <\/a><\/p>\n<p>Contre Johanna Rolland<\/p>\n<p class=\"fig-paragraph\">\u00abLes grands \u00e9quilibres ont \u00e9t\u00e9 discut\u00e9s entre la droite et le centre. Cela nous permettra de pr\u00e9senter en janvier une liste plus compl\u00e8te\u00bb, fait savoir Foulques Chombart de Lauwe, joint par t\u00e9l\u00e9phone. \u00abCette alliance est d\u2019abord une r\u00e9ponse au souhait d\u2019alternance exprim\u00e9 par beaucoup de Nantais. Ce n\u2019est pas un accord d\u2019appareils, c\u2019est un accord de projet, construit \u00e0 partir de notre connaissance du terrain\u00bb, souligne l\u2019ancienne ministre Sarah El Ha\u00efry, aupr\u00e8s du Figaro. \u00abOn assume nos diff\u00e9rences, on ne les gomme pas\u00a0: on les met au service d\u2019un projet commun.\u00bb<\/p>\n<p class=\"fig-paragraph\">Leur candidature commune est motiv\u00e9e par le fait de d\u00e9loger la maire socialiste Johanna Rolland, qui a elle aussi r\u00e9cemment annonc\u00e9 une\u00a0<a href=\"http:\/\/www.lefigaro.fr\/nantes\/municipales-a-nantes-socialistes-et-ecologistes-s-allient-contre-la-droite-et-face-aux-insoumis-20251016\" target=\"_blank\" data-fig-type=\"NewsFlash\" rel=\"noopener nofollow\" data-gtm-custom-categorie=\"navigation\" data-gtm-custom-action=\"crossclick\" data-gtm-custom-label=\"Contextuel\" data-gtm-event=\"customEventSPE\" data-fig-domain=\"LEFIGARO\">union avec les \u00e9cologistes<\/a>. \u00abElle a choisi deux priorit\u00e9s qui laissent les habitants un peu m\u00e9dus\u00e9s\u00a0: faire de Nantes une ville refuge pour les migrants quels qu\u2019ils soient, et faire 40% de logements sociaux\u00bb, attaque Foulques Chombart de Lauwe. Lui reste convaincu que certaines personnes ne s\u2019y retrouvent pas, face \u00e0 une ligne de plus en plus \u00e0 gauche. \u00abOn va prendre une approche oppos\u00e9e \u00e0 la sienne\u00bb, souhaite le n\u00e9ocandidat, qui partage avec ses alli\u00e9s le fait de ne pas faire d\u2019alliance avec le RN et de ne pas voter de hausse de fiscalit\u00e9. \u00abIl existe une alternance cr\u00e9dible, rassembl\u00e9e, qui parle \u00e0 la fois aux \u00e9lecteurs de droite mod\u00e9r\u00e9e, du centre et aux d\u00e9\u00e7us de la majorit\u00e9 actuelle\u00bb, rench\u00e9rit sa bin\u00f4me Sarah El Ha\u00efry.<\/p>\n<p class=\"fig-paragraph\">Contrairement au\u00a0<a href=\"http:\/\/www.lefigaro.fr\/politique\/l-alliance-avec-le-centre-ou-l-union-des-droites-les-republicains-a-l-heure-du-choix-20251114\" target=\"_blank\" data-fig-type=\"Article\" rel=\"noopener nofollow\" data-gtm-custom-categorie=\"navigation\" data-gtm-custom-action=\"crossclick\" data-gtm-custom-label=\"Contextuel\" data-gtm-event=\"customEventSPE\" data-fig-domain=\"LEFIGARO\">niveau national<\/a>\u00a0o\u00f9 les \u00e9quilibres ne sont pas arr\u00eat\u00e9s, ici, l\u2019addition des partis s\u2019est impos\u00e9e plus facilement. \u00abOn vote 90% des fois la m\u00eame chose au conseil municipal\u00bb, observe Foulques Chombart de Lauwe, en parlant des centristes. \u00abC\u2019est la suite logique de ce que nous voulions tous, faire l\u2019union pour gagner\u00bb, expose Guillaume Richard, qui planche depuis des mois sur des propositions concr\u00e8tes avec son parti Horizons.<\/p>\n<p>Deux candidats Renaissance claquent la porte<\/p>\n<p class=\"fig-paragraph\">Mais derri\u00e8re cette s\u00e9r\u00e9nit\u00e9 apparente, cet accord a \u00e9t\u00e9 le fruit de<a href=\"http:\/\/www.lefigaro.fr\/nantes\/municipales-2026-entre-deux-candidats-determines-le-choix-du-chef-de-file-lr-impatiente-la-droite-nantaise-20250626\" target=\"_blank\" data-fig-type=\"NewsFlash\" rel=\"noopener nofollow\" data-gtm-custom-categorie=\"navigation\" data-gtm-custom-action=\"crossclick\" data-gtm-custom-label=\"Contextuel\" data-gtm-event=\"customEventSPE\" data-fig-domain=\"LEFIGARO\">\u00a0longues tractations<\/a>. Tout d\u2019abord, il faut remonter au mois\u00a0<a href=\"https:\/\/www.google.com\/search?q=foulques+annonce+candidature+fiagro.fr&amp;rlz=1C1GCEA_enFR1001FR1006&amp;oq=foulques+annonce+candidature+fiagro.fr&amp;gs_lcrp=EgZjaHJvbWUyBggAEEUYOTIHCAEQIRigATIHCAIQIRigATIHCAMQIRigAdIBCDQ4MzlqMGo0qAIAsAIA&amp;sourceid=chrome&amp;ie=UTF-8\" target=\"_blank\" rel=\"noopener nofollow\" data-gtm-custom-categorie=\"navigation\" data-gtm-custom-action=\"crossclick\" data-gtm-custom-label=\"Contextuel\" data-gtm-event=\"customEventSPE\">d\u2019octobre 2023<\/a>, o\u00f9 Foulques Chombart de Lauwe annonce du jour au lendemain sa candidature en solo. Exclu de son groupe, il r\u00e9clame pendant des mois une primaire, qu\u2019il parvient \u00e0 imposer. Fin ao\u00fbt, lors de cette\u00a0<a href=\"http:\/\/www.lefigaro.fr\/elections\/municipales\/municipales-2026-a-nantes-une-consultation-fin-aout-pour-departager-les-deux-candidats-lr-20250729\" target=\"_blank\" data-fig-type=\"NewsFlash\" rel=\"noopener nofollow\" data-gtm-custom-categorie=\"navigation\" data-gtm-custom-action=\"crossclick\" data-gtm-custom-label=\"Contextuel\" data-gtm-event=\"customEventSPE\" data-fig-domain=\"LEFIGARO\">consultation des adh\u00e9rents LR<\/a>, il remporte le scrutin. \u00abLes gens n\u2019attendaient pas ma victoire\u00bb, se souvient l\u2019int\u00e9ress\u00e9. Puis, il a fallu l\u2019adoubement des instances nationales.<\/p>\n<p class=\"fig-paragraph\">S\u00e9natrice LR et ancienne candidate de la droite en 2014 et 2020 \u00e0 Nantes, Laurence Garnier n\u2019appara\u00eet pour sa part pas dans le quatuor. \u00abJe prendrai ma part au combat\u00bb, confie-t-elle, sous-entendant une probable apparition sur la liste qu\u2019elle soutient. Lors de la primaire, elle avait soutenu le conseiller municipal LR Julien Bainvel, qui reste pour l\u2019heure silencieux.<\/p>\n<p>                                    <a class=\"fig-a11y-skip a11y-hidden\" href=\"#fig-a11y-skip-main-inarticle_mtf\"><br \/>\n        Passer la publicit\u00e9<br \/>\n    <\/a><\/p>\n<p class=\"fig-paragraph\">Plus bruyants, deux \u00e9lus n\u2019ont en revanche pas m\u00e2ch\u00e9 leurs mots face \u00e0 cette alliance. Dans un communiqu\u00e9 envoy\u00e9 lundi, les conseillers d\u2019opposition de Renaissance Mounir Belhamiti et Erwan Huchet ont d\u00e9cid\u00e9 de claquer la porte. Venant de la gauche, ils expliquent ne pas s\u2019y retrouver. Ils se r\u00e9f\u00e8rent aussi \u00e0 une r\u00e9union interne du 6 septembre o\u00f9 les militants Renaissance \u00absouhaitaient un rassemblement autour de Sarah El Ha\u00efry\u00bb et o\u00f9 \u00abtr\u00e8s peu se d\u00e9claraient favorables \u00e0 un soutien \u00e0 la candidature de M. Chombart de Lauwe\u00bb. Si\u00e9geant d\u2019ordinaire au conseil municipal avec Sarah El Ha\u00efry et Val\u00e9rie Oppelt au sein du groupe \u00c9lus D\u00e9mocrates et Progressistes Nantes, ils annoncent s\u2019en \u00e9manciper, taclant au passage \u00able glissement vers une droite ultraconservatrice\u00bb du candidat d\u00e9sign\u00e9. \u00abFoulques n\u2019est pas la caricature de droite dure que certains veulent d\u00e9crire. C\u2019est un homme de compromis, attach\u00e9 aux libert\u00e9s et \u00e0 l\u2019\u00e9quilibre. On a travaill\u00e9 ensemble jusqu\u2019\u00e0 trouver un consensus acceptable par chacun\u00bb, d\u00e9fend de son c\u00f4t\u00e9 Sarah El Ha\u00efry.<\/p>\n","protected":false},"excerpt":{"rendered":"Les partis LR, Modem, Horizons et Renaissance partiront unis pour multiplier leurs chances de victoire. Cette coalition in\u00e9dite&hellip;\n","protected":false},"author":2,"featured_media":540781,"comment_status":"","ping_status":"","sticky":false,"template":"","format":"standard","meta":{"footnotes":""},"categories":[2818],"tags":[1111,11,6592,1777,674,1011,27,3554,766,12,2636,25],"class_list":{"0":"post-540780","1":"post","2":"type-post","3":"status-publish","4":"format-standard","5":"has-post-thumbnail","7":"category-nantes","8":"tag-actu","9":"tag-actualites","10":"tag-droite","11":"tag-eu","12":"tag-europe","13":"tag-fr","14":"tag-france","15":"tag-municipales","16":"tag-nantes","17":"tag-news","18":"tag-pays-de-la-loire","19":"tag-republique-francaise"},"share_on_mastodon":{"url":"https:\/\/pubeurope.com\/@fr\/115566406828179000","error":""},"_links":{"self":[{"href":"https:\/\/www.europesays.com\/fr\/wp-json\/wp\/v2\/posts\/540780","targetHints":{"allow":["GET"]}}],"collection":[{"href":"https:\/\/www.europesays.com\/fr\/wp-json\/wp\/v2\/posts"}],"about":[{"href":"https:\/\/www.europesays.com\/fr\/wp-json\/wp\/v2\/types\/post"}],"author":[{"embeddable":true,"href":"https:\/\/www.europesays.com\/fr\/wp-json\/wp\/v2\/users\/2"}],"replies":[{"embeddable":true,"href":"https:\/\/www.europesays.com\/fr\/wp-json\/wp\/v2\/comments?post=540780"}],"version-history":[{"count":0,"href":"https:\/\/www.europesays.com\/fr\/wp-json\/wp\/v2\/posts\/540780\/revisions"}],"wp:featuredmedia":[{"embeddable":true,"href":"https:\/\/www.europesays.com\/fr\/wp-json\/wp\/v2\/media\/540781"}],"wp:attachment":[{"href":"https:\/\/www.europesays.com\/fr\/wp-json\/wp\/v2\/media?parent=540780"}],"wp:term":[{"taxonomy":"category","embeddable":true,"href":"https:\/\/www.europesays.com\/fr\/wp-json\/wp\/v2\/categories?post=540780"},{"taxonomy":"post_tag","embeddable":true,"href":"https:\/\/www.europesays.com\/fr\/wp-json\/wp\/v2\/tags?post=540780"}],"curies":[{"name":"wp","href":"https:\/\/api.w.org\/{rel}","templated":true}]}}