{"id":540790,"date":"2025-11-17T18:20:26","date_gmt":"2025-11-17T18:20:26","guid":{"rendered":"https:\/\/www.europesays.com\/fr\/540790\/"},"modified":"2025-11-17T18:20:26","modified_gmt":"2025-11-17T18:20:26","slug":"le-delirium-cafe-renait-dans-le-centre-de-lille-avec-un-bar-xxl-de-800-m%c2%b2-et-35-bieres-pression","status":"publish","type":"post","link":"https:\/\/www.europesays.com\/fr\/540790\/","title":{"rendered":"Le Delirium Caf\u00e9 rena\u00eet dans le centre de Lille avec un bar XXL de 800 m\u00b2 et 35 bi\u00e8res pression"},"content":{"rendered":"<p>                    Par<br \/>\n        <strong><br \/>\n            <a href=\"https:\/\/actu.fr\/auteur\/hervine-mahaud\" title=\"Consulter tous les articles de Hervine Mahaud\" rel=\"nofollow noopener\" target=\"_blank\">Hervine Mahaud<\/a><br \/>\n                    <\/strong><\/p>\n<p>        Publi\u00e9 le<\/p>\n<p>            17 nov. 2025 \u00e0 18h36        <\/p>\n<p>Le <b>Delirium Caf\u00e9<\/b> fait son grand retour \u00e0 <a href=\"https:\/\/actu.fr\/lille\/\" rel=\"nofollow noopener\" target=\"_blank\">Lille<\/a> le 20 novembre 2025 au 14 rue L\u00e9on Trulin. <a href=\"https:\/\/actu.fr\/hauts-de-france\/lille_59350\/lille-la-marque-delirium-va-faire-un-retour-fracassant-avec-louverture-dun-bar-de-800-m%C2%B2_63304616.html\" rel=\"nofollow noopener\" target=\"_blank\">Comme nous vous l\u2019annoncions ici<\/a>, le Social Group a repris la licence de la <b>marque de bi\u00e8re belge<\/b>, ainsi qu\u2019un lieu tout aussi embl\u00e9matique : <b>l\u2019ancien Soho Urban Food<\/b>. Ce spot hyper central a \u00e9t\u00e9 transform\u00e9 en un <b>immense bar de 800 m\u00b2 sur deux niveaux<\/b>. On y retrouve d\u00e9sormais <b>35 bi\u00e8res pression<\/b>, une <b>friterie belge<\/b> authentique, des <b>concerts<\/b> live et <b>quatre espaces th\u00e9matiques<\/b> dont l\u2019un est inspir\u00e9 du c\u00e9l\u00e8bre <b>Delirium Village de Bruxelles<\/b>.<\/p>\n<p>Le Delirium Caf\u00e9 revient au centre de Lille avec un concept enti\u00e8rement repens\u00e9<\/p>\n<p data-end=\"1349\" class=\" wall-content\">Apr\u00e8s plusieurs semaines de teasing, le Social Group, \u00e0 qui on doit d\u00e9j\u00e0 les bars <a href=\"https:\/\/actu.fr\/hauts-de-france\/lille_59350\/ce-bar-du-vieux-lille-vient-d-etre-elu-comme-le-meilleur-de-france-dans-sa-categorie_57008015.html\" rel=\"nofollow noopener\" target=\"_blank\">Cartel<\/a>, <a href=\"https:\/\/actu.fr\/hauts-de-france\/lille_59350\/amor-amor-le-nouveau-bar-confidentiel-et-somptueux-a-decouvrir-dans-le-vieux-lille_59675444.html\" rel=\"nofollow noopener\" target=\"_blank\">Amor Amor<\/a>, <a href=\"https:\/\/actu.fr\/hauts-de-france\/lille_59350\/candy-shot-minuscule-bar-rose-bonbon-dedie-aux-shooters-ouvre-a-lille_59997275.html\" rel=\"nofollow noopener\" target=\"_blank\">Candy Shot<\/a> ou encore <a href=\"https:\/\/actu.fr\/hauts-de-france\/lille_59350\/lille-fada-le-nouveau-restaurant-canon-et-festif-qui-promet-de-mettre-le-feu-a-vos-soirees_62717355.html\" rel=\"nofollow noopener\" target=\"_blank\">Fada<\/a>, d\u00e9voile son nouveau projet : la renaissance du Delirium Caf\u00e9, en plein c\u0153ur de Lille. La marque \u00e9tait, d\u00e9but 2025, exploit\u00e9e par un autre g\u00e9rant, qui avait deux \u00e9tablissements <a href=\"https:\/\/actu.fr\/hauts-de-france\/lille_59350\/delirium-cafe-sinstalle-lille-le-plus-grand-choix-bieres-france_19489434.html\" rel=\"nofollow noopener\" target=\"_blank\">rue Mass\u00e9na<\/a> et <a href=\"https:\/\/actu.fr\/hauts-de-france\/lille_59350\/pour-braderie-delirium-ouvre-nouveau-bar-dans-vieux-lille_26883130.html\" rel=\"nofollow noopener\" target=\"_blank\">rue Royale<\/a>.<\/p>\n<p data-end=\"1349\" class=\" wall-content\">Les fondateurs du Social Group ont, comme \u00e0 leur habitude, fait les choses en grand, en s\u2019installant dans les anciens locaux du Soho Urban Food, soit un espace de 800 m\u00b2 r\u00e9partis sur deux niveaux.<\/p>\n<p>    <img   decoding=\"async\" loading=\"lazy\" class=\"size-large\" src=\"https:\/\/www.europesays.com\/fr\/wp-content\/uploads\/2025\/11\/d2a1e0a23b196d6a1e0a23b19aaa1ev-960x640.jpg\" alt=\"delirium cafe social group bar bieres pression lille\" width=\"960\" height=\"640\"\/><br \/>\n    Des petits clins d\u2019\u0153il \u00e0 la marque Delirium sont diss\u00e9min\u00e9s partout dans le bar. \u00a9Hervine Mahaud<\/p>\n<p data-end=\"1349\" class=\" wall-content\">\u00ab\u00a0On ne voulait pas refaire un Fada bis. On voulait un concept diff\u00e9rent, capable d\u2019attirer un public tr\u00e8s large : des familles, des \u00e9tudiants, des CSP+, des groupes pour des EVG\u2026 \u00ab\u00a0, explique Gilles Perthame.<\/p>\n<p>Quatre univers, quatre bars, mais aussi une friterie et une boutique<\/p>\n<p data-end=\"2230\" class=\" wall-content\">D\u00e8s l\u2019entr\u00e9e, les visiteurs d\u00e9couvriront un <b>espace goodies<\/b> o\u00f9 seront vendus bonnets \u00e9l\u00e9phants, t-shirts et verres sigl\u00e9s Delirium. Le rez-de-chauss\u00e9e accueillera aussi une <b>friterie Bicky<\/b>, authentique enseigne belge, proposant frites et burgers.<\/p>\n<p class=\" wall-content\">\u00ab\u00a0C\u2019est un peu gras, pas tr\u00e8s healthy, mais \u00e7a colle parfaitement au concept\u00a0\u00bb, sourit le cofondateur du Social Group. Les commandes se feront sur bornes, avec bipers pour fluidifier le service.<\/p>\n<p>Votre r\u00e9gion, votre actu !<\/p>\n<p>Recevez chaque jour les infos qui comptent pour vous.<\/p>\n<p>\t<a href=\"https:\/\/actu.fr\/newsletter\" class=\"ac-btn ac-btn--corner ac-btn--medium ac-btn--blue800\" rel=\"nofollow noopener\" target=\"_blank\">S&rsquo;incrire<\/a><\/p>\n<p data-end=\"2230\" class=\" wall-content\">C\u00f4t\u00e9 bar, il y en aura quatre, chacun dot\u00e9 de son propre bar et d\u2019une ambiance bien distincte.<\/p>\n<ul class=\" wall-content\">\n<li data-end=\"1349\"><b data-end=\"2273\">Le Risjel Bar (rez-de-chauss\u00e9e). <\/b>Premier espace d\u00e8s l\u2019entr\u00e9e, ouvert sur l\u2019ext\u00e9rieur gr\u00e2ce \u00e0 une grande baie vitr\u00e9e donnant sur l\u2019Op\u00e9ra. C\u2019est ici que les clients d\u00e9couvriront les premi\u00e8res r\u00e9f\u00e9rences pression.<\/li>\n<li data-end=\"1349\"><b data-end=\"2505\">Le Sc\u00e9narium (rez-de-chauss\u00e9e, c\u00f4t\u00e9 sc\u00e8ne). <\/b>Un bar d\u00e9di\u00e9 aux soir\u00e9es live avec une grande sc\u00e8ne centrale. Concerts folk, musiques irlandaises ou traditionnelles y seront programm\u00e9s chaque week-end. Une mezzanine surplombe le lieu, install\u00e9e au centre d\u2019un double escalier fait sur mesure, le tout surmont\u00e9 d\u2019une \u00e9norme boule \u00e0 facettes.<\/li>\n<\/ul>\n<p>    <img   decoding=\"async\" loading=\"lazy\" class=\"size-large\" src=\"https:\/\/www.europesays.com\/fr\/wp-content\/uploads\/2025\/11\/3e0fb0a23b196b21fb0a23b19171fbv-960x640.jpg\" alt=\"delirium cafe social group bar bieres pression lille\" width=\"960\" height=\"640\"\/><br \/>\n    La partie estaminet au fond, et la gigantesque boule disco surplombant l\u2019escalier central. \u00a9Hervine Mahaud<\/p>\n<ul class=\" wall-content\">\n<li data-end=\"1349\"><b data-end=\"2814\">L\u2019Estaminet (\u00e0 l\u2019\u00e9tage). <\/b>Inspir\u00e9 du <b data-end=\"2859\">Delirium Village de Bruxelles<\/b>, cet espace reprend l\u2019esth\u00e9tique vintage et chaleureuse du concept. Ici, chaque d\u00e9tail a \u00e9t\u00e9 chin\u00e9 dans les Flandres pour redonner un charme authentique \u00e0 la salle.<\/li>\n<li data-end=\"1349\"><b data-end=\"3062\">Le Jameson Pub (\u00e0 l\u2019\u00e9tage). <\/b>Ambiance pub irlandais assum\u00e9e, avec un partenariat avec la marque Jameson. On y servira notamment des Irish coffees et une s\u00e9lection de whiskys.<\/li>\n<\/ul>\n<p>    <img   decoding=\"async\" loading=\"lazy\" class=\"size-large\" src=\"https:\/\/www.europesays.com\/fr\/wp-content\/uploads\/2025\/11\/93a880a23b196a8a880a23b19fca88v-960x640.jpg\" alt=\"delirium cafe social group bar bieres pression lille\" width=\"960\" height=\"640\"\/><br \/>\n    La partie pub irlandais o\u00f9 il sera m\u00eame possible de commander un Irish coffee. \u00a9Hervine Mahaud<\/p>\n<p data-end=\"3379\" class=\" wall-content\">Chacun des quatre bars proposera ses propres bi\u00e8res ou sp\u00e9cialit\u00e9s, encourageant les visiteurs \u00e0 circuler dans l\u2019\u00e9tablissement pour d\u00e9couvrir diff\u00e9rentes cartes.\u00a0<\/p>\n<p data-end=\"1816\" class=\" wall-content\">Le bar proposera en tout <b data-end=\"1812\">35 becs de bi\u00e8res pression<\/b> :<\/p>\n<ul class=\" wall-content\">\n<li data-end=\"1904\"><b data-end=\"1827\">75 %<\/b> provenant de la Brasserie Huyghe (Delirium Tremens, Guillotine, Averbode\u2026) ;<\/li>\n<li data-end=\"2069\"><b data-end=\"1915\">25 %<\/b> de bi\u00e8res choisies librement, dont celles des brasseries Caulier, <a href=\"https:\/\/actu.fr\/hauts-de-france\/lille_59350\/le-bettignies-bar-a-bieres-de-brussels-beer-project-a-ouvert-dans-le-vieux-lille_60339467.html\" rel=\"nofollow noopener\" target=\"_blank\">Brussels Beer Project<\/a>, Dupont ou Tandem.<\/li>\n<\/ul>\n<p class=\" wall-content\">S\u2019ajoutent <b data-end=\"2033\">15 r\u00e9f\u00e9rences en bouteilles<\/b> et ainsi que des cocktails classiques pour contenter tout le monde.<\/p>\n<p>    <img   decoding=\"async\" loading=\"lazy\" class=\"size-large\" src=\"https:\/\/www.europesays.com\/fr\/wp-content\/uploads\/2025\/11\/121f50a23b196261f50a23b19f91f5v-960x640.jpg\" alt=\"delirium cafe social group bar bieres pression lille\" width=\"960\" height=\"640\"\/><br \/>\n    75% des bi\u00e8res pression sont issues de la brasserie Huyghe, qui produit la Delirium. \u00a9Hervine MahaudSport bar, musique et soir\u00e9es<\/p>\n<p data-end=\"3609\" class=\" wall-content\">Avec <b data-end=\"3436\">11 \u00e9crans<\/b> r\u00e9partis dans l\u2019\u00e9tablissement, le Delirium Caf\u00e9 se positionne aussi comme un v\u00e9ritable <b data-end=\"3533\">sport bar<\/b> : foot, rugby, tennis\u2026 \u00ab\u00a0On sera ouvert aussi le dimanche, comme \u00e7a on pourra accueillir les sportifs du coin qui n\u2019ont pas de club house et qui veulent se retrouver dans un lieu chaleureux\u00a0\u00bb, explique Gilles Perthame.<\/p>\n<p data-end=\"3609\" class=\" wall-content\">Le Social Group, reconnu pour son expertise dans le domaine de la f\u00eate, va bien \u00e9videmment assurer l\u2019ambiance avec une riche programmation : DJ set, concerts live, blind test et autres \u00e9v\u00e9nements seront pr\u00e9vus. Deux jeux de fl\u00e9chettes compl\u00e8tent les animations.<\/p>\n<p data-end=\"3609\" class=\" wall-content\">Les \u00e9v\u00e9nements seront annonc\u00e9s en amont sur la <a href=\"https:\/\/www.instagram.com\/deliriumcafe.lille\/?hl=fr\" rel=\"nofollow noopener\" target=\"_blank\">page Instagram du Delirium Caf\u00e9 de Lille<\/a>.<\/p>\n<p class=\" wall-content\">Personnalisez votre actualit\u00e9 en ajoutant vos villes et m\u00e9dias en favori avec <a href=\"https:\/\/moncompte.actu.fr\" title=\"D\u00e9couvez Mon Actu\" rel=\"nofollow noopener\" data-trk=\"{&quot;cta&quot;:{&quot;action&quot;:&quot;https:\\\/\\\/moncompte.actu.fr&quot;,&quot;category&quot;:&quot;mon compte&quot;,&quot;from&quot;:&quot;article footer&quot;,&quot;name&quot;:&quot;Mon actu&quot;,&quot;type&quot;:&quot;cta&quot;}}\" target=\"_blank\">Mon Actu<\/a>.<\/p>\n<p>                    <script async src=\"\/\/www.instagram.com\/embed.js\"><\/script><\/p>\n","protected":false},"excerpt":{"rendered":"Par Hervine Mahaud Publi\u00e9 le 17 nov. 2025 \u00e0 18h36 Le Delirium Caf\u00e9 fait son grand retour \u00e0&hellip;\n","protected":false},"author":2,"featured_media":540791,"comment_status":"","ping_status":"","sticky":false,"template":"","format":"standard","meta":{"footnotes":""},"categories":[2815],"tags":[1111,11,7722,33,1777,674,1011,27,811,1307,12,3147,25],"class_list":{"0":"post-540790","1":"post","2":"type-post","3":"status-publish","4":"format-standard","5":"has-post-thumbnail","7":"category-lille","8":"tag-actu","9":"tag-actualites","10":"tag-biere","11":"tag-economie","12":"tag-eu","13":"tag-europe","14":"tag-fr","15":"tag-france","16":"tag-hauts-de-france","17":"tag-lille","18":"tag-news","19":"tag-nouveaux-commerces","20":"tag-republique-francaise"},"share_on_mastodon":{"url":"https:\/\/pubeurope.com\/@fr\/115566427602276475","error":""},"_links":{"self":[{"href":"https:\/\/www.europesays.com\/fr\/wp-json\/wp\/v2\/posts\/540790","targetHints":{"allow":["GET"]}}],"collection":[{"href":"https:\/\/www.europesays.com\/fr\/wp-json\/wp\/v2\/posts"}],"about":[{"href":"https:\/\/www.europesays.com\/fr\/wp-json\/wp\/v2\/types\/post"}],"author":[{"embeddable":true,"href":"https:\/\/www.europesays.com\/fr\/wp-json\/wp\/v2\/users\/2"}],"replies":[{"embeddable":true,"href":"https:\/\/www.europesays.com\/fr\/wp-json\/wp\/v2\/comments?post=540790"}],"version-history":[{"count":0,"href":"https:\/\/www.europesays.com\/fr\/wp-json\/wp\/v2\/posts\/540790\/revisions"}],"wp:featuredmedia":[{"embeddable":true,"href":"https:\/\/www.europesays.com\/fr\/wp-json\/wp\/v2\/media\/540791"}],"wp:attachment":[{"href":"https:\/\/www.europesays.com\/fr\/wp-json\/wp\/v2\/media?parent=540790"}],"wp:term":[{"taxonomy":"category","embeddable":true,"href":"https:\/\/www.europesays.com\/fr\/wp-json\/wp\/v2\/categories?post=540790"},{"taxonomy":"post_tag","embeddable":true,"href":"https:\/\/www.europesays.com\/fr\/wp-json\/wp\/v2\/tags?post=540790"}],"curies":[{"name":"wp","href":"https:\/\/api.w.org\/{rel}","templated":true}]}}