{"id":540801,"date":"2025-11-17T18:28:12","date_gmt":"2025-11-17T18:28:12","guid":{"rendered":"https:\/\/www.europesays.com\/fr\/540801\/"},"modified":"2025-11-17T18:28:12","modified_gmt":"2025-11-17T18:28:12","slug":"tous-les-bus-de-la-ligne-tzen-4-ont-ete-livres-plus-que-quelques-etapes-avant-la-mise-en-service","status":"publish","type":"post","link":"https:\/\/www.europesays.com\/fr\/540801\/","title":{"rendered":"tous les bus de la ligne Tzen 4 ont \u00e9t\u00e9 livr\u00e9s, plus que quelques \u00e9tapes avant la mise en service"},"content":{"rendered":"<p>                    Par<br \/>\n        <strong><br \/>\n            <a href=\"https:\/\/actu.fr\/auteur\/thibaut-faussabry\" title=\"Consulter tous les articles de Thibaut Faussabry\" target=\"_blank\" rel=\"noopener\">Thibaut Faussabry<\/a><br \/>\n                    <\/strong><\/p>\n<p>        Publi\u00e9 le<\/p>\n<p>            17 nov. 2025 \u00e0 19h18        <\/p>\n<p>Un an, dix mois et dix jours. C\u2019est le temps qui s\u2019est \u00e9coul\u00e9 entre l\u2019arriv\u00e9e du premier bus de la<strong> future ligne Tzen 4<\/strong> au Centre op\u00e9rationnel bus de <a href=\"https:\/\/actu.fr\/ile-de-france\/corbeil-essonnes_91174\" target=\"_blank\" rel=\"noopener\">Corbeil-Essonnes<\/a> (<a href=\"https:\/\/actu.fr\/essonne\/\" target=\"_blank\" rel=\"noopener\">Essonne<\/a>) et le <strong>dernier bus<\/strong>, <strong>livr\u00e9<\/strong> le 29\u00a0octobre 2025.<br \/>Si la faillite en avril\u00a02024, de Van Hool, le fabricant belge de ces nouveaux bus \u00e9lectriques bi-articul\u00e9s, a <a href=\"https:\/\/actu.fr\/societe\/essonne-prevue-cette-annee-la-nouvelle-ligne-tzen-4-sera-mise-en-service-avec-plusieurs-mois-de-retard_61725931.html\" target=\"_blank\" rel=\"noopener\">retard\u00e9 la mise en service de la ligne<\/a>, <strong>\u00cele-de-France Mobilit\u00e9s<\/strong> et le <strong>repreneur<\/strong> <strong>Hess<\/strong> sont parvenus \u00e0 <strong>finaliser<\/strong> la <strong>production<\/strong> des <strong>trente bus<\/strong> qui sillonnent \u00e0 pr\u00e9sent le trac\u00e9 de 14\u00a0km de la ligne qui <strong>reliera Viry-Ch\u00e2tillon \u00e0 Corbeil-Essonnes.<\/strong><\/p>\n<p>Plus de 47\u2009000 voyageurs par jour attendus<\/p>\n<p class=\" wall-content\">Destin\u00e9 \u00e0 remplacer la ligne 4026 (anciennement 402), ligne de bus la plus fr\u00e9quent\u00e9e de grande couronne, le Tzen 4 circulera en site propre et desservira, entre 5\u2009h et 1\u2009h, trente stations r\u00e9parties sur<strong> cinq communes<\/strong>\u2009: Viry-Ch\u00e2tillon, Grigny, Ris-Orangis, \u00c9vry-Courcouronnes et Corbeil-Essonnes.<\/p>\n<p class=\" wall-content\">Op\u00e9r\u00e9e par Keolis-Tisse, la ligne \u00e0 haut niveau de service qui devait initialement entrer en service \u00e0 la fin de l\u2019ann\u00e9e 2024, accueillera<strong> plus de 47\u2009000 voyageurs par jour<\/strong> selon <a href=\"https:\/\/actu.fr\/tag\/ile-de-france-mobilites\" target=\"_blank\" rel=\"noopener\">\u00cele-de-France Mobilit\u00e9s.<\/a><\/p>\n<p class=\" wall-content\">\u00ab\u2009L\u2019objectif est de fluidifier <strong>l\u2019actuelle ligne 4206 qui arrive \u00e0 saturation<\/strong>, avec une circulation en site propre pour gagner du temps et des bus bi-articul\u00e9s pour transporter plus de voyageurs\u2009\u00bb, rappelle l\u2019autorit\u00e9 organisatrice des <a href=\"https:\/\/actu.fr\/tag\/transport\" target=\"_blank\" rel=\"noopener\">transports<\/a> en \u00cele-de-France.<\/p>\n<p>La marche \u00e0 blanc d\u00e9butera en d\u00e9cembre<\/p>\n<p class=\" wall-content\">Depuis l\u2019\u00e9t\u00e9 dernier, <a href=\"https:\/\/actu.fr\/societe\/un-bus-avec-les-performances-d-un-tram-le-tzen-4-qui-circulera-en-essonne-enfin-devoile_60178018.html\" target=\"_blank\" rel=\"noopener\">ces bus de 24\u00a0m\u00e8tres<\/a> dot\u00e9s de 140 places (contre 100 actuellement sur la ligne 4206) sont <strong>en phase d\u2019essais<\/strong> et circulent sur les voies sans voyageur afin de v\u00e9rifier leur bon fonctionnement, notamment <a href=\"https:\/\/actu.fr\/ile-de-france\/corbeil-essonnes_91174\/une-merveille-en-essonne-l-ingenieux-systeme-qui-permet-au-bus-tzen-4-de-se-recharger-en-5-minutes_60848561.html\" target=\"_blank\" rel=\"noopener\">le rechargement<\/a> qui se fait via un syst\u00e8me au sol en cinq minutes seulement.<\/p>\n<p class=\" wall-content\">Au d\u00e9but du mois de d\u00e9cembre, une nouvelle \u00e9tape devrait \u00eatre franchie avec le d\u00e9but de la marche \u00e0 blanc. Les bus circuleront ainsi <strong>en conditions r\u00e9elles<\/strong> et s\u2019arr\u00eateront aux stations, mais sans voyageur \u00e0 bord.<\/p>\n<p>Votre r\u00e9gion, votre actu !<\/p>\n<p>Recevez chaque jour les infos qui comptent pour vous.<\/p>\n<p>\t<a href=\"https:\/\/actu.fr\/newsletter\" class=\"ac-btn ac-btn--corner ac-btn--medium ac-btn--blue800\" target=\"_blank\" rel=\"noopener\">S&rsquo;incrire<\/a><\/p>\n<p class=\" wall-content\">\u00ab\u2009Une fois la marche \u00e0 blanc achev\u00e9e et valid\u00e9e, tous les feux seront au vert pour ouvrir la ligne au public\u2009\u00bb, pr\u00e9cise \u00cele-de-France Mobilit\u00e9s, selon qui le Tzen 4 sera<strong> mis en service<\/strong> <strong>\u00ab\u2009tout d\u00e9but 2026\u2009\u00bb.<\/strong><\/p>\n<p>Des conducteurs actuellement en formation<\/p>\n<p class=\" wall-content\">Pour \u00eatre fin pr\u00eat le jour J, l\u2019op\u00e9rateur <a href=\"https:\/\/actu.fr\/tag\/keolis\" target=\"_blank\" rel=\"noopener\">Keolis<\/a>-Tisse profite de la phase d\u2019essais actuelle pour <strong>former les conducteurs<\/strong> qui op\u00e9raient sur la ligne 4206 que le Tzen 4 remplacera.<\/p>\n<p class=\" wall-content\">\u00ab\u2009\u00c0 ce jour, 32 conducteurs ont \u00e9t\u00e9 form\u00e9s et Keolis-Tisse poursuit les formations pour avoir \u00e0 terme une <strong>soixantaine de conducteurs\u2009\u00bb,<\/strong> d\u00e9taille \u00cele-de-France Mobilit\u00e9s.<\/p>\n<p class=\" wall-content\">Les obstacles et autres impr\u00e9vus ayant \u00e9t\u00e9 surmont\u00e9s, il ne reste <strong>plus beaucoup de temps \u00e0 attendre<\/strong> pour les habitants des cinq communes desservies par le Tzen 4.<\/p>\n<p class=\" wall-content\">Personnalisez votre actualit\u00e9 en ajoutant vos villes et m\u00e9dias en favori avec <a href=\"https:\/\/moncompte.actu.fr\" title=\"D\u00e9couvez Mon Actu\" rel=\"nofollow noopener\" data-trk=\"{&quot;cta&quot;:{&quot;action&quot;:&quot;https:\\\/\\\/moncompte.actu.fr&quot;,&quot;category&quot;:&quot;mon compte&quot;,&quot;from&quot;:&quot;article footer&quot;,&quot;name&quot;:&quot;Mon actu&quot;,&quot;type&quot;:&quot;cta&quot;}}\" target=\"_blank\">Mon Actu<\/a>.<\/p>\n","protected":false},"excerpt":{"rendered":"Par Thibaut Faussabry Publi\u00e9 le 17 nov. 2025 \u00e0 19h18 Un an, dix mois et dix jours. C\u2019est&hellip;\n","protected":false},"author":2,"featured_media":540802,"comment_status":"","ping_status":"","sticky":false,"template":"","format":"standard","meta":{"footnotes":""},"categories":[1592],"tags":[1111,11,1777,674,1011,27,662,10883,4999,12,626,25,104,2803],"class_list":{"0":"post-540801","1":"post","2":"type-post","3":"status-publish","4":"format-standard","5":"has-post-thumbnail","7":"category-ile-de-france","8":"tag-actu","9":"tag-actualites","10":"tag-eu","11":"tag-europe","12":"tag-fr","13":"tag-france","14":"tag-ile-de-france","15":"tag-ile-de-france-mobilites","16":"tag-keolis","17":"tag-news","18":"tag-paris","19":"tag-republique-francaise","20":"tag-societe","21":"tag-transport"},"share_on_mastodon":{"url":"https:\/\/pubeurope.com\/@fr\/115566457959749427","error":""},"_links":{"self":[{"href":"https:\/\/www.europesays.com\/fr\/wp-json\/wp\/v2\/posts\/540801","targetHints":{"allow":["GET"]}}],"collection":[{"href":"https:\/\/www.europesays.com\/fr\/wp-json\/wp\/v2\/posts"}],"about":[{"href":"https:\/\/www.europesays.com\/fr\/wp-json\/wp\/v2\/types\/post"}],"author":[{"embeddable":true,"href":"https:\/\/www.europesays.com\/fr\/wp-json\/wp\/v2\/users\/2"}],"replies":[{"embeddable":true,"href":"https:\/\/www.europesays.com\/fr\/wp-json\/wp\/v2\/comments?post=540801"}],"version-history":[{"count":0,"href":"https:\/\/www.europesays.com\/fr\/wp-json\/wp\/v2\/posts\/540801\/revisions"}],"wp:featuredmedia":[{"embeddable":true,"href":"https:\/\/www.europesays.com\/fr\/wp-json\/wp\/v2\/media\/540802"}],"wp:attachment":[{"href":"https:\/\/www.europesays.com\/fr\/wp-json\/wp\/v2\/media?parent=540801"}],"wp:term":[{"taxonomy":"category","embeddable":true,"href":"https:\/\/www.europesays.com\/fr\/wp-json\/wp\/v2\/categories?post=540801"},{"taxonomy":"post_tag","embeddable":true,"href":"https:\/\/www.europesays.com\/fr\/wp-json\/wp\/v2\/tags?post=540801"}],"curies":[{"name":"wp","href":"https:\/\/api.w.org\/{rel}","templated":true}]}}