{"id":540811,"date":"2025-11-17T18:34:12","date_gmt":"2025-11-17T18:34:12","guid":{"rendered":"https:\/\/www.europesays.com\/fr\/540811\/"},"modified":"2025-11-17T18:34:12","modified_gmt":"2025-11-17T18:34:12","slug":"trump-approuve-les-sanctions-contre-les-pays-commercant-avec-la-russie","status":"publish","type":"post","link":"https:\/\/www.europesays.com\/fr\/540811\/","title":{"rendered":"Trump Approuve les Sanctions Contre les Pays Commer\u00e7ant avec la Russie"},"content":{"rendered":"<p>Le pr\u00e9sident Donald Trump a d\u00e9clar\u00e9 que le projet de loi du S\u00e9nat visant \u00e0 sanctionner les pays entretenant des relations commerciales avec la Russie serait \u00ab acceptable pour moi \u00bb, marquant ainsi son soutien le plus affirm\u00e9 \u00e0 ce jour \u00e0 l&rsquo;initiative de plusieurs mois destin\u00e9e \u00e0 asphyxier le financement de Moscou. Ce texte permettrait \u00e0 Trump d&rsquo;imposer des droits de douane pouvant atteindre 500\u00a0% sur les importations en provenance de pays qui ach\u00e8tent des produits \u00e9nerg\u00e9tiques russes sans soutenir activement l&rsquo;Ukraine. Cette mesure vise en particulier les principaux consommateurs d&rsquo;\u00e9nergie russe, comme la Chine et l&rsquo;Inde. Tony Halpin, r\u00e9dacteur sp\u00e9cialis\u00e9 dans l&rsquo;\u00e9conomie et le gouvernement russes, s&rsquo;est entretenu avec Stephen Carroll et Caroline Hepker pour en discuter.<\/p>\n<p>Vid\u00e9os Bloomberg, fournies par MT Newswire<\/p>\n","protected":false},"excerpt":{"rendered":"Le pr\u00e9sident Donald Trump a d\u00e9clar\u00e9 que le projet de loi du S\u00e9nat visant \u00e0 sanctionner les pays&hellip;\n","protected":false},"author":2,"featured_media":540812,"comment_status":"","ping_status":"","sticky":false,"template":"","format":"standard","meta":{"footnotes":""},"categories":[1591],"tags":[11,340,1887,12,1885,1886,132],"class_list":{"0":"post-540811","1":"post","2":"type-post","3":"status-publish","4":"format-standard","5":"has-post-thumbnail","7":"category-russie","8":"tag-actualites","9":"tag-bourse","10":"tag-federation-de-russie","11":"tag-news","12":"tag-russia","13":"tag-russian-federation","14":"tag-russie"},"share_on_mastodon":{"url":"https:\/\/pubeurope.com\/@fr\/115566482357190999","error":""},"_links":{"self":[{"href":"https:\/\/www.europesays.com\/fr\/wp-json\/wp\/v2\/posts\/540811","targetHints":{"allow":["GET"]}}],"collection":[{"href":"https:\/\/www.europesays.com\/fr\/wp-json\/wp\/v2\/posts"}],"about":[{"href":"https:\/\/www.europesays.com\/fr\/wp-json\/wp\/v2\/types\/post"}],"author":[{"embeddable":true,"href":"https:\/\/www.europesays.com\/fr\/wp-json\/wp\/v2\/users\/2"}],"replies":[{"embeddable":true,"href":"https:\/\/www.europesays.com\/fr\/wp-json\/wp\/v2\/comments?post=540811"}],"version-history":[{"count":0,"href":"https:\/\/www.europesays.com\/fr\/wp-json\/wp\/v2\/posts\/540811\/revisions"}],"wp:featuredmedia":[{"embeddable":true,"href":"https:\/\/www.europesays.com\/fr\/wp-json\/wp\/v2\/media\/540812"}],"wp:attachment":[{"href":"https:\/\/www.europesays.com\/fr\/wp-json\/wp\/v2\/media?parent=540811"}],"wp:term":[{"taxonomy":"category","embeddable":true,"href":"https:\/\/www.europesays.com\/fr\/wp-json\/wp\/v2\/categories?post=540811"},{"taxonomy":"post_tag","embeddable":true,"href":"https:\/\/www.europesays.com\/fr\/wp-json\/wp\/v2\/tags?post=540811"}],"curies":[{"name":"wp","href":"https:\/\/api.w.org\/{rel}","templated":true}]}}