{"id":540813,"date":"2025-11-17T18:35:20","date_gmt":"2025-11-17T18:35:20","guid":{"rendered":"https:\/\/www.europesays.com\/fr\/540813\/"},"modified":"2025-11-17T18:35:20","modified_gmt":"2025-11-17T18:35:20","slug":"verif-scandale-de-corruption-en-ukraine-le-principal-opposant-de-volodymyr-zelensky-est-il-en-prison","status":"publish","type":"post","link":"https:\/\/www.europesays.com\/fr\/540813\/","title":{"rendered":"V\u00c9RIF&rsquo; &#8211; Scandale de corruption en Ukraine : le principal opposant de Volodymyr Zelensky est-il en prison\u202f?"},"content":{"rendered":"<ul class=\"jsx-862013697 ArticleChapo__List\">\n<li class=\"jsx-862013697 ArticleChapo__List_Item flex\">Un vaste scandale de corruption fait vaciller le pouvoir en Ukraine.<\/li>\n<li class=\"jsx-862013697 ArticleChapo__List_Item flex\">Certains en profitent pour d\u00e9cr\u00e9dibiliser le pr\u00e9sident ukrainien.<\/li>\n<li class=\"jsx-862013697 ArticleChapo__List_Item flex\">Ils accusent Volodymyr Zelensky d&rsquo;avoir emprisonn\u00e9 son principal opposant politique.<\/li>\n<\/ul>\n<p><a href=\"https:\/\/www.tf1info.fr\/actualite\/les-verificateurs-12325\/\" rel=\"noopener\" class=\"jsx-484472199 Link jsx-1428418400 jsx-1910851033\" target=\"_blank\"><\/p>\n<p style=\"font-weight:400\" class=\"jsx-1837267516\">Suivez la couverture compl\u00e8te<\/p>\n<p style=\"font-weight:800\" class=\"jsx-1837267516\">L&rsquo;info pass\u00e9e au crible des V\u00e9rificateurs<\/p>\n<p><\/a><\/p>\n<p data-module=\"article-paragraph\" class=\"jsx-3046738180 Paragraph\">C&rsquo;est un scandale de corruption <a href=\"https:\/\/www.tf1info.fr\/international\/operation-midas-que-sait-on-du-vaste-scandale-de-corruption-qui-secoue-l-ukraine-2406245.html\" target=\"_blank\" rel=\"noopener\">en plein c\u0153ur du pouvoir ukrainien (nouvelle fen\u00eatre)<\/a>. Le Bureau anticorruption ukrainien (NABU) a annonc\u00e9 en d\u00e9but de semaine derni\u00e8re avoir mis au jour un syst\u00e8me \u00e0 l&rsquo;origine du d\u00e9tournement de pr\u00e8s de 100 millions de dollars au sein des entreprises publiques de l&rsquo;\u00e9nergie. Une nouvelle qui fait vaciller Volodymyr Zelensky. Et qui sert d&rsquo;aubaine pour ses fervents opposants, qui n&rsquo;h\u00e9sitent pas \u00e0 recycler de vieilles informations.<\/p>\n<p data-module=\"article-paragraph\" class=\"jsx-3046738180 Paragraph Paragraph__End\">D&rsquo;apr\u00e8s un compte X, qui relaie r\u00e9guli\u00e8rement de fausses informations sur la France ou l&rsquo;Ukraine, le principal opposant du pr\u00e9sident serait \u00ab\u00a0actuellement en prison\u00a0\u00bb. Depuis sa ge\u00f4le, un certain Oleksandr Doubinsky aurait d\u00e9clar\u00e9 qu&rsquo;il est \u00ab\u00a0temps de demander la destitution de Zelensky pour pillage des caisses de l&rsquo;\u00c9tat pendant la guerre\u00a0\u00bb, <a href=\"https:\/\/archive.ph\/C3JGy \" target=\"_blank\" rel=\"nofollow noopener\">\u00e9crit cet internaute (nouvelle fen\u00eatre)<\/a> ce dimanche 16 novembre. Alors qui est cet \u00ab\u00a0opposant\u00a0\u00bb ? D&rsquo;o\u00f9 viennent ces critiques ? Nous avons v\u00e9rifi\u00e9.<\/p>\n<p>Un ancien alli\u00e9 de Zelensky, pas un opposant<\/p>\n<p data-module=\"article-paragraph\" class=\"jsx-3046738180 Paragraph\">\u00c9lu \u00e0 la Rada, le Parlement ukrainien, Oleksandr Doubinsky a longtemps \u00e9t\u00e9 un proche de celui qu&rsquo;il critique aujourd&rsquo;hui. C&rsquo;est en effet sous les couleurs de Serviteur du peuple, le parti de l&rsquo;actuel pr\u00e9sident ukrainien, qu&rsquo;il fait son entr\u00e9e en politique en ao\u00fbt 2019. Mais rapidement, celui qui est alors \u00e0 la <a href=\"https:\/\/web.archive.org\/web\/20190830194902\/https:\/\/novynarnia.com\/2019\/08\/29\/parlament-zatverdiv-spisok-svoyih-komitetiv-i-yih-sklad\/\" target=\"_blank\" rel=\"nofollow noopener\">commission des finances (nouvelle fen\u00eatre)<\/a> et des taxes douani\u00e8res de la Rada int\u00e9resse les enqu\u00eateurs. Car c&rsquo;est un proche collaborateur de l&rsquo;oligarque ukrainien Igor Kolomo\u00efsky. Homme \u00e0 la r\u00e9putation sulfureuse, ce dernier est vis\u00e9 par une enqu\u00eate du NABU en Ukraine et du FBI aux \u00c9tats-Unis, soup\u00e7onn\u00e9 d&rsquo;avoir d\u00e9tourn\u00e9 des sommes astronomiques de Privatbank. C&rsquo;est lui qui, en juillet dernier, <a href=\"https:\/\/www.tf1info.fr\/international\/ukraine-qui-est-l-oligarque-igor-kolomoisky-ex-proche-de-zelensky-juge-coupable-d-avoir-detourne-2-milliards-d-euros-2386131.html\" target=\"_blank\" rel=\"noopener\">a \u00e9t\u00e9 reconnu coupable (nouvelle fen\u00eatre)<\/a> par la justice britannique d&rsquo;avoir d\u00e9tourn\u00e9 environ 1,9 milliard de livres de cette banque ukrainienne.<\/p>\n<p data-module=\"article-paragraph\" class=\"jsx-3046738180 Paragraph Paragraph__End\">Or, d&rsquo;apr\u00e8s plusieurs enqu\u00eates d&rsquo;ONG et de m\u00e9dias, alors que son ami est dans la tourmente, Oleksandr Doubinsky utilise toute son influence de d\u00e9put\u00e9 pour prot\u00e9ger les int\u00e9r\u00eats de l&rsquo;oligarque. D\u00e8s novembre 2019, le d\u00e9put\u00e9 cherche par exemple \u00e0 r\u00e9voquer le Bureau anticorruption ukrainien, entre autres dispositions l\u00e9gislatives visant \u00e0 prot\u00e9ger Igor Kolomo\u00efsky, comme le souligne <a href=\"https:\/\/antac.org.ua\/en\/special-projects\/visaban\/dubinskyi\/\" target=\"_blank\" rel=\"nofollow noopener\">une enqu\u00eate (nouvelle fen\u00eatre)<\/a> du centre anti-corruption ukrainien en ao\u00fbt 2020. \u00c0 l&rsquo;\u00e9poque, il est d\u00e9crit comme le \u00ab\u00a0diffuseur d&rsquo;une propagande anti-occidentale en Ukraine\u00a0\u00bb. \u00ab\u00a0Il s&rsquo;en prend fr\u00e9quemment aux institutions ind\u00e9pendantes, piliers de la coop\u00e9ration entre l&rsquo;Ukraine et l&rsquo;Union europ\u00e9enne\u00a0\u00bb, r\u00e9v\u00e8le l&rsquo;ONG.<\/p>\n<p><a href=\"https:\/\/www.tf1info.fr\/international\/operation-midas-que-sait-on-du-vaste-scandale-de-corruption-qui-secoue-l-ukraine-2406245.html\" rel=\"noopener\" class=\"jsx-3308031228 Link flex\" target=\"_blank\"><img decoding=\"async\" src=\"https:\/\/www.europesays.com\/fr\/wp-content\/uploads\/2025\/11\/centrale-nucleaire-ukraine-zaporijjia-22410d-0@1x.jpeg\" alt=\"Ed JONES \/ AFP\" loading=\"lazy\" importance=\"low\" fetchpriority=\"low\" class=\"\" aria-hidden=\"true\"\/><\/p>\n<p class=\"jsx-3657663356 ReadMoreArticle__Title\">Lire aussi<\/p>\n<p class=\"jsx-3657663356\">\u00ab\u00a0Op\u00e9ration Midas\u00a0\u00bb : que sait-on du vaste scandale de corruption qui secoue l&rsquo;Ukraine ?<\/p>\n<p><\/a><\/p>\n<p data-module=\"article-paragraph\" class=\"jsx-3046738180 Paragraph\">Autant d&rsquo;\u00e9l\u00e9ments qui poussent plusieurs agences \u00e0 ouvrir des enqu\u00eates&#8230; Et ce bien avant le d\u00e9but de la guerre en Ukraine. Le 11 janvier 2021,<a href=\"https:\/\/home.treasury.gov\/news\/press-releases\/sm1232\" target=\"_blank\" rel=\"nofollow noopener\"> l&rsquo;Office de contr\u00f4le (nouvelle fen\u00eatre)<\/a> des avoirs \u00e9trangers du d\u00e9partement du Tr\u00e9sor am\u00e9ricain inscrit Oleksandr Doubinsky sur la liste de sanctions pour appartenance \u00e0 un \u00ab\u00a0r\u00e9seau d&rsquo;influence \u00e9trang\u00e8re\u00a0\u00bb li\u00e9 \u00e0 la Russie. Mais aussi pour \u00ab\u00a0ing\u00e9rence\u00a0\u00bb dans l&rsquo;\u00e9lection pr\u00e9sidentielle am\u00e9ricaine de 2020. Quelques jours plus tard, le 19 janvier, c&rsquo;est au tour du procureur g\u00e9n\u00e9ral d&rsquo;Ukraine d&rsquo;ouvrir une enqu\u00eate p\u00e9nale contre le d\u00e9put\u00e9 pour \u00ab\u00a0blanchiment d&rsquo;argent\u00a0\u00bb et \u00ab\u00a0non-paiement d&rsquo;imp\u00f4ts\u00a0\u00bb, selon <a href=\"https:\/\/www.ukrinform.net\/rubric-polytics\/3173883-prosecutor-generals-office-opens-proceedings-against-mp-dubinsky.html\" target=\"_blank\" rel=\"nofollow noopener\">une d\u00e9claration (nouvelle fen\u00eatre)<\/a> du Centre d&rsquo;action anticorruption ukrainien. Le 1\u1d49\u02b3 f\u00e9vrier 2021, Doubinsky est <a href=\"https:\/\/www.unian.info\/politics\/dubinsky-mp-expelled-from-ruling-faction-11305589.html\" target=\"_blank\" rel=\"nofollow noopener\">d\u00e9finitivement exclu (nouvelle fen\u00eatre)<\/a> du groupe parlementaire de Volodymyr Zelensky. Soit, un an avant que les chars russes fassent leur entr\u00e9e en Ukraine.<\/p>\n<p data-module=\"article-paragraph\" class=\"jsx-3046738180 Paragraph Paragraph__End\">C&rsquo;est finalement le <a href=\"https:\/\/www.nytimes.com\/2023\/11\/14\/world\/europe\/ukraine-biden-giuliani-trump.html?te=1&amp;nl=morning-briefing%3A-europe-edition&amp;emc=edit_mbe_20231115\" target=\"_blank\" rel=\"noopener\">14 novembre 2023 (nouvelle fen\u00eatre)<\/a> que l&rsquo;homme est arr\u00eat\u00e9 et incarc\u00e9r\u00e9. L\u00e0 encore, aucun lien avec le conflit qui oppose l&rsquo;Ukraine \u00e0 son voisin. Aux c\u00f4t\u00e9s de l&rsquo;ancien procureur g\u00e9n\u00e9ral adjoint ukrainien, Oleksandr Doubinsky est accus\u00e9 d&rsquo;avoir \u00ab\u00a0agi sur ordre des services de renseignement russes\u00a0\u00bb et d&rsquo;avoir particip\u00e9 \u00e0 diffuser la fausse information selon laquelle c&rsquo;\u00e9tait l&rsquo;Ukraine, et non la Russie, qui s&rsquo;\u00e9tait ing\u00e9r\u00e9e dans l&rsquo;\u00e9lection pr\u00e9sidentielle am\u00e9ricaine de 2016.<\/p>\n<p>Un entretien accord\u00e9 \u00e0 un canal pro-russe<\/p>\n<p data-module=\"article-paragraph\" class=\"jsx-3046738180 Paragraph Paragraph__End\">Les motifs qui ont men\u00e9 cet ancien proche de Volodymyr Zelensky en prison sont donc ant\u00e9rieurs \u00e0 l&rsquo;invasion actuelle de la Russie, et d\u00e9passent largement la seule politique du gouvernement ukrainien. Et qu&rsquo;en est-il de ses positions en tant que pr\u00e9tendu \u00ab\u00a0opposant\u00a0\u00bb ? Si ses critiques virulentes ressurgissent aujourd&rsquo;hui, celles-ci remontent en r\u00e9alit\u00e9 \u00e0 mars dernier. Dans <a href=\"https:\/\/archive.ph\/b9iHH\" target=\"_blank\" rel=\"nofollow noopener\">un entretien publi\u00e9 sur YouTube (nouvelle fen\u00eatre)<\/a>, l&rsquo;ancien d\u00e9put\u00e9 multiplie les attaques contre le chef de guerre et&#8230; se pr\u00e9sente \u00e0 l&rsquo;\u00e9lection pr\u00e9sidentielle. Une interview qui n&rsquo;a rien d&rsquo;anodin, puisque celle-ci \u00e9tait men\u00e9e par Glenn Diesen. Ancien moscovite, il est d\u00e9sormais l&rsquo;un des principaux relais de la propagande russe <a href=\"https:\/\/www.tv2.no\/nyheter\/utenriks\/professor-beskyldes-for-a-drive-russisk-propaganda-fra-norsk-universitet\/11932156\/\" target=\"_blank\" rel=\"nofollow noopener\">en Norv\u00e8ge  (nouvelle fen\u00eatre)<\/a>et intervient r\u00e9guli\u00e8rement sur RT (ex-Russia Today), la cha\u00eene d&rsquo;information contr\u00f4l\u00e9e par le Kremlin.\u00a0<\/p>\n<p><a href=\"https:\/\/www.tf1info.fr\/international\/guerre-en-ukraine-et-propagande-russe-thomas-roper-alina-lipp-adrien-bocquet-graham-phillips-qui-sont-ces-journalistes-occidentaux-relais-du-kremlin-de-vladimir-poutine-2245629.html\" rel=\"noopener\" class=\"jsx-3308031228 Link flex\" target=\"_blank\"><img decoding=\"async\" src=\"https:\/\/www.europesays.com\/fr\/wp-content\/uploads\/2025\/11\/propagande-russe-qui-sont-ces-journalistes-occidentaux-relais-du-kremlin-042d56-2@1x.jpeg\" alt=\"Alina Lipp, Adrien Bocquet et Thomas Roper, trois &quot;journalistes&quot; venus d'Occident qui servent la propagande russe\" loading=\"lazy\" importance=\"low\" fetchpriority=\"low\" class=\"\" aria-hidden=\"true\"\/><\/p>\n<p class=\"jsx-3657663356 ReadMoreArticle__Title\">Lire aussi<\/p>\n<p class=\"jsx-3657663356\">VID\u00c9O &#8211; Propagande russe : qui sont ces \u00ab\u00a0journalistes occidentaux\u00a0\u00bb, relais privil\u00e9gi\u00e9s du Kremlin ?<\/p>\n<p><\/a><\/p>\n<p data-module=\"article-paragraph\" class=\"jsx-3046738180 Paragraph\">En r\u00e9sum\u00e9, il est faux de faire d&rsquo;Oleksandr Doubinsky une figure musel\u00e9e de l&rsquo;opposition en Ukraine. La publication ne vise qu&rsquo;\u00e0 recycler de mani\u00e8re opportuniste des propos tenus au micro d&rsquo;un relais du narratif russe afin de remettre en cause la l\u00e9gitimit\u00e9 de l&rsquo;actuel chef de l&rsquo;\u00c9tat. \u00a0<\/p>\n<p data-module=\"article-paragraph\" class=\"jsx-3046738180 Paragraph Paragraph__End\"><a href=\"https:\/\/www.tf1info.fr\/international\/verif-guerre-en-ukraine-le-president-volodymyr-zelensky-a-t-il-vraiment-emprisonne-tous-ses-opposants-politiques-2335551.html\" target=\"_blank\" rel=\"noopener\">L&rsquo;an dernier d\u00e9j\u00e0 (nouvelle fen\u00eatre)<\/a>, cette rumeur avait surgi chez les relais de la propagande russe. En s&rsquo;appuyant sur une proche de Donald Trump, plusieurs figures de la d\u00e9sinformation en France, dont Fran\u00e7ois Asselineau, accusaient le pr\u00e9sident ukrainien d&rsquo;avoir \u00ab\u00a0emprisonn\u00e9 ses opposants\u00a0\u00bb et \u00ab\u00a0interdit les partis\u00a0\u00bb. Des arguments trompeurs, puisque que l&rsquo;opposition ukrainienne est bien existante, comme nous vous l&rsquo;expliquions dans <a href=\"https:\/\/www.tf1info.fr\/international\/verif-guerre-en-ukraine-le-president-volodymyr-zelensky-a-t-il-vraiment-emprisonne-tous-ses-opposants-politiques-2335551.html\" target=\"_blank\" rel=\"noopener\">cet article (nouvelle fen\u00eatre)<\/a>. Si les trois partis de l&rsquo;opposition qui b\u00e9n\u00e9ficient d&rsquo;un soutien non n\u00e9gligeable de la population \u2013 ils ont obtenu 18% des voix aux derni\u00e8res \u00e9lections l\u00e9gislatives du pays \u2013 alimentent les d\u00e9bats au sein de la Rada, ces derniers manquent toutefois de visibilit\u00e9 sur la sc\u00e8ne internationale.<\/p>\n<p data-module=\"article-paragraph\" class=\"jsx-3046738180 Paragraph Paragraph__End\"><strong>Vous souhaitez nous poser des questions ou nous soumettre une information qui ne vous para\u00eet pas fiable ? N&rsquo;h\u00e9sitez pas \u00e0 nous \u00e9crire \u00e0 l&rsquo;adresse lesverificateurs@tf1.fr. Retrouvez-nous \u00e9galement sur X : notre \u00e9quipe y est pr\u00e9sente derri\u00e8re le compte @verif_TF1LCI.<\/strong><\/p>\n<p>Felicia SIDERIS<\/p>\n","protected":false},"excerpt":{"rendered":"Un vaste scandale de corruption fait vaciller le pouvoir en Ukraine. Certains en profitent pour d\u00e9cr\u00e9dibiliser le pr\u00e9sident&hellip;\n","protected":false},"author":2,"featured_media":540814,"comment_status":"","ping_status":"","sticky":false,"template":"","format":"standard","meta":{"footnotes":""},"categories":[1590],"tags":[1111,11,1921,5925,1777,674,1922,7541,12,132,220,1917,133,1920,134],"class_list":{"0":"post-540813","1":"post","2":"type-post","3":"status-publish","4":"format-standard","5":"has-post-thumbnail","7":"category-ukraine","8":"tag-actu","9":"tag-actualites","10":"tag-article-video","11":"tag-conflits-et-guerre","12":"tag-eu","13":"tag-europe","14":"tag-info","15":"tag-linfo-passee-au-crible-des-verificateurs","16":"tag-news","17":"tag-russie","18":"tag-ukraine","19":"tag-ukraine-4-annee-de-guerre","20":"tag-video","21":"tag-video-international","22":"tag-volodymyr-zelensky"},"share_on_mastodon":{"url":"https:\/\/pubeurope.com\/@fr\/115566486173208424","error":""},"_links":{"self":[{"href":"https:\/\/www.europesays.com\/fr\/wp-json\/wp\/v2\/posts\/540813","targetHints":{"allow":["GET"]}}],"collection":[{"href":"https:\/\/www.europesays.com\/fr\/wp-json\/wp\/v2\/posts"}],"about":[{"href":"https:\/\/www.europesays.com\/fr\/wp-json\/wp\/v2\/types\/post"}],"author":[{"embeddable":true,"href":"https:\/\/www.europesays.com\/fr\/wp-json\/wp\/v2\/users\/2"}],"replies":[{"embeddable":true,"href":"https:\/\/www.europesays.com\/fr\/wp-json\/wp\/v2\/comments?post=540813"}],"version-history":[{"count":0,"href":"https:\/\/www.europesays.com\/fr\/wp-json\/wp\/v2\/posts\/540813\/revisions"}],"wp:featuredmedia":[{"embeddable":true,"href":"https:\/\/www.europesays.com\/fr\/wp-json\/wp\/v2\/media\/540814"}],"wp:attachment":[{"href":"https:\/\/www.europesays.com\/fr\/wp-json\/wp\/v2\/media?parent=540813"}],"wp:term":[{"taxonomy":"category","embeddable":true,"href":"https:\/\/www.europesays.com\/fr\/wp-json\/wp\/v2\/categories?post=540813"},{"taxonomy":"post_tag","embeddable":true,"href":"https:\/\/www.europesays.com\/fr\/wp-json\/wp\/v2\/tags?post=540813"}],"curies":[{"name":"wp","href":"https:\/\/api.w.org\/{rel}","templated":true}]}}