{"id":540815,"date":"2025-11-17T18:36:16","date_gmt":"2025-11-17T18:36:16","guid":{"rendered":"https:\/\/www.europesays.com\/fr\/540815\/"},"modified":"2025-11-17T18:36:16","modified_gmt":"2025-11-17T18:36:16","slug":"pour-michelle-obama-les-etats-unis-ne-sont-pas-prets-davoir-une-femme-comme-presidente","status":"publish","type":"post","link":"https:\/\/www.europesays.com\/fr\/540815\/","title":{"rendered":"Pour Michelle Obama, Les \u00c9tats-Unis \u00ab\u00a0ne sont pas pr\u00eats\u00a0\u00bb d&rsquo;avoir une femme comme pr\u00e9sidente"},"content":{"rendered":"<p class=\"ap-StoryElement ap-StoryElement--mb ap-StoryText\">Alors que <a href=\"https:\/\/www.lalibre.be\/international\/amerique\/2025\/01\/16\/pourquoi-michelle-obama-sera-t-elle-absente-de-linvestiture-de-donald-trump-son-absence-en-dit-long-VJII554GIZCDDGD6ESCLUP7VFU\/\" target=\"_self\" rel=\"nofollow noopener\">Michelle Obama<\/a> s&rsquo;entretenait avec l&rsquo;actrice Tracee Ellis Ross pour son podcast, le sujet de la pr\u00e9sidence a \u00e9t\u00e9 abord\u00e9. Neuf ans apr\u00e8s la d\u00e9faite d&rsquo;Hillary Clinton et un an apr\u00e8s celle de Kamala Harris, l&rsquo;ancienne premi\u00e8re dame a alors d\u00e9clar\u00e9 que les \u00c9tats-Unis n&rsquo;\u00e9taient pas pr\u00eats \u00e0 avoir une femme pr\u00e9sidente.<\/p>\n<p class=\"ap-StoryElement ap-StoryElement--mb ap-StoryText\">\u00ab\u00a0Comme on l&rsquo;a vu dans la pr\u00e9c\u00e9dente \u00e9lection, malheureusement nous ne sommes pas pr\u00eats, c&rsquo;est pourquoi je dis, ne me parlez m\u00eame pas de me pr\u00e9senter \u00e0 la pr\u00e9sidence, parce que vous mentez tous. Vous n&rsquo;\u00eates pas pr\u00eats pour une femme. Vous ne l&rsquo;\u00eates pas.\u00a0\u00bb<\/p>\n","protected":false},"excerpt":{"rendered":"Alors que Michelle Obama s&rsquo;entretenait avec l&rsquo;actrice Tracee Ellis Ross pour son podcast, le sujet de la pr\u00e9sidence&hellip;\n","protected":false},"author":2,"featured_media":540816,"comment_status":"","ping_status":"","sticky":false,"template":"","format":"standard","meta":{"footnotes":""},"categories":[1589],"tags":[11,11035,65891,73,1866,1227,12,9024,32831,1864,1865,1863,308],"class_list":{"0":"post-540815","1":"post","2":"type-post","3":"status-publish","4":"format-standard","5":"has-post-thumbnail","7":"category-etats-unis","8":"tag-actualites","9":"tag-election","10":"tag-election-and-electoral-campaign","11":"tag-etats-unis","12":"tag-etats-unis-damerique","13":"tag-horizontal","14":"tag-news","15":"tag-politics","16":"tag-presidential-election","17":"tag-united-states","18":"tag-united-states-of-america","19":"tag-us","20":"tag-usa"},"share_on_mastodon":{"url":"https:\/\/pubeurope.com\/@fr\/115566489368082788","error":""},"_links":{"self":[{"href":"https:\/\/www.europesays.com\/fr\/wp-json\/wp\/v2\/posts\/540815","targetHints":{"allow":["GET"]}}],"collection":[{"href":"https:\/\/www.europesays.com\/fr\/wp-json\/wp\/v2\/posts"}],"about":[{"href":"https:\/\/www.europesays.com\/fr\/wp-json\/wp\/v2\/types\/post"}],"author":[{"embeddable":true,"href":"https:\/\/www.europesays.com\/fr\/wp-json\/wp\/v2\/users\/2"}],"replies":[{"embeddable":true,"href":"https:\/\/www.europesays.com\/fr\/wp-json\/wp\/v2\/comments?post=540815"}],"version-history":[{"count":0,"href":"https:\/\/www.europesays.com\/fr\/wp-json\/wp\/v2\/posts\/540815\/revisions"}],"wp:featuredmedia":[{"embeddable":true,"href":"https:\/\/www.europesays.com\/fr\/wp-json\/wp\/v2\/media\/540816"}],"wp:attachment":[{"href":"https:\/\/www.europesays.com\/fr\/wp-json\/wp\/v2\/media?parent=540815"}],"wp:term":[{"taxonomy":"category","embeddable":true,"href":"https:\/\/www.europesays.com\/fr\/wp-json\/wp\/v2\/categories?post=540815"},{"taxonomy":"post_tag","embeddable":true,"href":"https:\/\/www.europesays.com\/fr\/wp-json\/wp\/v2\/tags?post=540815"}],"curies":[{"name":"wp","href":"https:\/\/api.w.org\/{rel}","templated":true}]}}