{"id":540817,"date":"2025-11-17T18:37:25","date_gmt":"2025-11-17T18:37:25","guid":{"rendered":"https:\/\/www.europesays.com\/fr\/540817\/"},"modified":"2025-11-17T18:37:25","modified_gmt":"2025-11-17T18:37:25","slug":"le-gouvernement-precise-ses-mesures","status":"publish","type":"post","link":"https:\/\/www.europesays.com\/fr\/540817\/","title":{"rendered":"le gouvernement pr\u00e9cise ses mesures"},"content":{"rendered":"\n<p class=\"c-chapo \">\n  La ministre de l&rsquo;Int\u00e9rieur britannique, Shabana Mahmood, entend durcir les r\u00e8gles actuelles. Elle est critiqu\u00e9e par certains d\u00e9put\u00e9s du Labour et des d\u00e9fenseurs des droits des r\u00e9fugi\u00e9s.\n<\/p>\n<p>      lire plus tard<\/p>\n<p id=\"dialog__title\" class=\"dialog__title\">Pour sauvegarder cet article, connectez-vous ou cr\u00e9ez un compte franceinfo<\/p>\n<p class=\"dialog__description\">Sans paiement. Sans abonnement.<\/p>\n<p>        Fermer la fen\u00eatre d\u2019activation des notifications France Info<\/p>\n<p>      cr\u00e9er votre compte<\/p>\n<p>      se connecter<\/p>\n<p>        Fermer la fen\u00eatre de pr\u00e9sentation<\/p>\n<p>    <img loading=\"lazy\" decoding=\"async\" class=\"signature__image lazyload\" width=\"100\" height=\"100\" data- alt=\"\" src=\"https:\/\/www.europesays.com\/fr\/wp-content\/uploads\/2025\/05\/64a68815cd1a7_placeholder-36b69ec8.png\"\/><\/p>\n<p>    Publi\u00e9 le 17\/11\/2025 19:10<\/p>\n<p>      Mis \u00e0 jour le 17\/11\/2025 19:29<\/p>\n<p>        Temps de lecture : 2min<\/p>\n<p>    <img decoding=\"async\"  alt=\"Devant le Parlement, \u00e0 Londres, la ministre de l'Int\u00e9rieur britannique, Shabana Mahmood, s'exprime sur un r\u00e9forme du droit d'asile au Royaume-Uni, le 17 novembre 2025. (PRU)\" width=\"432\" height=\"243\" src=\"https:\/\/www.europesays.com\/fr\/wp-content\/uploads\/2025\/11\/000-84b38lc-691b643f079f5485287950.jpg\" fetchpriority=\"high\"\/><\/p>\n<p>      Devant le Parlement, \u00e0 Londres, la ministre de l&rsquo;Int\u00e9rieur britannique, Shabana Mahmood, s&rsquo;exprime sur un r\u00e9forme du droit d&rsquo;asile au Royaume-Uni, le 17 novembre 2025. (PRU)<\/p>\n<p>Le gouvernement travailliste britannique a pr\u00e9sent\u00e9, lundi 17 novembre, une r\u00e9forme pour durcir sa politique d&rsquo;asile et d&rsquo;immigration, esp\u00e9rant d\u00e9courager les arriv\u00e9es irr\u00e9guli\u00e8res de migrants sur de petits bateaux qu&rsquo;il peine \u00e0 endiguer et qui alimentent la mont\u00e9e de l&rsquo;extr\u00eame droite. Ces mesures sont d\u00e9fendues par la ministre de l&rsquo;Int\u00e9rieur Shabana Mahmood, critiqu\u00e9e par certains d\u00e9put\u00e9s du Labour et des d\u00e9fenseurs des droits des r\u00e9fugi\u00e9s, <a href=\"https:\/\/www.franceinfo.fr\/monde\/royaume-uni\/face-a-la-montee-de-l-extreme-droite-londres-annonce-une-vaste-reforme-pour-dissuader-les-migrants_7619738.html\" rel=\"nofollow noopener\" target=\"_blank\">qui avait d\u00e9j\u00e0 annonc\u00e9 samedi les deux changements majeurs de cette r\u00e9forme<\/a>.<\/p>\n<p>Premi\u00e8rement, le statut de r\u00e9fugi\u00e9 va devenir temporaire. Leur situation sera r\u00e9examin\u00e9e tous les 30\u00a0mois. Ceux qui ont fui la menace d&rsquo;un r\u00e9gime pourront \u00eatre renvoy\u00e9s dans leur pays d&rsquo;origine en cas de changement de r\u00e9gime, explique le gouvernement. Les r\u00e9fugi\u00e9s devront attendre vingt ans, contre cinq actuellement, pour demander un titre de r\u00e9sidence permanente, une mesure largement inspir\u00e9e du mod\u00e8le danois. Le gouvernement veut aussi pouvoir renvoyer plus facilement les familles quand \u00ab\u00a0elles viennent d&rsquo;un pays d&rsquo;origine s\u00fbr\u00a0\u00bb.<\/p>\n<p>Shabana Mahmood pr\u00e9voit \u00e9galement de supprimer le soutien financier automatique de l&rsquo;Etat aux demandeurs d&rsquo;asile, allou\u00e9 \u00e0 plus de 106 000\u00a0personnes en mars 2025. Les aides sociales seront aussi supprim\u00e9es \u00ab\u00a0pour ceux qui ont le droit de travailler et qui peuvent subvenir \u00e0 leurs besoins\u00a0\u00bb mais ne le font pas, ou encore pour les personnes condamn\u00e9es.<\/p>\n<p>Le gouvernement travailliste n&rsquo;a pas d\u00e9menti une information du tablo\u00efd The Sun, selon laquelle il envisage de puiser dans les ressources (argents, biens) des personnes demandant l&rsquo;asile pour financer leur h\u00e9bergement. \u00ab\u00a0Il est normal que les personnes poss\u00e9dant des biens contribuent \u00e0 leur prise en charge\u00a0\u00bb, a d\u00e9clar\u00e9 le secr\u00e9taire d&rsquo;Etat \u00e0 l&rsquo;immigration, Alex Norris, sur Times radio.<\/p>\n<p>Autre mesure annonc\u00e9e\u00a0: le gouvernement souhaite modifier l&rsquo;application au Royaume-Uni de la Convention europ\u00e9enne des droits de l&rsquo;homme (CEDH) pour faciliter les expulsions. Shabana Mahmood compte par exemple r\u00e9duire le champ de son article\u00a08 sur le droit au respect de la vie priv\u00e9e et familiale.\u00a0<\/p>\n<p>Enfin, le gouvernement menace de restreindre l&rsquo;octroi de visas \u00e0 l&rsquo;Angola, la Namibie et la RDC, qu&rsquo;il accuse de ne pas coop\u00e9rer suffisamment pour r\u00e9admettre leurs ressortissants en situation irr\u00e9guli\u00e8re. Ils ont \u00ab\u00a0un mois\u00a0\u00bb pour am\u00e9liorer les choses, a pr\u00e9venu lundi Alex Norris, sur la cha\u00eene Sky News.<\/p>\n","protected":false},"excerpt":{"rendered":"La ministre de l&rsquo;Int\u00e9rieur britannique, Shabana Mahmood, entend durcir les r\u00e8gles actuelles. Elle est critiqu\u00e9e par certains d\u00e9put\u00e9s&hellip;\n","protected":false},"author":2,"featured_media":540818,"comment_status":"","ping_status":"","sticky":false,"template":"","format":"standard","meta":{"footnotes":""},"categories":[1588],"tags":[11,1777,674,12,473,1853,1851,1850,1852],"class_list":{"0":"post-540817","1":"post","2":"type-post","3":"status-publish","4":"format-standard","5":"has-post-thumbnail","7":"category-royaume-uni","8":"tag-actualites","9":"tag-eu","10":"tag-europe","11":"tag-news","12":"tag-royaume-uni","13":"tag-royaume-uni-de-grande-bretagne-et-dirlande-du-nord","14":"tag-uk","15":"tag-united-kingdom","16":"tag-united-kingdom-of-great-britain-and-northern-ireland"},"share_on_mastodon":{"url":"https:\/\/pubeurope.com\/@fr\/115566493498086461","error":""},"_links":{"self":[{"href":"https:\/\/www.europesays.com\/fr\/wp-json\/wp\/v2\/posts\/540817","targetHints":{"allow":["GET"]}}],"collection":[{"href":"https:\/\/www.europesays.com\/fr\/wp-json\/wp\/v2\/posts"}],"about":[{"href":"https:\/\/www.europesays.com\/fr\/wp-json\/wp\/v2\/types\/post"}],"author":[{"embeddable":true,"href":"https:\/\/www.europesays.com\/fr\/wp-json\/wp\/v2\/users\/2"}],"replies":[{"embeddable":true,"href":"https:\/\/www.europesays.com\/fr\/wp-json\/wp\/v2\/comments?post=540817"}],"version-history":[{"count":0,"href":"https:\/\/www.europesays.com\/fr\/wp-json\/wp\/v2\/posts\/540817\/revisions"}],"wp:featuredmedia":[{"embeddable":true,"href":"https:\/\/www.europesays.com\/fr\/wp-json\/wp\/v2\/media\/540818"}],"wp:attachment":[{"href":"https:\/\/www.europesays.com\/fr\/wp-json\/wp\/v2\/media?parent=540817"}],"wp:term":[{"taxonomy":"category","embeddable":true,"href":"https:\/\/www.europesays.com\/fr\/wp-json\/wp\/v2\/categories?post=540817"},{"taxonomy":"post_tag","embeddable":true,"href":"https:\/\/www.europesays.com\/fr\/wp-json\/wp\/v2\/tags?post=540817"}],"curies":[{"name":"wp","href":"https:\/\/api.w.org\/{rel}","templated":true}]}}