{"id":540819,"date":"2025-11-17T18:38:14","date_gmt":"2025-11-17T18:38:14","guid":{"rendered":"https:\/\/www.europesays.com\/fr\/540819\/"},"modified":"2025-11-17T18:38:14","modified_gmt":"2025-11-17T18:38:14","slug":"lallemagne-va-reprendre-ses-exportations-darmes-vers-israel","status":"publish","type":"post","link":"https:\/\/www.europesays.com\/fr\/540819\/","title":{"rendered":"L&rsquo;Allemagne va reprendre ses exportations d&rsquo;armes vers Isra\u00ebl"},"content":{"rendered":"<p>\u00abEn mission\u00bb \u00e0 Bilbao, l\u2019entra\u00eeneur Ehab Abu Jazar et les footballeurs palestiniens, symboles d\u2019un sport d\u00e9vast\u00e9 par deux ans de conflit, joueront samedi un match symbolique contre l\u2019\u00e9quipe du Pays basque, le premier en Europe pour leur formation, avec l\u2019espoir d\u2019\u0153uvrer pour la paix.<\/p>\n<p>Sur l\u2019un des terrains pr\u00eat\u00e9s gratuitement par le club basque de l&rsquo;Athletic Bilbao, il tente de pr\u00e9parer au mieux ses joueurs pour la rencontre qui devrait avoir lieu sur la pelouse de San Mam\u00e9s devant 50 000 spectateurs. Tous seront acquis \u00e0 la cause palestinienne, tr\u00e8s populaire dans la r\u00e9gion, o\u00f9 des manifestations avaient notamment perturb\u00e9 le Tour d\u2019Espagne cycliste il y a quelques semaines.<\/p>\n<p>Contrairement \u00e0 leur coach, la plupart des joueurs s\u00e9lectionn\u00e9s n\u2019ont jamais mis les pieds \u00e0 Gaza. Ils jouent au Qatar, au Chili, en Islande, ou aux \u00c9tats-Unis. Mais ils sont les derniers repr\u00e9sentants du football palestinien, d\u00e9vast\u00e9 par deux ans de bombardements isra\u00e9liens, d\u00e9clench\u00e9s apr\u00e8s les attaques sanglantes perp\u00e9tr\u00e9es par le Hamas en Isra\u00ebl le 7 octobre 2023.<\/p>\n<p><img loading=\"lazy\" decoding=\"async\" src=\"https:\/\/www.europesays.com\/fr\/wp-content\/uploads\/2025\/11\/034d446a-8681-47ae-91f1-f3625ec09fa4.jpg\" alt=\"Les footballeurs palestiniens, symboles d\u2019un sport d\u00e9vast\u00e9 par deux ans de conflit, joueront samedi un match symbolique contre l\u2019\u00e9quipe du Pays basque, le premier en Europe pour leur formation.\" title=\"Les footballeurs palestiniens, symboles d\u2019un sport d\u00e9vast\u00e9 par deux ans de conflit, joueront samedi un match symbolique contre l\u2019\u00e9quipe du Pays basque, le premier en Europe pour leur formation.\"  width=\"996\" height=\"536\"\/><\/p>\n<p>Les footballeurs palestiniens, symboles d\u2019un sport d\u00e9vast\u00e9 par deux ans de conflit, joueront samedi un match symbolique contre l\u2019\u00e9quipe du Pays basque, le premier en Europe pour leur formation.<\/p>\n<p>AFP<\/p>\n","protected":false},"excerpt":{"rendered":"\u00abEn mission\u00bb \u00e0 Bilbao, l\u2019entra\u00eeneur Ehab Abu Jazar et les footballeurs palestiniens, symboles d\u2019un sport d\u00e9vast\u00e9 par deux&hellip;\n","protected":false},"author":2,"featured_media":540820,"comment_status":"","ping_status":"","sticky":false,"template":"","format":"standard","meta":{"footnotes":""},"categories":[1587],"tags":[11,672,1804,1805,1803,1777,674,1801,12,1802],"class_list":{"0":"post-540819","1":"post","2":"type-post","3":"status-publish","4":"format-standard","5":"has-post-thumbnail","7":"category-allemagne","8":"tag-actualites","9":"tag-allemagne","10":"tag-bundesrepublik-deutschland","11":"tag-de","12":"tag-deutschland","13":"tag-eu","14":"tag-europe","15":"tag-germany","16":"tag-news","17":"tag-republique-federale-dallemagne"},"share_on_mastodon":{"url":"https:\/\/pubeurope.com\/@fr\/115566497328832507","error":""},"_links":{"self":[{"href":"https:\/\/www.europesays.com\/fr\/wp-json\/wp\/v2\/posts\/540819","targetHints":{"allow":["GET"]}}],"collection":[{"href":"https:\/\/www.europesays.com\/fr\/wp-json\/wp\/v2\/posts"}],"about":[{"href":"https:\/\/www.europesays.com\/fr\/wp-json\/wp\/v2\/types\/post"}],"author":[{"embeddable":true,"href":"https:\/\/www.europesays.com\/fr\/wp-json\/wp\/v2\/users\/2"}],"replies":[{"embeddable":true,"href":"https:\/\/www.europesays.com\/fr\/wp-json\/wp\/v2\/comments?post=540819"}],"version-history":[{"count":0,"href":"https:\/\/www.europesays.com\/fr\/wp-json\/wp\/v2\/posts\/540819\/revisions"}],"wp:featuredmedia":[{"embeddable":true,"href":"https:\/\/www.europesays.com\/fr\/wp-json\/wp\/v2\/media\/540820"}],"wp:attachment":[{"href":"https:\/\/www.europesays.com\/fr\/wp-json\/wp\/v2\/media?parent=540819"}],"wp:term":[{"taxonomy":"category","embeddable":true,"href":"https:\/\/www.europesays.com\/fr\/wp-json\/wp\/v2\/categories?post=540819"},{"taxonomy":"post_tag","embeddable":true,"href":"https:\/\/www.europesays.com\/fr\/wp-json\/wp\/v2\/tags?post=540819"}],"curies":[{"name":"wp","href":"https:\/\/api.w.org\/{rel}","templated":true}]}}