{"id":540821,"date":"2025-11-17T18:39:20","date_gmt":"2025-11-17T18:39:20","guid":{"rendered":"https:\/\/www.europesays.com\/fr\/540821\/"},"modified":"2025-11-17T18:39:20","modified_gmt":"2025-11-17T18:39:20","slug":"en-france-et-en-europe-la-dependance-aux-fossiles-menace-le-climat-mais-aussi-la-souverainete","status":"publish","type":"post","link":"https:\/\/www.europesays.com\/fr\/540821\/","title":{"rendered":"En France et en Europe, la d\u00e9pendance aux fossiles menace le climat&#8230; mais aussi la souverainet\u00e9"},"content":{"rendered":"<p>Les pronucl\u00e9aires aiment \u00e0 le rappeler (et \u00e0 raison): la majorit\u00e9 de l&rsquo;\u00e9lectricit\u00e9 fran\u00e7aise est d\u00e9carbon\u00e9e, en raison de la pr\u00e9pond\u00e9rance du nucl\u00e9aire dans sa production. Mais se limiter \u00e0 ce constat revient \u00e0 regarder par le petit bout de la lorgnette. Cela masque en effet la quantit\u00e9 d&rsquo;\u00e9nergies fosssiles que nous utilisons pour nous chauffer, nous d\u00e9placer, mais aussi pour consommer des biens et services. Dans un rapport r\u00e9cent, le <a href=\"https:\/\/theshiftproject.org\/publications\/souverainete-decarbonation-france-exposition-energie\/\" target=\"_blank\" rel=\"noopener\">Shift Project<\/a> propose une autre approche: l&rsquo;exposition \u00e9nerg\u00e9tique.<\/p>\n<p>\u00ab\u00a0Les activit\u00e9s des entreprises et les modes de vie en France n\u00e9cessitent \u00e0 la fois de l\u2019\u00e9nergie sur le territoire (dans nos b\u00e2timents, nos v\u00e9hicules, nos usines\u2026) et en dehors du territoire (production de biens et services import\u00e9s, transport de marchandises\u2026), explique le think-tank. L\u2019exposition \u00e9nerg\u00e9tique de la France inclut l\u2019\u00e9nergie consomm\u00e9e sur le territoire, celle associ\u00e9e \u00e0 nos importations de biens et de services et celle contenue dans nos propres exportations.\u00a0\u00bb<\/p>\n<p>D\u00e9pendances am\u00e9ricaines et africaines<\/p>\n<p>Cette exposition \u00e9nerg\u00e9tique de la France repr\u00e9sentait, en 2022, 2 550 TWh, soit une quantit\u00e9 d&rsquo;\u00e9nergie 5 fois sup\u00e9rieure \u00e0 celle produite sur le territoire fran\u00e7ais. Elle se compose \u00e0 70% d&rsquo;\u00e9nergies fossiles, ce qui expose le pays \u00e0 plusieurs risques, tels que les p\u00e9nuries d&rsquo;approvisionnement en \u00e9nergies fossiles, les d\u00e9pendances industrielles, ou encore les tensions g\u00e9opolitiques.<\/p>\n<p>Les routes \u00e9nerg\u00e9tiques ont en effet connu de nombreux bouleversements: autrefois principal fournisseur de gaz et de p\u00e9trole de la France et de l&rsquo;Europe, la Russie a \u00e9t\u00e9 \u00e9vinc\u00e9e du march\u00e9 depuis son invasion totale de l&rsquo;Ukraine en f\u00e9vrier 2022. Les exportations de p\u00e9trole et de gaz du Moyen-Orient vers la France et l&rsquo;Europe ont \u00e9galement diminu\u00e9.<\/p>\n<p>C\u00f4t\u00e9 m\u00e9thane, ce sont les Etats-Unis qui ont pris le relais comme premier fournisseur de l&rsquo;UE, gr\u00e2ce au gaz de schiste export\u00e9 sous forme de <a href=\"https:\/\/www.geo.fr\/geopolitique\/gnl-au-nord-du-mozambique-le-projet-tres-risque-a-20-milliards-de-dollars-de-totalenergies-226684\" target=\"_blank\" rel=\"noopener\">GNL<\/a>, et dans une moindre mesure les pays europ\u00e9ens. C\u00f4t\u00e9 p\u00e9trole, ce sont les pays africains qui ont augment\u00e9 leur production.<\/p>\n<p>Risques multiples<\/p>\n<p>Les importations de biens et de services induisent surtout, quant \u00e0 elles, une d\u00e9pendance vis-\u00e0-vis de l&rsquo;Asie et notamment de la Chine, en quasi-monopole notamment sur les mati\u00e8res critiques (terres rares, silicium) et mat\u00e9riels (panneaux solaires, batteries, \u00e9lectrolyseurs), indispensables \u00e0 la transition \u00e9nerg\u00e9tique.<\/p>\n<p>\u00ab\u00a07 des 10 principaux fournisseurs de p\u00e9trole de la France risquent de voir leur production fortement d\u00e9cliner d\u2019ici \u00e0 2050, alerte le Shift Project. L&rsquo;\u00e9cart croissant entre la production et la consommation de p\u00e9trole pourrait exacerber les tensions autour des approvisionnements \u00e0 l&rsquo;\u00e9chelle mondiale. Plus de la moiti\u00e9 de la production mondiale de gaz naturel est concentr\u00e9e aux Etats-Unis, en Russie et au Moyen-Orient. D\u2019ici \u00e0 2050, ce monopole pourrait s\u2019accentuer davantage.\u00a0\u00bb<\/p>\n<p>Pour rompre ces d\u00e9pendances, le think-tank propose plusieurs pistes: planifier la d\u00e9carbonation et r\u00e9industrialiser \u00e0 l\u2019\u00e9chelle fran\u00e7aise et europ\u00e9enne, \u00e9lectrifier les usages et planifier la sortie des infrastructures fossiles, soutenir toutes les fili\u00e8res d\u2019\u00e9nergie bas-carbone, arbitrer et r\u00e9duire la demande en \u00e9nergie via l&rsquo;efficacit\u00e9 et la sobri\u00e9t\u00e9, et enfin adresser la souverainet\u00e9 \u00e9nerg\u00e9tique de mani\u00e8re compl\u00e8te et \u00e9clairer le d\u00e9bat public. Vaste entreprise.<\/p>\n","protected":false},"excerpt":{"rendered":"Les pronucl\u00e9aires aiment \u00e0 le rappeler (et \u00e0 raison): la majorit\u00e9 de l&rsquo;\u00e9lectricit\u00e9 fran\u00e7aise est d\u00e9carbon\u00e9e, en raison&hellip;\n","protected":false},"author":2,"featured_media":540822,"comment_status":"","ping_status":"","sticky":false,"template":"","format":"standard","meta":{"footnotes":""},"categories":[1586],"tags":[11,1129,1777,674,1011,27,843,12,5821,25,8904,65892],"class_list":{"0":"post-540821","1":"post","2":"type-post","3":"status-publish","4":"format-standard","5":"has-post-thumbnail","7":"category-europe","8":"tag-actualites","9":"tag-climat","10":"tag-eu","11":"tag-europe","12":"tag-fr","13":"tag-france","14":"tag-gaz","15":"tag-news","16":"tag-pu00e9trole","17":"tag-republique-francaise","18":"tag-u00e9nergie","19":"tag-u00e9nergie-renouvelable"},"share_on_mastodon":{"url":"https:\/\/pubeurope.com\/@fr\/115566501161124923","error":""},"_links":{"self":[{"href":"https:\/\/www.europesays.com\/fr\/wp-json\/wp\/v2\/posts\/540821","targetHints":{"allow":["GET"]}}],"collection":[{"href":"https:\/\/www.europesays.com\/fr\/wp-json\/wp\/v2\/posts"}],"about":[{"href":"https:\/\/www.europesays.com\/fr\/wp-json\/wp\/v2\/types\/post"}],"author":[{"embeddable":true,"href":"https:\/\/www.europesays.com\/fr\/wp-json\/wp\/v2\/users\/2"}],"replies":[{"embeddable":true,"href":"https:\/\/www.europesays.com\/fr\/wp-json\/wp\/v2\/comments?post=540821"}],"version-history":[{"count":0,"href":"https:\/\/www.europesays.com\/fr\/wp-json\/wp\/v2\/posts\/540821\/revisions"}],"wp:featuredmedia":[{"embeddable":true,"href":"https:\/\/www.europesays.com\/fr\/wp-json\/wp\/v2\/media\/540822"}],"wp:attachment":[{"href":"https:\/\/www.europesays.com\/fr\/wp-json\/wp\/v2\/media?parent=540821"}],"wp:term":[{"taxonomy":"category","embeddable":true,"href":"https:\/\/www.europesays.com\/fr\/wp-json\/wp\/v2\/categories?post=540821"},{"taxonomy":"post_tag","embeddable":true,"href":"https:\/\/www.europesays.com\/fr\/wp-json\/wp\/v2\/tags?post=540821"}],"curies":[{"name":"wp","href":"https:\/\/api.w.org\/{rel}","templated":true}]}}